{"id":383210,"date":"2021-09-27T13:08:33","date_gmt":"2021-09-27T10:08:33","guid":{"rendered":"http:\/\/arantv.az\/?p=383210"},"modified":"2021-09-27T13:08:33","modified_gmt":"2021-09-27T10:08:33","slug":"susa-fatehi-tural-%c9%99s%c9%99dovun-doyus-yolu-video","status":"publish","type":"post","link":"https:\/\/arantv.az\/?p=383210","title":{"rendered":"\u015eu\u015fa fatehi Tural \u018fs\u0259dovun d\u00f6y\u00fc\u015f yolu &#8211; V\u0130DEO"},"content":{"rendered":"<div class=\"article_text\">\n<blockquote><p><strong>O, \u015eu\u015fan\u0131n azad olunmas\u0131n\u0131 qeyd etdikd\u0259n sonra \u015f\u0259had\u0259t\u0259 qovu\u015fub<\/strong><\/p><\/blockquote>\n<p>M\u00fcz\u0259ff\u0259r Ordumuzun V\u0259t\u0259n m\u00fcharib\u0259sind\u0259 q\u0259hr\u0259mancas\u0131na d\u00f6y\u00fc\u015f\u0259r\u0259k \u015f\u0259had\u0259t\u0259 y\u00fcks\u0259l\u0259n h\u0259rb\u00e7il\u0259rind\u0259n biri d\u0259\u00a0\u018fs\u0259dov Tural\u00a0S\u0259rvan o\u011fludur. 1990-c\u0131 ild\u0259 Beyl\u0259qan rayonunda anadan olan Tural orta t\u0259hsilini bitirdikd\u0259n sonra 2008-ci ild\u0259 h\u0259rbi xidm\u0259t\u0259 yollan\u0131b.<\/p>\n<p><strong>ARANTV.AZ<\/strong>\u00a0 Real TV-y\u0259 istinad\u0259n bildirir ki, V\u0259t\u0259n m\u00fcharib\u0259si ba\u015flayan g\u00fcnd\u0259n yenid\u0259n ordu s\u0131ralar\u0131na qay\u0131dan Tural \u018fs\u0259dov i\u015f\u011falda olan torpaqlar\u0131m\u0131z\u0131n azad olunmas\u0131nda sonad\u0259k c\u0259sar\u0259tl\u0259 vuru\u015fub. \u015e\u0259had\u0259tind\u0259n \u0259vv\u0259l ail\u0259sin\u0259 b\u00f6y\u00fck sevincl\u0259 \u015eu\u015fan\u0131n azad edilm\u0259si x\u0259b\u0259rini \u00e7atd\u0131r\u0131b.<\/p>\n<p>H\u0259yat yolda\u015f\u0131 deyir, V\u0259t\u0259n m\u00fcharib\u0259si ba\u015flayan g\u00fcnl\u0259rd\u0259 s\u0259hh\u0259tind\u0259 ciddi problem olmas\u0131na baxmayaraq Tural v\u0259t\u0259nin haray\u0131na \u00e7atma\u011fa can at\u0131b. \u00d6z a\u011fr\u0131lar\u0131n\u0131 unudub c\u0259sar\u0259tl\u0259 torpaqlar\u0131m\u0131z\u0131n d\u00fc\u015fm\u0259n tapda\u011f\u0131ndan t\u0259mizl\u0259nm\u0259si u\u011frunda sava\u015fa qat\u0131l\u0131b.<\/p>\n<p>Turaldan ail\u0259sin\u0259 v\u0259 v\u0259t\u0259nin\u0259 2 q\u0131z \u00f6vlad\u0131 yadigar qal\u0131b.\u00a0Turan\u0259\u00a0v\u0259\u00a0Fatim\u0259\u00a0indi \u015f\u0259hid \u00f6vladlar\u0131 olduqlar\u0131 \u00fc\u00e7\u00fcn q\u00fcrur duyur<\/p>\n<p>Qeyd ed\u0259k ki, v\u0259t\u0259n torpaqlar\u0131n\u0131n azad edilm\u0259sind\u0259 g\u00f6st\u0259rdiyi \u015f\u00fcca\u0259t v\u0259 q\u0259hr\u0259manl\u0131\u011fa g\u00f6r\u0259 Tural \u018fs\u0259dov Prezidentin s\u0259r\u0259ncam\u0131 il\u0259 &#8220;V\u0259t\u0259n u\u011frunda&#8221;, &#8220;Qubadl\u0131n\u0131n v\u0259 \u015eu\u015fan\u0131n azad edilm\u0259sin\u0259 g\u00f6r\u0259&#8221; medallar\u0131 il\u0259 t\u0259ltif edilib. Qan\u0131 il\u0259 torpa\u011f\u0131 V\u0259t\u0259n\u0259 \u00e7evir\u0259n q\u0259hr\u0259manlar \u0259b\u0259di olaraq ya\u015fay\u0131r. Tural da zaman ke\u00e7ib ill\u0259r \u00f6ts\u0259 bel\u0259 h\u0259r bir az\u0259rbaycanl\u0131n\u0131n q\u0259lbind\u0259 daim ya\u015fayacaq.<\/p>\n<p>&nbsp;<\/p>\n<p><iframe loading=\"lazy\" src=\"https:\/\/daytube.az\/embed\/115245\" width=\"670\" height=\"400\" frameborder=\"0\" allowfullscreen=\"allowfullscreen\" data-mce-fragment=\"1\"><\/iframe><\/p>\n<\/div>\n<div class=\"social-banner\"><\/div>\n","protected":false},"excerpt":{"rendered":"<p>O, \u015eu\u015fan\u0131n azad olunmas\u0131n\u0131 qeyd etdikd\u0259n sonra \u015f\u0259had\u0259t\u0259 qovu\u015fub M\u00fcz\u0259ff\u0259r Ordumuzun V\u0259t\u0259n m\u00fcharib\u0259sind\u0259 q\u0259hr\u0259mancas\u0131na d\u00f6y\u00fc\u015f\u0259r\u0259k \u015f\u0259had\u0259t\u0259 y\u00fcks\u0259l\u0259n h\u0259rb\u00e7il\u0259rind\u0259n biri d\u0259\u00a0\u018fs\u0259dov Tural\u00a0S\u0259rvan o\u011fludur. 1990-c\u0131 ild\u0259 Beyl\u0259qan rayonunda anadan olan Tural orta t\u0259hsilini bitirdikd\u0259n sonra 2008-ci ild\u0259 h\u0259rbi xidm\u0259t\u0259 yollan\u0131b. ARANTV.AZ\u00a0 Real TV-y\u0259 istinad\u0259n bildirir ki, V\u0259t\u0259n m\u00fcharib\u0259si ba\u015flayan g\u00fcnd\u0259n yenid\u0259n ordu s\u0131ralar\u0131na qay\u0131dan Tural \u018fs\u0259dov i\u015f\u011falda olan torpaqlar\u0131m\u0131z\u0131n azad olunmas\u0131nda sonad\u0259k c\u0259sar\u0259tl\u0259 vuru\u015fub. \u015e\u0259had\u0259tind\u0259n \u0259vv\u0259l ail\u0259sin\u0259 b\u00f6y\u00fck sevincl\u0259 \u015eu\u015fan\u0131n azad edilm\u0259si x\u0259b\u0259rini \u00e7atd\u0131r\u0131b. H\u0259yat yolda\u015f\u0131 deyir, V\u0259t\u0259n m\u00fcharib\u0259si ba\u015flayan g\u00fcnl\u0259rd\u0259 s\u0259hh\u0259tind\u0259 ciddi problem olmas\u0131na baxmayaraq Tural v\u0259t\u0259nin haray\u0131na \u00e7atma\u011fa can at\u0131b.&hellip;<\/p>\n","protected":false},"author":2,"featured_media":383211,"comment_status":"closed","ping_status":"closed","sticky":false,"template":"","format":"standard","meta":{"om_disable_all_campaigns":false,"_monsterinsights_skip_tracking":false,"_monsterinsights_sitenote_active":false,"_monsterinsights_sitenote_note":"","_monsterinsights_sitenote_category":0},"categories":[26],"tags":[],"aioseo_notices":[],"gutentor_comment":0,"rttpg_featured_image_url":{"full":["https:\/\/arantv.az\/wp-content\/uploads\/2021\/09\/982898.jpg",800,600,false],"landscape":["https:\/\/arantv.az\/wp-content\/uploads\/2021\/09\/982898.jpg",800,600,false],"portraits":["https:\/\/arantv.az\/wp-content\/uploads\/2021\/09\/982898.jpg",800,600,false],"thumbnail":["https:\/\/arantv.az\/wp-content\/uploads\/2021\/09\/982898-500x280.jpg",500,280,true],"medium":["https:\/\/arantv.az\/wp-content\/uploads\/2021\/09\/982898-487x365.jpg",487,365,true],"large":["https:\/\/arantv.az\/wp-content\/uploads\/2021\/09\/982898.jpg",640,480,false],"1536x1536":["https:\/\/arantv.az\/wp-content\/uploads\/2021\/09\/982898.jpg",800,600,false],"2048x2048":["https:\/\/arantv.az\/wp-content\/uploads\/2021\/09\/982898.jpg",800,600,false],"post-thumbnail":["https:\/\/arantv.az\/wp-content\/uploads\/2021\/09\/982898-240x172.jpg",240,172,true],"advps-thumb-one":["https:\/\/arantv.az\/wp-content\/uploads\/2021\/09\/982898.jpg",800,600,false]},"rttpg_author":{"display_name":"V\u00fcsal Rafiqo\u011flu","author_link":"https:\/\/arantv.az\/?author=2"},"rttpg_comment":0,"rttpg_category":"<a href=\"https:\/\/arantv.az\/?cat=26\" rel=\"category\">Sosial<\/a>","rttpg_excerpt":"O, \u015eu\u015fan\u0131n azad olunmas\u0131n\u0131 qeyd etdikd\u0259n sonra \u015f\u0259had\u0259t\u0259 qovu\u015fub M\u00fcz\u0259ff\u0259r Ordumuzun V\u0259t\u0259n m\u00fcharib\u0259sind\u0259 q\u0259hr\u0259mancas\u0131na d\u00f6y\u00fc\u015f\u0259r\u0259k \u015f\u0259had\u0259t\u0259 y\u00fcks\u0259l\u0259n h\u0259rb\u00e7il\u0259rind\u0259n biri d\u0259\u00a0\u018fs\u0259dov Tural\u00a0S\u0259rvan o\u011fludur. 1990-c\u0131 ild\u0259 Beyl\u0259qan rayonunda anadan olan Tural orta t\u0259hsilini bitirdikd\u0259n sonra 2008-ci ild\u0259 h\u0259rbi xidm\u0259t\u0259 yollan\u0131b. ARANTV.AZ\u00a0 Real TV-y\u0259 istinad\u0259n bildirir ki, V\u0259t\u0259n m\u00fcharib\u0259si ba\u015flayan g\u00fcnd\u0259n yenid\u0259n ordu s\u0131ralar\u0131na qay\u0131dan Tural \u018fs\u0259dov i\u015f\u011falda&hellip;","_links":{"self":[{"href":"https:\/\/arantv.az\/index.php?rest_route=\/wp\/v2\/posts\/383210"}],"collection":[{"href":"https:\/\/arantv.az\/index.php?rest_route=\/wp\/v2\/posts"}],"about":[{"href":"https:\/\/arantv.az\/index.php?rest_route=\/wp\/v2\/types\/post"}],"author":[{"embeddable":true,"href":"https:\/\/arantv.az\/index.php?rest_route=\/wp\/v2\/users\/2"}],"replies":[{"embeddable":true,"href":"https:\/\/arantv.az\/index.php?rest_route=%2Fwp%2Fv2%2Fcomments&post=383210"}],"version-history":[{"count":0,"href":"https:\/\/arantv.az\/index.php?rest_route=\/wp\/v2\/posts\/383210\/revisions"}],"wp:featuredmedia":[{"embeddable":true,"href":"https:\/\/arantv.az\/index.php?rest_route=\/wp\/v2\/media\/383211"}],"wp:attachment":[{"href":"https:\/\/arantv.az\/index.php?rest_route=%2Fwp%2Fv2%2Fmedia&parent=383210"}],"wp:term":[{"taxonomy":"category","embeddable":true,"href":"https:\/\/arantv.az\/index.php?rest_route=%2Fwp%2Fv2%2Fcategories&post=383210"},{"taxonomy":"post_tag","embeddable":true,"href":"https:\/\/arantv.az\/index.php?rest_route=%2Fwp%2Fv2%2Ftags&post=383210"}],"curies":[{"name":"wp","href":"https:\/\/api.w.org\/{rel}","templated":true}]}}