{"id":383222,"date":"2021-09-27T13:27:21","date_gmt":"2021-09-27T10:27:21","guid":{"rendered":"http:\/\/arantv.az\/?p=383222"},"modified":"2021-09-27T13:27:21","modified_gmt":"2021-09-27T10:27:21","slug":"bakida-v%c9%99t%c9%99n-muharib%c9%99si-memorial-kompleksinin-v%c9%99-z%c9%99f%c9%99r-muzeyinin-t%c9%99m%c9%99li-qoyuldu","status":"publish","type":"post","link":"https:\/\/arantv.az\/?p=383222","title":{"rendered":"Bak\u0131da V\u0259t\u0259n M\u00fcharib\u0259si Memorial Kompleksinin v\u0259 Z\u0259f\u0259r Muzeyinin t\u0259m\u0259li qoyuldu"},"content":{"rendered":"<p><strong>V\u0259t\u0259n m\u00fcharib\u0259si zaman\u0131 Az\u0259rbaycan\u0131n \u0259razi b\u00fct\u00f6vl\u00fcy\u00fc u\u011frunda d\u00f6y\u00fc\u015fl\u0259rd\u0259 h\u0259lak olmu\u015f \u0259sg\u0259r v\u0259 zabitl\u0259rimiz\u0259, q\u0259tl\u0259 yetiril\u0259n m\u00fclki v\u0259t\u0259nda\u015flara v\u0259 itkin d\u00fc\u015fm\u00fc\u015f soyda\u015flar\u0131m\u0131za ehtiram \u0259lam\u0259ti olaraq sentyabr\u0131n 27-d\u0259 &#8211; An\u0131m G\u00fcn\u00fcnd\u0259 Bak\u0131 \u015f\u0259h\u0259rind\u0259 y\u00fcr\u00fc\u015f t\u0259\u015fkil edilib.<\/strong><\/p>\n<p><b>ARANTV.AZ <\/b>x\u0259b\u0259r verir ki, M\u00fcz\u0259ff\u0259r Ba\u015f Komandan, Prezident \u0130lham \u018fliyev, birinci xan\u0131m Mehriban \u018fliyeva i\u015ftirak edibl\u0259r.<\/p>\n<div id=\"AdviadNativeVideo0\" class=\"AdviadNativeVideo\"><\/div>\n<p>Sonra d\u00f6vl\u0259t ba\u015f\u00e7\u0131s\u0131 V\u0259t\u0259n M\u00fcharib\u0259si Memorial Kompleksinin v\u0259 Z\u0259f\u0259r Muzeyinin t\u0259m\u0259lini qoyub.<\/p>\n<p>Prezident \u0130lham \u018fliyev v\u0259 birinci xan\u0131m Mehriban \u018fliyeva F\u0259xri xiyabanda ulu \u00f6nd\u0259r Heyd\u0259r \u018fliyevin m\u0259zar\u0131n\u0131 ziyar\u0259t edibl\u0259r.<\/p>\n","protected":false},"excerpt":{"rendered":"<p>V\u0259t\u0259n m\u00fcharib\u0259si zaman\u0131 Az\u0259rbaycan\u0131n \u0259razi b\u00fct\u00f6vl\u00fcy\u00fc u\u011frunda d\u00f6y\u00fc\u015fl\u0259rd\u0259 h\u0259lak olmu\u015f \u0259sg\u0259r v\u0259 zabitl\u0259rimiz\u0259, q\u0259tl\u0259 yetiril\u0259n m\u00fclki v\u0259t\u0259nda\u015flara v\u0259 itkin d\u00fc\u015fm\u00fc\u015f soyda\u015flar\u0131m\u0131za ehtiram \u0259lam\u0259ti olaraq sentyabr\u0131n 27-d\u0259 &#8211; An\u0131m G\u00fcn\u00fcnd\u0259 Bak\u0131 \u015f\u0259h\u0259rind\u0259 y\u00fcr\u00fc\u015f t\u0259\u015fkil edilib. ARANTV.AZ x\u0259b\u0259r verir ki, M\u00fcz\u0259ff\u0259r Ba\u015f Komandan, Prezident \u0130lham \u018fliyev, birinci xan\u0131m Mehriban \u018fliyeva i\u015ftirak edibl\u0259r. Sonra d\u00f6vl\u0259t ba\u015f\u00e7\u0131s\u0131 V\u0259t\u0259n M\u00fcharib\u0259si Memorial Kompleksinin v\u0259 Z\u0259f\u0259r Muzeyinin t\u0259m\u0259lini qoyub. Prezident \u0130lham \u018fliyev v\u0259 birinci xan\u0131m Mehriban \u018fliyeva F\u0259xri xiyabanda ulu \u00f6nd\u0259r Heyd\u0259r \u018fliyevin m\u0259zar\u0131n\u0131 ziyar\u0259t edibl\u0259r.<\/p>\n","protected":false},"author":2,"featured_media":383223,"comment_status":"closed","ping_status":"closed","sticky":false,"template":"","format":"standard","meta":{"om_disable_all_campaigns":false,"_monsterinsights_skip_tracking":false,"_monsterinsights_sitenote_active":false,"_monsterinsights_sitenote_note":"","_monsterinsights_sitenote_category":0},"categories":[4],"tags":[],"aioseo_notices":[],"gutentor_comment":0,"rttpg_featured_image_url":{"full":["https:\/\/arantv.az\/wp-content\/uploads\/2021\/09\/243037909_4789592647760345_4271601141798881869_n-1.jpg",800,450,false],"landscape":["https:\/\/arantv.az\/wp-content\/uploads\/2021\/09\/243037909_4789592647760345_4271601141798881869_n-1.jpg",800,450,false],"portraits":["https:\/\/arantv.az\/wp-content\/uploads\/2021\/09\/243037909_4789592647760345_4271601141798881869_n-1.jpg",800,450,false],"thumbnail":["https:\/\/arantv.az\/wp-content\/uploads\/2021\/09\/243037909_4789592647760345_4271601141798881869_n-1-500x280.jpg",500,280,true],"medium":["https:\/\/arantv.az\/wp-content\/uploads\/2021\/09\/243037909_4789592647760345_4271601141798881869_n-1-649x365.jpg",649,365,true],"large":["https:\/\/arantv.az\/wp-content\/uploads\/2021\/09\/243037909_4789592647760345_4271601141798881869_n-1.jpg",640,360,false],"1536x1536":["https:\/\/arantv.az\/wp-content\/uploads\/2021\/09\/243037909_4789592647760345_4271601141798881869_n-1.jpg",800,450,false],"2048x2048":["https:\/\/arantv.az\/wp-content\/uploads\/2021\/09\/243037909_4789592647760345_4271601141798881869_n-1.jpg",800,450,false],"post-thumbnail":["https:\/\/arantv.az\/wp-content\/uploads\/2021\/09\/243037909_4789592647760345_4271601141798881869_n-1-240x172.jpg",240,172,true],"advps-thumb-one":["https:\/\/arantv.az\/wp-content\/uploads\/2021\/09\/243037909_4789592647760345_4271601141798881869_n-1.jpg",800,450,false]},"rttpg_author":{"display_name":"V\u00fcsal Rafiqo\u011flu","author_link":"https:\/\/arantv.az\/?author=2"},"rttpg_comment":0,"rttpg_category":"<a href=\"https:\/\/arantv.az\/?cat=4\" rel=\"category\">Siyas\u0259t<\/a>","rttpg_excerpt":"V\u0259t\u0259n m\u00fcharib\u0259si zaman\u0131 Az\u0259rbaycan\u0131n \u0259razi b\u00fct\u00f6vl\u00fcy\u00fc u\u011frunda d\u00f6y\u00fc\u015fl\u0259rd\u0259 h\u0259lak olmu\u015f \u0259sg\u0259r v\u0259 zabitl\u0259rimiz\u0259, q\u0259tl\u0259 yetiril\u0259n m\u00fclki v\u0259t\u0259nda\u015flara v\u0259 itkin d\u00fc\u015fm\u00fc\u015f soyda\u015flar\u0131m\u0131za ehtiram \u0259lam\u0259ti olaraq sentyabr\u0131n 27-d\u0259 &#8211; An\u0131m G\u00fcn\u00fcnd\u0259 Bak\u0131 \u015f\u0259h\u0259rind\u0259 y\u00fcr\u00fc\u015f t\u0259\u015fkil edilib. ARANTV.AZ x\u0259b\u0259r verir ki, M\u00fcz\u0259ff\u0259r Ba\u015f Komandan, Prezident \u0130lham \u018fliyev, birinci xan\u0131m Mehriban \u018fliyeva i\u015ftirak edibl\u0259r. Sonra d\u00f6vl\u0259t ba\u015f\u00e7\u0131s\u0131 V\u0259t\u0259n M\u00fcharib\u0259si&hellip;","_links":{"self":[{"href":"https:\/\/arantv.az\/index.php?rest_route=\/wp\/v2\/posts\/383222"}],"collection":[{"href":"https:\/\/arantv.az\/index.php?rest_route=\/wp\/v2\/posts"}],"about":[{"href":"https:\/\/arantv.az\/index.php?rest_route=\/wp\/v2\/types\/post"}],"author":[{"embeddable":true,"href":"https:\/\/arantv.az\/index.php?rest_route=\/wp\/v2\/users\/2"}],"replies":[{"embeddable":true,"href":"https:\/\/arantv.az\/index.php?rest_route=%2Fwp%2Fv2%2Fcomments&post=383222"}],"version-history":[{"count":0,"href":"https:\/\/arantv.az\/index.php?rest_route=\/wp\/v2\/posts\/383222\/revisions"}],"wp:featuredmedia":[{"embeddable":true,"href":"https:\/\/arantv.az\/index.php?rest_route=\/wp\/v2\/media\/383223"}],"wp:attachment":[{"href":"https:\/\/arantv.az\/index.php?rest_route=%2Fwp%2Fv2%2Fmedia&parent=383222"}],"wp:term":[{"taxonomy":"category","embeddable":true,"href":"https:\/\/arantv.az\/index.php?rest_route=%2Fwp%2Fv2%2Fcategories&post=383222"},{"taxonomy":"post_tag","embeddable":true,"href":"https:\/\/arantv.az\/index.php?rest_route=%2Fwp%2Fv2%2Ftags&post=383222"}],"curies":[{"name":"wp","href":"https:\/\/api.w.org\/{rel}","templated":true}]}}