{"id":383229,"date":"2021-09-27T13:33:16","date_gmt":"2021-09-27T10:33:16","guid":{"rendered":"http:\/\/arantv.az\/?p=383229"},"modified":"2021-09-27T13:33:16","modified_gmt":"2021-09-27T10:33:16","slug":"turk-surasinda-v%c9%99t%c9%99n-muharib%c9%99si-s%c9%99hidl%c9%99ri-anilib-video","status":"publish","type":"post","link":"https:\/\/arantv.az\/?p=383229","title":{"rendered":"T\u00fcrk \u015euras\u0131nda V\u0259t\u0259n m\u00fcharib\u0259si \u015f\u0259hidl\u0259ri an\u0131l\u0131b &#8211; V\u0130DEO"},"content":{"rendered":"<p>T\u00fcrkdilli D\u00f6vl\u0259tl\u0259rin \u018fm\u0259kda\u015fl\u0131q \u015euras\u0131n\u0131n (T\u00fcrk \u015euras\u0131)\u00a0x\u00fcsusi iclas\u0131nda V\u0259t\u0259n m\u00fcharib\u0259sinin \u015f\u0259hidl\u0259rinin xatir\u0259si ehtiramla an\u0131l\u0131b.<\/p>\n<p>Bu bar\u0259d\u0259 Az\u0259rbaycan Xarici \u0130\u015fl\u0259r Nazirliyind\u0259n m\u0259lumat verilib.<\/p>\n<div id=\"AdviadNativeVideo0\" class=\"AdviadNativeVideo\"><\/div>\n<div>\n<div class=\"twitter-tweet twitter-tweet-rendered\"><iframe id=\"twitter-widget-0\" class=\"\" title=\"Twitter Tweet\" src=\"https:\/\/platform.twitter.com\/embed\/Tweet.html?creatorScreenName=oxuaz&amp;dnt=false&amp;embedId=twitter-widget-0&amp;features=eyJ0ZndfZXhwZXJpbWVudHNfY29va2llX2V4cGlyYXRpb24iOnsiYnVja2V0IjoxMjA5NjAwLCJ2ZXJzaW9uIjpudWxsfSwidGZ3X2hvcml6b25fdHdlZXRfZW1iZWRfOTU1NSI6eyJidWNrZXQiOiJodGUiLCJ2ZXJzaW9uIjpudWxsfSwidGZ3X3NwYWNlX2NhcmQiOnsiYnVja2V0Ijoib2ZmIiwidmVyc2lvbiI6bnVsbH19&amp;frame=false&amp;hideCard=false&amp;hideThread=false&amp;id=1442424576605106176&amp;lang=en&amp;origin=https%3A%2F%2Foxu.az%2Fwar%2F532576&amp;sessionId=852464cda5f0bae4730dfb060a48344f811df102&amp;siteScreenName=oxuaz&amp;theme=light&amp;widgetsVersion=1890d59c%3A1627936082797&amp;width=550px\" frameborder=\"0\" scrolling=\"no\" allowfullscreen=\"allowfullscreen\" data-tweet-id=\"1442424576605106176\" data-mce-fragment=\"1\"><\/iframe><\/div>\n<\/div>\n<p>Qeyd ed\u0259k ki, bu g\u00fcnd\u0259n T\u00fcrkiy\u0259nin \u0130stanbul \u015f\u0259h\u0259rind\u0259 T\u00fcrkdilli \u00d6lk\u0259l\u0259rin \u018fm\u0259kda\u015fl\u0131q \u015euras\u0131na (T\u00fcrk \u015euras\u0131) \u00fczv \u00f6lk\u0259l\u0259rin xarici i\u015fl\u0259r nazirl\u0259rinin toplant\u0131s\u0131 ba\u015flay\u0131b. Az\u0259rbaycan\u0131n xarici i\u015fl\u0259r naziri Ceyhun Bayramov t\u0259dbird\u0259\u00a0<a href=\"https:\/\/oxu.az\/politics\/532494\" target=\"_blank\" rel=\"noopener\">\u00e7\u0131x\u0131\u015f edib<\/a>.<\/p>\n<p>F\u00f6vq\u0259lad\u0259 iclas T\u00fcrkiy\u0259nin xarici i\u015fl\u0259r naziri M\u00f6vlud \u00c7avu\u015fo\u011flunun t\u0259\u015f\u0259bb\u00fcs\u00fc il\u0259 ba\u015f tutur. \u0130clasda\u00a0h\u0259m\u00e7inin T\u00fcrk \u015euras\u0131na \u00fczv olan Qazax\u0131stan, Q\u0131r\u011f\u0131z\u0131stan v\u0259 \u00d6zb\u0259kistan\u0131n, m\u00fc\u015fahid\u0259\u00e7i qismind\u0259 is\u0259 Macar\u0131stan\u0131n xarici i\u015fl\u0259r nazirl\u0259ri i\u015ftirak edirl\u0259r.<\/p>\n","protected":false},"excerpt":{"rendered":"<p>T\u00fcrkdilli D\u00f6vl\u0259tl\u0259rin \u018fm\u0259kda\u015fl\u0131q \u015euras\u0131n\u0131n (T\u00fcrk \u015euras\u0131)\u00a0x\u00fcsusi iclas\u0131nda V\u0259t\u0259n m\u00fcharib\u0259sinin \u015f\u0259hidl\u0259rinin xatir\u0259si ehtiramla an\u0131l\u0131b. Bu bar\u0259d\u0259 Az\u0259rbaycan Xarici \u0130\u015fl\u0259r Nazirliyind\u0259n m\u0259lumat verilib. Qeyd ed\u0259k ki, bu g\u00fcnd\u0259n T\u00fcrkiy\u0259nin \u0130stanbul \u015f\u0259h\u0259rind\u0259 T\u00fcrkdilli \u00d6lk\u0259l\u0259rin \u018fm\u0259kda\u015fl\u0131q \u015euras\u0131na (T\u00fcrk \u015euras\u0131) \u00fczv \u00f6lk\u0259l\u0259rin xarici i\u015fl\u0259r nazirl\u0259rinin toplant\u0131s\u0131 ba\u015flay\u0131b. Az\u0259rbaycan\u0131n xarici i\u015fl\u0259r naziri Ceyhun Bayramov t\u0259dbird\u0259\u00a0\u00e7\u0131x\u0131\u015f edib. F\u00f6vq\u0259lad\u0259 iclas T\u00fcrkiy\u0259nin xarici i\u015fl\u0259r naziri M\u00f6vlud \u00c7avu\u015fo\u011flunun t\u0259\u015f\u0259bb\u00fcs\u00fc il\u0259 ba\u015f tutur. \u0130clasda\u00a0h\u0259m\u00e7inin T\u00fcrk \u015euras\u0131na \u00fczv olan Qazax\u0131stan, Q\u0131r\u011f\u0131z\u0131stan v\u0259 \u00d6zb\u0259kistan\u0131n, m\u00fc\u015fahid\u0259\u00e7i qismind\u0259 is\u0259 Macar\u0131stan\u0131n xarici i\u015fl\u0259r nazirl\u0259ri i\u015ftirak edirl\u0259r.<\/p>\n","protected":false},"author":2,"featured_media":383230,"comment_status":"closed","ping_status":"closed","sticky":false,"template":"","format":"standard","meta":{"om_disable_all_campaigns":false,"_monsterinsights_skip_tracking":false,"_monsterinsights_sitenote_active":false,"_monsterinsights_sitenote_note":"","_monsterinsights_sitenote_category":0},"categories":[10],"tags":[],"aioseo_notices":[],"gutentor_comment":0,"rttpg_featured_image_url":{"full":["https:\/\/arantv.az\/wp-content\/uploads\/2021\/09\/page-9.jpg",620,413,false],"landscape":["https:\/\/arantv.az\/wp-content\/uploads\/2021\/09\/page-9.jpg",620,413,false],"portraits":["https:\/\/arantv.az\/wp-content\/uploads\/2021\/09\/page-9.jpg",620,413,false],"thumbnail":["https:\/\/arantv.az\/wp-content\/uploads\/2021\/09\/page-9-500x280.jpg",500,280,true],"medium":["https:\/\/arantv.az\/wp-content\/uploads\/2021\/09\/page-9-548x365.jpg",548,365,true],"large":["https:\/\/arantv.az\/wp-content\/uploads\/2021\/09\/page-9.jpg",620,413,false],"1536x1536":["https:\/\/arantv.az\/wp-content\/uploads\/2021\/09\/page-9.jpg",620,413,false],"2048x2048":["https:\/\/arantv.az\/wp-content\/uploads\/2021\/09\/page-9.jpg",620,413,false],"post-thumbnail":["https:\/\/arantv.az\/wp-content\/uploads\/2021\/09\/page-9-240x172.jpg",240,172,true],"advps-thumb-one":["https:\/\/arantv.az\/wp-content\/uploads\/2021\/09\/page-9.jpg",620,413,false]},"rttpg_author":{"display_name":"V\u00fcsal Rafiqo\u011flu","author_link":"https:\/\/arantv.az\/?author=2"},"rttpg_comment":0,"rttpg_category":"<a href=\"https:\/\/arantv.az\/?cat=10\" rel=\"category\">C\u0259bh\u0259d\u0259n X\u0259b\u0259r<\/a>","rttpg_excerpt":"T\u00fcrkdilli D\u00f6vl\u0259tl\u0259rin \u018fm\u0259kda\u015fl\u0131q \u015euras\u0131n\u0131n (T\u00fcrk \u015euras\u0131)\u00a0x\u00fcsusi iclas\u0131nda V\u0259t\u0259n m\u00fcharib\u0259sinin \u015f\u0259hidl\u0259rinin xatir\u0259si ehtiramla an\u0131l\u0131b. Bu bar\u0259d\u0259 Az\u0259rbaycan Xarici \u0130\u015fl\u0259r Nazirliyind\u0259n m\u0259lumat verilib. Qeyd ed\u0259k ki, bu g\u00fcnd\u0259n T\u00fcrkiy\u0259nin \u0130stanbul \u015f\u0259h\u0259rind\u0259 T\u00fcrkdilli \u00d6lk\u0259l\u0259rin \u018fm\u0259kda\u015fl\u0131q \u015euras\u0131na (T\u00fcrk \u015euras\u0131) \u00fczv \u00f6lk\u0259l\u0259rin xarici i\u015fl\u0259r nazirl\u0259rinin toplant\u0131s\u0131 ba\u015flay\u0131b. Az\u0259rbaycan\u0131n xarici i\u015fl\u0259r naziri Ceyhun Bayramov t\u0259dbird\u0259\u00a0\u00e7\u0131x\u0131\u015f edib. F\u00f6vq\u0259lad\u0259 iclas T\u00fcrkiy\u0259nin xarici i\u015fl\u0259r&hellip;","_links":{"self":[{"href":"https:\/\/arantv.az\/index.php?rest_route=\/wp\/v2\/posts\/383229"}],"collection":[{"href":"https:\/\/arantv.az\/index.php?rest_route=\/wp\/v2\/posts"}],"about":[{"href":"https:\/\/arantv.az\/index.php?rest_route=\/wp\/v2\/types\/post"}],"author":[{"embeddable":true,"href":"https:\/\/arantv.az\/index.php?rest_route=\/wp\/v2\/users\/2"}],"replies":[{"embeddable":true,"href":"https:\/\/arantv.az\/index.php?rest_route=%2Fwp%2Fv2%2Fcomments&post=383229"}],"version-history":[{"count":0,"href":"https:\/\/arantv.az\/index.php?rest_route=\/wp\/v2\/posts\/383229\/revisions"}],"wp:featuredmedia":[{"embeddable":true,"href":"https:\/\/arantv.az\/index.php?rest_route=\/wp\/v2\/media\/383230"}],"wp:attachment":[{"href":"https:\/\/arantv.az\/index.php?rest_route=%2Fwp%2Fv2%2Fmedia&parent=383229"}],"wp:term":[{"taxonomy":"category","embeddable":true,"href":"https:\/\/arantv.az\/index.php?rest_route=%2Fwp%2Fv2%2Fcategories&post=383229"},{"taxonomy":"post_tag","embeddable":true,"href":"https:\/\/arantv.az\/index.php?rest_route=%2Fwp%2Fv2%2Ftags&post=383229"}],"curies":[{"name":"wp","href":"https:\/\/api.w.org\/{rel}","templated":true}]}}