{"id":383232,"date":"2021-09-27T13:35:18","date_gmt":"2021-09-27T10:35:18","guid":{"rendered":"http:\/\/arantv.az\/?p=383232"},"modified":"2021-09-27T13:35:18","modified_gmt":"2021-09-27T10:35:18","slug":"m%c9%99n-f%c9%99xr-edir%c9%99m-kiaz%c9%99rbaycan-%c9%99sg%c9%99riy%c9%99m","status":"publish","type":"post","link":"https:\/\/arantv.az\/?p=383232","title":{"rendered":"M\u0259n f\u0259xr edir\u0259m ki,Az\u0259rbaycan \u0259sg\u0259riy\u0259m"},"content":{"rendered":"<p>O unudulmaz, d\u0259h\u015f\u0259tli v\u0259 tarix\u0259 q\u0131z\u0131l h\u0259rfl\u0259rl\u0259 yaz\u0131lan g\u00fcnl\u0259rd\u0259n art\u0131q bir il ke\u00e7di. Baxmayaraq ki,<br \/>\nh\u0259min tarixd\u0259n bir il ke\u00e7ib, lakin m\u0259n \u00f6z\u00fcm\u00fc indi d\u0259 oldu\u011fum c\u0259bh\u0259d\u0259, erm\u0259ni d\u0131\u011falar\u0131n\u0131n m\u0259hv<br \/>\ned\u0259r\u0259k qovdu\u011fumuz g\u00f6z\u0259l Qaraba\u011f torpa\u011f\u0131nda hiss edir\u0259m. Unudulmaz s\u00f6z\u00fcn\u00fc \u0259b\u0259s yer\u0259<br \/>\ni\u015fl\u0259tm\u0259dim. B\u0259li, o g\u00fcnl\u0259r xalq\u0131m\u0131z\u0131n h\u0259r bir \u00f6vlad\u0131 kimi m\u0259nim \u00fc\u00e7\u00fcn d\u0259 \u0259b\u0259di olaraq yadda qalan v\u0259<br \/>\nhe\u00e7 vaxt yadda\u015f\u0131mdan silinm\u0259y\u0259n bir tarixdir. M\u0259n Ali t\u0259hsilli v\u0259 tarix f\u0259nnini g\u00f6z\u0259l bil\u0259n bir g\u0259nc\u0259m.<br \/>\nM\u0259hz, ona g\u00f6r\u0259 d\u0259 tam m\u0259suliyy\u0259timl\u0259 dey\u0259 bil\u0259r\u0259m ki, b\u0259\u015f\u0259riyy\u0259t yarand\u0131\u011f\u0131 g\u00fcnd\u0259n tarixin he\u00e7 bir<br \/>\nd\u00f6vr\u00fcnd\u0259 m\u00fcharib\u0259yl\u0259 al\u0131nm\u0131\u015f v\u0259 \u00e7oxlu sayda insan qan\u0131 ax\u0131d\u0131lm\u0131\u015f torpaq s\u00fclh yolu il\u0259 geri<br \/>\nqaytar\u0131lmam\u0131\u015fd\u0131r. Doqquz iqlimli g\u00f6z\u0259l torpaqlar\u0131m\u0131za tarix\u0259n d\u00fc\u015fm\u0259n g\u00f6z\u00fc dikilmi\u015fdir. Torpaqlar\u0131m\u0131z<br \/>\nz\u0259bt olunmu\u015fdur. Z\u0259bt olunan torpaqlar is\u0259 n\u0259 s\u00fclh, n\u0259 d\u0259 m\u00fcharib\u0259 yol il\u0259 geri qaytar\u0131lmam\u0131\u015fd\u0131r.<br \/>\nM\u0259nim 27 ya\u015f\u0131m var. M\u0259n Qaraba\u011f v\u0259 Qaraba\u011f \u0259traf\u0131 rayonlar haqq\u0131nda m\u0259kt\u0259bd\u0259 oxumu\u015f, k\u00fctl\u0259vi<br \/>\ninformasiya vasit\u0259l\u0259rind\u0259n v\u0259 b\u00f6y\u00fckl\u0259rd\u0259n e\u015fitmi\u015fdim. Bu torpa\u011f\u0131n f\u00fcs\u00fcnkar g\u00f6z\u0259lliyini g\u00f6z\u00fcml\u0259<br \/>\ng\u00f6rm\u0259mi\u015fdim. Ax\u0131, bu g\u00f6z\u0259l diyar 30 il idi ki, d\u00fc\u015fm\u0259n tapda\u011f\u0131 alt\u0131nda idi, i\u015f\u011fal olunmu\u015fdu. 2015-2016-<br \/>\nc\u0131 ill\u0259rd\u0259 h\u0259qiqi h\u0259rbi xidm\u0259td\u0259 olan zaman Aprel d\u00f6y\u00fc\u015fl\u0259rind\u0259 m\u0259n d\u0259 birba\u015fa i\u015ftirak\u0131\u00e7\u0131 idim.<br \/>\nQaraba\u011f torpa\u011f\u0131n\u0131n bir hiss\u0259sind\u0259 d\u00f6y\u00fc\u015fl\u0259rd\u0259 i\u015ftirak etdim. C\u0259mi bir h\u0259ft\u0259 \u00e7\u0259k\u0259n bu d\u00f6y\u00fc\u015fd\u0259<br \/>\nd\u00fc\u015fm\u0259n\u0259 layiqli z\u0259rb\u0259 endirm\u0259yimiz\u0259 baxmayaraq, m\u00fc\u0259yy\u0259n s\u0259b\u0259bl\u0259rd\u0259n m\u00fcharib\u0259 davam etm\u0259di.<br \/>\nLakin ordumuz c\u0259nab Ali Ba\u015f Komandan \u0130lham \u018fliyevin bir ba\u015fa r\u0259hb\u0259riliyil\u0259 tam \u015f\u0259kild\u0259 q\u00fcdr\u0259tli bir<br \/>\nordu kimi formala\u015fandan sonra 27 sentyabr 2020 &#8211; ci il tarixind\u0259 i\u015f\u011fal\u00e7\u0131lar\u0131n h\u00fccumuna adekvat cavab<br \/>\nolaraq \u0259ks h\u00fccuma ke\u00e7di. M\u0259n d\u0259 bir t\u0259cr\u00fcb\u0259li d\u00f6y\u00fc\u015f\u00e7\u00fc kimi c\u0259nab prezidentin qism\u0259n s\u0259f\u0259rb\u0259rlikl\u0259<br \/>\nba\u011fl\u0131 imzalad\u0131\u011f\u0131 s\u0259r\u0259ncama \u0259sas\u0259n Bak\u0131 \u015f\u0259h\u0259ri X\u0259tai rayonunun SHX\u00c7DX-nin \u015f\u00f6b\u0259sind\u0259n bizd\u0259n<br \/>\nimdad ist\u0259y\u0259n, art\u0131q murdar d\u00fc\u015fm\u0259nin ayaqlar\u0131 alt\u0131nda zara g\u0259l\u0259n torpaqlar\u0131m\u0131z\u0131n azad olunmas\u0131na<br \/>\ng\u00f6r\u0259 d\u00f6y\u00fc\u015f\u0259 yola d\u00fc\u015fd\u00fcm. 44 g\u00fcnl\u00fck d\u00f6y\u00fc\u015f\u00fcn h\u0259r d\u0259qiq\u0259si bu g\u00fcn g\u00f6z\u00fcm\u00fcn \u00f6n\u00fcnd\u0259n kino lenti kimi<br \/>\nke\u00e7ir. Do\u011fudan da Az\u0259rbaycan d\u00f6vl\u0259ti \u00e7ox q\u00fcdr\u0259tli bir d\u00f6vl\u0259tdir. Az\u0259rbaycan ordusu is\u0259 R\u0259\u015fad\u0259tli bir<br \/>\nordudur. Bunu dem\u0259y\u0259 haqq\u0131m var. H\u0259r bir h\u0259rb\u00e7inin \u00f6z d\u0259sti-x\u0259tti, \u00f6z t\u0259cr\u00fcb\u0259si v\u0259 m\u00fcasir<br \/>\nsilahlardan istifad\u0259 etm\u0259k qabiliyy\u0259ti ordumuzu d\u00fcnyaya n\u00fcmun\u0259vi bir ordu kimi, tan\u0131td\u0131. Biz m\u00fcxt\u0259lif<br \/>\nsilahlarla vuru\u015furduq. Lakin bizim \u0259n g\u00fccl\u00fc silah\u0131m\u0131z is\u0259 M\u00fcz\u0259ff\u0259r Ali Ba\u015f Komandan\u0131n biz\u0259 verdiyi<br \/>\nm\u0259n\u0259vi d\u0259st\u0259k idi. Bilirdik ki, arxam\u0131zda \u0130lham \u018fliyev kimi t\u0259cr\u00fcb\u0259li, v\u0259 istedadl\u0131 Komadan\u0131m\u0131z var.<br \/>\nM\u0259hz ona g\u00f6r\u0259 d\u0259 tarixd\u0259 he\u00e7 vaxt olmayan q\u0131sa bir vaxtda-44 g\u00fcn m\u00fcdd\u0259tind\u0259 30 illik torpaq<br \/>\nh\u0259sr\u0259tin\u0259 son qoyuldu v\u0259 z\u0259f\u0259r \u00e7al\u0131nd\u0131.<br \/>\nDo\u011frudur, \u015f\u0259hidl\u0259r verdik, qazil\u0259rimiz var, amma unutmamal\u0131y\u0131q ki, \u015f\u0259hidl\u0259rimiz v\u0259t\u0259n u\u011frunda,<br \/>\nnamus u\u011frunda, qeyr\u0259t u\u011frunda v\u0259 \u0259sas\u0131 is\u0259 tarixi d\u00f6vl\u0259timizin \u0259razi b\u00fct\u00f6vl\u00fcy\u00fc u\u011frunda m\u0259qs\u0259dli<br \/>\n\u015f\u0259kild\u0259 \u015f\u0259hid olublar. Xalq\u0131m\u0131z q\u0259dirbil\u0259n xalqd\u0131r. O, \u00f6z q\u0259hr\u0259man\u0131n\u0131 he\u00e7 vaxt unutmaz. \u00c7\u00fcnki, bu g\u00fcn<br \/>\nQaraba\u011f torpa\u011f\u0131n\u0131n h\u0259r qar\u0131\u015f\u0131nda \u015f\u0259hidlik zirv\u0259sin\u0259 qalxan q\u0259hr\u0259manlar\u0131m\u0131z\u0131n ayaq izl\u0259ri var. Onlar\u0131n<br \/>\nqan\u0131 il\u0259 s\u0259rh\u0259d \u00e7\u0259kilib.<br \/>\nE\u015fq olsun, Az\u0259rbaycan o\u011fullar\u0131na.<br \/>\nE\u015fq olsun, Ali Ba\u015f Komandan\u0131m\u0131z \u0130lham \u018fliyev\u0259.<br \/>\nQaraba\u011f Az\u0259rbaycand\u0131r!<br \/>\nMirz\u0259zad\u0259 Sadiq Bala\u015firin o\u011flu.<br \/>\n2016 Aprel v\u0259 2-ci Qaraba\u011f d\u00f6y\u00fc\u015fl\u0259rinin i\u015ftirak\u00e7\u0131s\u0131.<\/p>\n","protected":false},"excerpt":{"rendered":"<p>O unudulmaz, d\u0259h\u015f\u0259tli v\u0259 tarix\u0259 q\u0131z\u0131l h\u0259rfl\u0259rl\u0259 yaz\u0131lan g\u00fcnl\u0259rd\u0259n art\u0131q bir il ke\u00e7di. Baxmayaraq ki, h\u0259min tarixd\u0259n bir il ke\u00e7ib, lakin m\u0259n \u00f6z\u00fcm\u00fc indi d\u0259 oldu\u011fum c\u0259bh\u0259d\u0259, erm\u0259ni d\u0131\u011falar\u0131n\u0131n m\u0259hv ed\u0259r\u0259k qovdu\u011fumuz g\u00f6z\u0259l Qaraba\u011f torpa\u011f\u0131nda hiss edir\u0259m. Unudulmaz s\u00f6z\u00fcn\u00fc \u0259b\u0259s yer\u0259 i\u015fl\u0259tm\u0259dim. B\u0259li, o g\u00fcnl\u0259r xalq\u0131m\u0131z\u0131n h\u0259r bir \u00f6vlad\u0131 kimi m\u0259nim \u00fc\u00e7\u00fcn d\u0259 \u0259b\u0259di olaraq yadda qalan v\u0259 he\u00e7 vaxt yadda\u015f\u0131mdan silinm\u0259y\u0259n bir tarixdir. M\u0259n Ali t\u0259hsilli v\u0259 tarix f\u0259nnini g\u00f6z\u0259l bil\u0259n bir g\u0259nc\u0259m. M\u0259hz, ona g\u00f6r\u0259 d\u0259 tam m\u0259suliyy\u0259timl\u0259 dey\u0259 bil\u0259r\u0259m ki, b\u0259\u015f\u0259riyy\u0259t yarand\u0131\u011f\u0131 g\u00fcnd\u0259n tarixin he\u00e7 bir d\u00f6vr\u00fcnd\u0259&hellip;<\/p>\n","protected":false},"author":2,"featured_media":383233,"comment_status":"closed","ping_status":"closed","sticky":false,"template":"","format":"standard","meta":{"om_disable_all_campaigns":false,"_monsterinsights_skip_tracking":false,"_monsterinsights_sitenote_active":false,"_monsterinsights_sitenote_note":"","_monsterinsights_sitenote_category":0},"categories":[19],"tags":[],"aioseo_notices":[],"gutentor_comment":0,"rttpg_featured_image_url":{"full":["https:\/\/arantv.az\/wp-content\/uploads\/2021\/09\/2cf49189-2de9-42e0-a163-e76da562a7b7.jpg",720,933,false],"landscape":["https:\/\/arantv.az\/wp-content\/uploads\/2021\/09\/2cf49189-2de9-42e0-a163-e76da562a7b7.jpg",720,933,false],"portraits":["https:\/\/arantv.az\/wp-content\/uploads\/2021\/09\/2cf49189-2de9-42e0-a163-e76da562a7b7.jpg",720,933,false],"thumbnail":["https:\/\/arantv.az\/wp-content\/uploads\/2021\/09\/2cf49189-2de9-42e0-a163-e76da562a7b7-500x280.jpg",500,280,true],"medium":["https:\/\/arantv.az\/wp-content\/uploads\/2021\/09\/2cf49189-2de9-42e0-a163-e76da562a7b7-282x365.jpg",282,365,true],"large":["https:\/\/arantv.az\/wp-content\/uploads\/2021\/09\/2cf49189-2de9-42e0-a163-e76da562a7b7-648x840.jpg",640,830,true],"1536x1536":["https:\/\/arantv.az\/wp-content\/uploads\/2021\/09\/2cf49189-2de9-42e0-a163-e76da562a7b7.jpg",720,933,false],"2048x2048":["https:\/\/arantv.az\/wp-content\/uploads\/2021\/09\/2cf49189-2de9-42e0-a163-e76da562a7b7.jpg",720,933,false],"post-thumbnail":["https:\/\/arantv.az\/wp-content\/uploads\/2021\/09\/2cf49189-2de9-42e0-a163-e76da562a7b7-240x172.jpg",240,172,true],"advps-thumb-one":["https:\/\/arantv.az\/wp-content\/uploads\/2021\/09\/2cf49189-2de9-42e0-a163-e76da562a7b7-720x620.jpg",720,620,true]},"rttpg_author":{"display_name":"V\u00fcsal Rafiqo\u011flu","author_link":"https:\/\/arantv.az\/?author=2"},"rttpg_comment":0,"rttpg_category":"<a href=\"https:\/\/arantv.az\/?cat=19\" rel=\"category\">G\u00fcnd\u0259m<\/a>","rttpg_excerpt":"O unudulmaz, d\u0259h\u015f\u0259tli v\u0259 tarix\u0259 q\u0131z\u0131l h\u0259rfl\u0259rl\u0259 yaz\u0131lan g\u00fcnl\u0259rd\u0259n art\u0131q bir il ke\u00e7di. Baxmayaraq ki, h\u0259min tarixd\u0259n bir il ke\u00e7ib, lakin m\u0259n \u00f6z\u00fcm\u00fc indi d\u0259 oldu\u011fum c\u0259bh\u0259d\u0259, erm\u0259ni d\u0131\u011falar\u0131n\u0131n m\u0259hv ed\u0259r\u0259k qovdu\u011fumuz g\u00f6z\u0259l Qaraba\u011f torpa\u011f\u0131nda hiss edir\u0259m. Unudulmaz s\u00f6z\u00fcn\u00fc \u0259b\u0259s yer\u0259 i\u015fl\u0259tm\u0259dim. B\u0259li, o g\u00fcnl\u0259r xalq\u0131m\u0131z\u0131n h\u0259r bir \u00f6vlad\u0131 kimi m\u0259nim \u00fc\u00e7\u00fcn d\u0259 \u0259b\u0259di olaraq&hellip;","_links":{"self":[{"href":"https:\/\/arantv.az\/index.php?rest_route=\/wp\/v2\/posts\/383232"}],"collection":[{"href":"https:\/\/arantv.az\/index.php?rest_route=\/wp\/v2\/posts"}],"about":[{"href":"https:\/\/arantv.az\/index.php?rest_route=\/wp\/v2\/types\/post"}],"author":[{"embeddable":true,"href":"https:\/\/arantv.az\/index.php?rest_route=\/wp\/v2\/users\/2"}],"replies":[{"embeddable":true,"href":"https:\/\/arantv.az\/index.php?rest_route=%2Fwp%2Fv2%2Fcomments&post=383232"}],"version-history":[{"count":0,"href":"https:\/\/arantv.az\/index.php?rest_route=\/wp\/v2\/posts\/383232\/revisions"}],"wp:featuredmedia":[{"embeddable":true,"href":"https:\/\/arantv.az\/index.php?rest_route=\/wp\/v2\/media\/383233"}],"wp:attachment":[{"href":"https:\/\/arantv.az\/index.php?rest_route=%2Fwp%2Fv2%2Fmedia&parent=383232"}],"wp:term":[{"taxonomy":"category","embeddable":true,"href":"https:\/\/arantv.az\/index.php?rest_route=%2Fwp%2Fv2%2Fcategories&post=383232"},{"taxonomy":"post_tag","embeddable":true,"href":"https:\/\/arantv.az\/index.php?rest_route=%2Fwp%2Fv2%2Ftags&post=383232"}],"curies":[{"name":"wp","href":"https:\/\/api.w.org\/{rel}","templated":true}]}}