{"id":383235,"date":"2021-09-27T14:00:07","date_gmt":"2021-09-27T11:00:07","guid":{"rendered":"http:\/\/arantv.az\/?p=383235"},"modified":"2021-09-27T14:00:07","modified_gmt":"2021-09-27T11:00:07","slug":"prezident-iranin-h%c9%99rbi-t%c9%99liml%c9%99ri-bar%c9%99d%c9%99-n%c9%99-ucun-isgal-dovrund%c9%99-o-bolg%c9%99d%c9%99-t%c9%99lim-kecirilmirdi-video","status":"publish","type":"post","link":"https:\/\/arantv.az\/?p=383235","title":{"rendered":"Prezident \u0130ran\u0131n h\u0259rbi t\u0259liml\u0259ri bar\u0259d\u0259: \u201cN\u0259 \u00fc\u00e7\u00fcn i\u015f\u011fal d\u00f6vr\u00fcnd\u0259 o b\u00f6lg\u0259d\u0259 t\u0259lim ke\u00e7irilmirdi?\u201d &#8211; V\u0130DEO"},"content":{"rendered":"<article class=\"news\">\n<div class=\"news-inner\">\n<p>\u201cS\u0259rh\u0259dl\u0259rimiz yax\u0131nl\u0131\u011f\u0131nda ke\u00e7iril\u0259n h\u0259rbi t\u0259liml\u0259r \u00e7ox t\u0259\u0259cc\u00fcb do\u011furan bir hadis\u0259dir. \u00c7\u00fcnki 30 illik m\u00fcst\u0259qillik d\u00f6vr\u00fcnd\u0259 bel\u0259 hadis\u0259l\u0259r ya\u015fanmam\u0131\u015fd\u0131\u201d.<\/p>\n<div id=\"AdviadNativeVideo0\" class=\"AdviadNativeVideo\"><\/div>\n<p>Bu s\u00f6zl\u0259ri Az\u0259rbaycan Prezidenti \u0130lham \u018fliyev \u201cAnadolu\u201d Agentliyin\u0259 m\u00fcsahib\u0259si zaman\u0131 \u0130ran\u0131n \u00f6lk\u0259mizl\u0259 s\u0259rh\u0259dd\u0259 ke\u00e7irdiyi h\u0259rbi t\u0259liml\u0259r bar\u0259d\u0259 dan\u0131\u015fark\u0259n deyib.<\/p>\n<p>\u201c\u0130lk n\u00f6vb\u0259d\u0259 dem\u0259liy\u0259m ki, h\u0259r \u00f6lk\u0259 \u00f6z \u0259razisind\u0259 ist\u0259diyi h\u0259rbi t\u0259liml\u0259ri ke\u00e7ir\u0259 bil\u0259r. Bu onun suveren h\u00fcququdur. Buna he\u00e7 kim s\u00f6z dey\u0259 bilm\u0259z. Ancaq bunu bir zaman k\u0259simind\u0259 t\u0259hlil ed\u0259rk\u0259n,\u00a0daha \u0259vv\u0259l he\u00e7 vaxt\u00a0bel\u0259 bir \u015feyin olmad\u0131\u011f\u0131n\u0131 g\u00f6r\u00fcr\u00fck. Niy\u0259 indi v\u0259 bizim s\u0259rh\u0259dimizd\u0259? Bu suallar\u0131 m\u0259n yox, Az\u0259rbaycan c\u0259miyy\u0259ti soru\u015fur. Bu sual\u0131 d\u00fcnyadak\u0131 az\u0259rbaycanl\u0131lar soru\u015fur. Bir sual da verilir ki, n\u0259y\u0259 g\u00f6r\u0259 i\u015f\u011fal d\u00f6vr\u00fcnd\u0259 o b\u00f6lg\u0259d\u0259 t\u0259lim ke\u00e7irilmirdi? Erm\u0259nil\u0259r C\u0259bray\u0131l, Z\u0259ngilan v\u0259 F\u00fczulid\u0259 oldu\u011fu d\u00f6vrd\u0259 n\u0259y\u0259 g\u00f6r\u0259 t\u0259lim ke\u00e7irilmirdi? N\u0259y\u0259 g\u00f6r\u0259 biz bu \u0259razil\u0259ri azad etdikd\u0259n, 30 illik \u0259sar\u0259t v\u0259 i\u015f\u011fala son qoyduqdan sonra bu edilir? Bu suallar haql\u0131 suallard\u0131r. \u018flb\u0259tt\u0259 ki, biz b\u00f6lg\u0259d\u0259 uzunm\u00fcdd\u0259tli \u0259m\u0259kda\u015fl\u0131\u011fa z\u0259rb\u0259 vuracaq he\u00e7 bir hal\u0131n olmamas\u0131n\u0131 ist\u0259yirik. Bir daha s\u00f6yl\u0259m\u0259k ist\u0259yir\u0259m, Az\u0259rbaycan burada \u00e7ox m\u0259suliyy\u0259tli v\u0259 t\u0259mkinli davran\u0131r. Bizim qanuni add\u0131mlar\u0131m\u0131za qar\u015f\u0131 g\u00f6st\u0259ril\u0259n emosional reaksiyalar\u0131n m\u00fcv\u0259qq\u0259ti oldu\u011funa \u00fcmid edir\u0259m\u201d, &#8211; dey\u0259 d\u00f6vl\u0259t ba\u015f\u00e7\u0131s\u0131 bildirib.<\/p>\n<div><iframe loading=\"lazy\" title=\"YouTube video player\" src=\"https:\/\/www.youtube.com\/embed\/gQokzSJCmEw\" width=\"560\" height=\"315\" frameborder=\"0\" allowfullscreen=\"allowfullscreen\" data-mce-fragment=\"1\"><\/iframe><\/div>\n<\/div>\n<\/article>\n<h2 class=\"news-share-title\"><\/h2>\n","protected":false},"excerpt":{"rendered":"<p>\u201cS\u0259rh\u0259dl\u0259rimiz yax\u0131nl\u0131\u011f\u0131nda ke\u00e7iril\u0259n h\u0259rbi t\u0259liml\u0259r \u00e7ox t\u0259\u0259cc\u00fcb do\u011furan bir hadis\u0259dir. \u00c7\u00fcnki 30 illik m\u00fcst\u0259qillik d\u00f6vr\u00fcnd\u0259 bel\u0259 hadis\u0259l\u0259r ya\u015fanmam\u0131\u015fd\u0131\u201d. Bu s\u00f6zl\u0259ri Az\u0259rbaycan Prezidenti \u0130lham \u018fliyev \u201cAnadolu\u201d Agentliyin\u0259 m\u00fcsahib\u0259si zaman\u0131 \u0130ran\u0131n \u00f6lk\u0259mizl\u0259 s\u0259rh\u0259dd\u0259 ke\u00e7irdiyi h\u0259rbi t\u0259liml\u0259r bar\u0259d\u0259 dan\u0131\u015fark\u0259n deyib. \u201c\u0130lk n\u00f6vb\u0259d\u0259 dem\u0259liy\u0259m ki, h\u0259r \u00f6lk\u0259 \u00f6z \u0259razisind\u0259 ist\u0259diyi h\u0259rbi t\u0259liml\u0259ri ke\u00e7ir\u0259 bil\u0259r. Bu onun suveren h\u00fcququdur. Buna he\u00e7 kim s\u00f6z dey\u0259 bilm\u0259z. Ancaq bunu bir zaman k\u0259simind\u0259 t\u0259hlil ed\u0259rk\u0259n,\u00a0daha \u0259vv\u0259l he\u00e7 vaxt\u00a0bel\u0259 bir \u015feyin olmad\u0131\u011f\u0131n\u0131 g\u00f6r\u00fcr\u00fck. Niy\u0259 indi v\u0259 bizim s\u0259rh\u0259dimizd\u0259? Bu suallar\u0131 m\u0259n yox, Az\u0259rbaycan c\u0259miyy\u0259ti soru\u015fur. Bu sual\u0131 d\u00fcnyadak\u0131 az\u0259rbaycanl\u0131lar&hellip;<\/p>\n","protected":false},"author":2,"featured_media":383236,"comment_status":"closed","ping_status":"closed","sticky":false,"template":"","format":"standard","meta":{"om_disable_all_campaigns":false,"_monsterinsights_skip_tracking":false,"_monsterinsights_sitenote_active":false,"_monsterinsights_sitenote_note":"","_monsterinsights_sitenote_category":0},"categories":[4],"tags":[],"aioseo_notices":[],"gutentor_comment":0,"rttpg_featured_image_url":{"full":["https:\/\/arantv.az\/wp-content\/uploads\/2021\/09\/FotoJet-2021-09-27T140223.469.jpg",620,413,false],"landscape":["https:\/\/arantv.az\/wp-content\/uploads\/2021\/09\/FotoJet-2021-09-27T140223.469.jpg",620,413,false],"portraits":["https:\/\/arantv.az\/wp-content\/uploads\/2021\/09\/FotoJet-2021-09-27T140223.469.jpg",620,413,false],"thumbnail":["https:\/\/arantv.az\/wp-content\/uploads\/2021\/09\/FotoJet-2021-09-27T140223.469-500x280.jpg",500,280,true],"medium":["https:\/\/arantv.az\/wp-content\/uploads\/2021\/09\/FotoJet-2021-09-27T140223.469-548x365.jpg",548,365,true],"large":["https:\/\/arantv.az\/wp-content\/uploads\/2021\/09\/FotoJet-2021-09-27T140223.469.jpg",620,413,false],"1536x1536":["https:\/\/arantv.az\/wp-content\/uploads\/2021\/09\/FotoJet-2021-09-27T140223.469.jpg",620,413,false],"2048x2048":["https:\/\/arantv.az\/wp-content\/uploads\/2021\/09\/FotoJet-2021-09-27T140223.469.jpg",620,413,false],"post-thumbnail":["https:\/\/arantv.az\/wp-content\/uploads\/2021\/09\/FotoJet-2021-09-27T140223.469-240x172.jpg",240,172,true],"advps-thumb-one":["https:\/\/arantv.az\/wp-content\/uploads\/2021\/09\/FotoJet-2021-09-27T140223.469.jpg",620,413,false]},"rttpg_author":{"display_name":"V\u00fcsal Rafiqo\u011flu","author_link":"https:\/\/arantv.az\/?author=2"},"rttpg_comment":0,"rttpg_category":"<a href=\"https:\/\/arantv.az\/?cat=4\" rel=\"category\">Siyas\u0259t<\/a>","rttpg_excerpt":"\u201cS\u0259rh\u0259dl\u0259rimiz yax\u0131nl\u0131\u011f\u0131nda ke\u00e7iril\u0259n h\u0259rbi t\u0259liml\u0259r \u00e7ox t\u0259\u0259cc\u00fcb do\u011furan bir hadis\u0259dir. \u00c7\u00fcnki 30 illik m\u00fcst\u0259qillik d\u00f6vr\u00fcnd\u0259 bel\u0259 hadis\u0259l\u0259r ya\u015fanmam\u0131\u015fd\u0131\u201d. Bu s\u00f6zl\u0259ri Az\u0259rbaycan Prezidenti \u0130lham \u018fliyev \u201cAnadolu\u201d Agentliyin\u0259 m\u00fcsahib\u0259si zaman\u0131 \u0130ran\u0131n \u00f6lk\u0259mizl\u0259 s\u0259rh\u0259dd\u0259 ke\u00e7irdiyi h\u0259rbi t\u0259liml\u0259r bar\u0259d\u0259 dan\u0131\u015fark\u0259n deyib. \u201c\u0130lk n\u00f6vb\u0259d\u0259 dem\u0259liy\u0259m ki, h\u0259r \u00f6lk\u0259 \u00f6z \u0259razisind\u0259 ist\u0259diyi h\u0259rbi t\u0259liml\u0259ri ke\u00e7ir\u0259 bil\u0259r. Bu onun suveren h\u00fcququdur. Buna&hellip;","_links":{"self":[{"href":"https:\/\/arantv.az\/index.php?rest_route=\/wp\/v2\/posts\/383235"}],"collection":[{"href":"https:\/\/arantv.az\/index.php?rest_route=\/wp\/v2\/posts"}],"about":[{"href":"https:\/\/arantv.az\/index.php?rest_route=\/wp\/v2\/types\/post"}],"author":[{"embeddable":true,"href":"https:\/\/arantv.az\/index.php?rest_route=\/wp\/v2\/users\/2"}],"replies":[{"embeddable":true,"href":"https:\/\/arantv.az\/index.php?rest_route=%2Fwp%2Fv2%2Fcomments&post=383235"}],"version-history":[{"count":0,"href":"https:\/\/arantv.az\/index.php?rest_route=\/wp\/v2\/posts\/383235\/revisions"}],"wp:featuredmedia":[{"embeddable":true,"href":"https:\/\/arantv.az\/index.php?rest_route=\/wp\/v2\/media\/383236"}],"wp:attachment":[{"href":"https:\/\/arantv.az\/index.php?rest_route=%2Fwp%2Fv2%2Fmedia&parent=383235"}],"wp:term":[{"taxonomy":"category","embeddable":true,"href":"https:\/\/arantv.az\/index.php?rest_route=%2Fwp%2Fv2%2Fcategories&post=383235"},{"taxonomy":"post_tag","embeddable":true,"href":"https:\/\/arantv.az\/index.php?rest_route=%2Fwp%2Fv2%2Ftags&post=383235"}],"curies":[{"name":"wp","href":"https:\/\/api.w.org\/{rel}","templated":true}]}}