{"id":383238,"date":"2021-09-27T14:01:15","date_gmt":"2021-09-27T11:01:15","guid":{"rendered":"http:\/\/arantv.az\/?p=383238"},"modified":"2021-09-27T14:01:15","modified_gmt":"2021-09-27T11:01:15","slug":"haaqada-anim-gunu-il%c9%99-bagli-s%c9%99ssiz-yurus-kecirilib","status":"publish","type":"post","link":"https:\/\/arantv.az\/?p=383238","title":{"rendered":"Haaqada An\u0131m G\u00fcn\u00fc il\u0259 ba\u011fl\u0131 \u201cs\u0259ssiz\u201d y\u00fcr\u00fc\u015f ke\u00e7irilib"},"content":{"rendered":"<p>Haaqa \u015f\u0259h\u0259rind\u0259 V\u0259t\u0259n m\u00fcharib\u0259sinin ild\u00f6n\u00fcm\u00fc il\u0259 \u0259laq\u0259dar 27 sentyabr \u2013 An\u0131m G\u00fcn\u00fcn\u0259 h\u0259sr olunmu\u015f \u201cs\u0259ssiz\u201d y\u00fcr\u00fc\u015f v\u0259 aksiya ke\u00e7irilib.<\/p>\n<p>Bu bar\u0259d\u0259 Diasporla \u0130\u015f \u00fczr\u0259 D\u00f6vl\u0259t Komit\u0259si m\u0259lumat yay\u0131b.<\/p>\n<div id=\"AdviadNativeVideo0\" class=\"AdviadNativeVideo\"><\/div>\n<p>Bildirilib ki, aksiya Niderland-Bel\u00e7ika Az\u0259rbaycanl\u0131lar\u0131 Koordinasiya \u015euras\u0131n\u0131n \u00fczv t\u0259\u015fkilatlar\u0131 \u2013\u00a0 Niderland-Az\u0259rbaycan \u201cOdlar Yurdu\u201d C\u0259miyy\u0259ti v\u0259 \u201cAna V\u0259t\u0259n \u201d Avropa Az\u0259rbaycanl\u0131 Qad\u0131nlar Birliyinin birg\u0259 t\u0259\u015f\u0259bb\u00fcs\u00fc v\u0259 t\u0259\u015fkilat\u00e7\u0131l\u0131\u011f\u0131 il\u0259 ba\u015f tutub.<\/p>\n<p>Y\u00fcr\u00fc\u015f Haaqadak\u0131 S\u00fclh Saray\u0131ndan (Vredes Paleis) ba\u015flay\u0131b v\u0259 Az\u0259rbaycan\u0131n Niderland Krall\u0131\u011f\u0131ndak\u0131 s\u0259firliyinin qar\u015f\u0131s\u0131nda ba\u015fa \u00e7at\u0131b. \u018fll\u0259rind\u0259 Az\u0259rbaycan v\u0259 T\u00fcrkiy\u0259nin d\u00f6vl\u0259t bayraqlar\u0131n\u0131 tutan soyda\u015flar\u0131m\u0131z q\u0259hr\u0259man \u015f\u0259hidl\u0259rimizin fotolar\u0131n\u0131, \u201c27 sentyabr \u2013 Az\u0259rbaycanda An\u0131m G\u00fcn\u00fcd\u00fcr!\u201d, \u201cQaraba\u011f Az\u0259rbaycand\u0131r!\u201d, \u201cBiz he\u00e7 vaxt unutmayaca\u011f\u0131q!\u201d v\u0259 dig\u0259r \u015f\u00fcarlar\u0131 n\u00fcmayi\u015f etdiribl\u0259r.<\/p>\n","protected":false},"excerpt":{"rendered":"<p>Haaqa \u015f\u0259h\u0259rind\u0259 V\u0259t\u0259n m\u00fcharib\u0259sinin ild\u00f6n\u00fcm\u00fc il\u0259 \u0259laq\u0259dar 27 sentyabr \u2013 An\u0131m G\u00fcn\u00fcn\u0259 h\u0259sr olunmu\u015f \u201cs\u0259ssiz\u201d y\u00fcr\u00fc\u015f v\u0259 aksiya ke\u00e7irilib. Bu bar\u0259d\u0259 Diasporla \u0130\u015f \u00fczr\u0259 D\u00f6vl\u0259t Komit\u0259si m\u0259lumat yay\u0131b. Bildirilib ki, aksiya Niderland-Bel\u00e7ika Az\u0259rbaycanl\u0131lar\u0131 Koordinasiya \u015euras\u0131n\u0131n \u00fczv t\u0259\u015fkilatlar\u0131 \u2013\u00a0 Niderland-Az\u0259rbaycan \u201cOdlar Yurdu\u201d C\u0259miyy\u0259ti v\u0259 \u201cAna V\u0259t\u0259n \u201d Avropa Az\u0259rbaycanl\u0131 Qad\u0131nlar Birliyinin birg\u0259 t\u0259\u015f\u0259bb\u00fcs\u00fc v\u0259 t\u0259\u015fkilat\u00e7\u0131l\u0131\u011f\u0131 il\u0259 ba\u015f tutub. Y\u00fcr\u00fc\u015f Haaqadak\u0131 S\u00fclh Saray\u0131ndan (Vredes Paleis) ba\u015flay\u0131b v\u0259 Az\u0259rbaycan\u0131n Niderland Krall\u0131\u011f\u0131ndak\u0131 s\u0259firliyinin qar\u015f\u0131s\u0131nda ba\u015fa \u00e7at\u0131b. \u018fll\u0259rind\u0259 Az\u0259rbaycan v\u0259 T\u00fcrkiy\u0259nin d\u00f6vl\u0259t bayraqlar\u0131n\u0131 tutan soyda\u015flar\u0131m\u0131z q\u0259hr\u0259man \u015f\u0259hidl\u0259rimizin fotolar\u0131n\u0131, \u201c27 sentyabr \u2013 Az\u0259rbaycanda An\u0131m G\u00fcn\u00fcd\u00fcr!\u201d, \u201cQaraba\u011f&hellip;<\/p>\n","protected":false},"author":2,"featured_media":383239,"comment_status":"closed","ping_status":"closed","sticky":false,"template":"","format":"standard","meta":{"om_disable_all_campaigns":false,"_monsterinsights_skip_tracking":false,"_monsterinsights_sitenote_active":false,"_monsterinsights_sitenote_note":"","_monsterinsights_sitenote_category":0},"categories":[26],"tags":[],"aioseo_notices":[],"gutentor_comment":0,"rttpg_featured_image_url":{"full":["https:\/\/arantv.az\/wp-content\/uploads\/2021\/09\/deff9b4d-44bb-4066-97f4-b4adb3fff4a1.jpg",620,413,false],"landscape":["https:\/\/arantv.az\/wp-content\/uploads\/2021\/09\/deff9b4d-44bb-4066-97f4-b4adb3fff4a1.jpg",620,413,false],"portraits":["https:\/\/arantv.az\/wp-content\/uploads\/2021\/09\/deff9b4d-44bb-4066-97f4-b4adb3fff4a1.jpg",620,413,false],"thumbnail":["https:\/\/arantv.az\/wp-content\/uploads\/2021\/09\/deff9b4d-44bb-4066-97f4-b4adb3fff4a1-500x280.jpg",500,280,true],"medium":["https:\/\/arantv.az\/wp-content\/uploads\/2021\/09\/deff9b4d-44bb-4066-97f4-b4adb3fff4a1-548x365.jpg",548,365,true],"large":["https:\/\/arantv.az\/wp-content\/uploads\/2021\/09\/deff9b4d-44bb-4066-97f4-b4adb3fff4a1.jpg",620,413,false],"1536x1536":["https:\/\/arantv.az\/wp-content\/uploads\/2021\/09\/deff9b4d-44bb-4066-97f4-b4adb3fff4a1.jpg",620,413,false],"2048x2048":["https:\/\/arantv.az\/wp-content\/uploads\/2021\/09\/deff9b4d-44bb-4066-97f4-b4adb3fff4a1.jpg",620,413,false],"post-thumbnail":["https:\/\/arantv.az\/wp-content\/uploads\/2021\/09\/deff9b4d-44bb-4066-97f4-b4adb3fff4a1-240x172.jpg",240,172,true],"advps-thumb-one":["https:\/\/arantv.az\/wp-content\/uploads\/2021\/09\/deff9b4d-44bb-4066-97f4-b4adb3fff4a1.jpg",620,413,false]},"rttpg_author":{"display_name":"V\u00fcsal Rafiqo\u011flu","author_link":"https:\/\/arantv.az\/?author=2"},"rttpg_comment":0,"rttpg_category":"<a href=\"https:\/\/arantv.az\/?cat=26\" rel=\"category\">Sosial<\/a>","rttpg_excerpt":"Haaqa \u015f\u0259h\u0259rind\u0259 V\u0259t\u0259n m\u00fcharib\u0259sinin ild\u00f6n\u00fcm\u00fc il\u0259 \u0259laq\u0259dar 27 sentyabr \u2013 An\u0131m G\u00fcn\u00fcn\u0259 h\u0259sr olunmu\u015f \u201cs\u0259ssiz\u201d y\u00fcr\u00fc\u015f v\u0259 aksiya ke\u00e7irilib. Bu bar\u0259d\u0259 Diasporla \u0130\u015f \u00fczr\u0259 D\u00f6vl\u0259t Komit\u0259si m\u0259lumat yay\u0131b. Bildirilib ki, aksiya Niderland-Bel\u00e7ika Az\u0259rbaycanl\u0131lar\u0131 Koordinasiya \u015euras\u0131n\u0131n \u00fczv t\u0259\u015fkilatlar\u0131 \u2013\u00a0 Niderland-Az\u0259rbaycan \u201cOdlar Yurdu\u201d C\u0259miyy\u0259ti v\u0259 \u201cAna V\u0259t\u0259n \u201d Avropa Az\u0259rbaycanl\u0131 Qad\u0131nlar Birliyinin birg\u0259 t\u0259\u015f\u0259bb\u00fcs\u00fc v\u0259 t\u0259\u015fkilat\u00e7\u0131l\u0131\u011f\u0131 il\u0259&hellip;","_links":{"self":[{"href":"https:\/\/arantv.az\/index.php?rest_route=\/wp\/v2\/posts\/383238"}],"collection":[{"href":"https:\/\/arantv.az\/index.php?rest_route=\/wp\/v2\/posts"}],"about":[{"href":"https:\/\/arantv.az\/index.php?rest_route=\/wp\/v2\/types\/post"}],"author":[{"embeddable":true,"href":"https:\/\/arantv.az\/index.php?rest_route=\/wp\/v2\/users\/2"}],"replies":[{"embeddable":true,"href":"https:\/\/arantv.az\/index.php?rest_route=%2Fwp%2Fv2%2Fcomments&post=383238"}],"version-history":[{"count":0,"href":"https:\/\/arantv.az\/index.php?rest_route=\/wp\/v2\/posts\/383238\/revisions"}],"wp:featuredmedia":[{"embeddable":true,"href":"https:\/\/arantv.az\/index.php?rest_route=\/wp\/v2\/media\/383239"}],"wp:attachment":[{"href":"https:\/\/arantv.az\/index.php?rest_route=%2Fwp%2Fv2%2Fmedia&parent=383238"}],"wp:term":[{"taxonomy":"category","embeddable":true,"href":"https:\/\/arantv.az\/index.php?rest_route=%2Fwp%2Fv2%2Fcategories&post=383238"},{"taxonomy":"post_tag","embeddable":true,"href":"https:\/\/arantv.az\/index.php?rest_route=%2Fwp%2Fv2%2Ftags&post=383238"}],"curies":[{"name":"wp","href":"https:\/\/api.w.org\/{rel}","templated":true}]}}