{"id":383244,"date":"2021-09-27T14:08:56","date_gmt":"2021-09-27T11:08:56","guid":{"rendered":"http:\/\/arantv.az\/?p=383244"},"modified":"2021-09-27T14:08:56","modified_gmt":"2021-09-27T11:08:56","slug":"dunyada-yegan%c9%99-xalqiq-ki-muharib%c9%99nin-baslamasina-sevindik-m%c9%99nsum-ibrahimov","status":"publish","type":"post","link":"https:\/\/arantv.az\/?p=383244","title":{"rendered":"\u201cD\u00fcnyada yegan\u0259 xalq\u0131q ki, m\u00fcharib\u0259nin ba\u015flamas\u0131na sevindik\u201c &#8211; M\u0259nsum \u0130brahimov"},"content":{"rendered":"<p>V\u0259t\u0259n m\u00fcharib\u0259sind\u0259 q\u0259hr\u0259mancas\u0131na d\u00f6y\u00fc\u015fm\u00fc\u015f, \u00f6lk\u0259mizin \u0259razi b\u00fct\u00f6vl\u00fcy\u00fc yolunda canlar\u0131n\u0131 f\u0259da etmi\u015f \u0259sg\u0259r v\u0259 zabitl\u0259rimiz\u0259, b\u00fct\u00fcn \u015f\u0259hidl\u0259rimiz\u0259 d\u0259rin ehtiram \u0259lam\u0259ti olaraq bu g\u00fcn Az\u0259rbaycanda An\u0131m G\u00fcn\u00fc qeyd edilir.<\/p>\n<p><strong>ARANTV.AZ<\/strong> yenisabah.az-a dan\u0131\u015fan Xalq artisti M\u0259nsum \u0130brahimov An\u0131m G\u00fcn\u00fcn\u00fc z\u0259f\u0259r v\u0259 iftixar g\u00fcn\u00fc kimi qeyd etdiyini bildirib:<\/p>\n<p>&#8220;Biz bu g\u00fcn\u00fc 30 ildir ki, g\u00f6zl\u0259yirdik, d\u00fcz 30 il idi ki, yurdumuza h\u0259sr\u0259t qalm\u0131\u015fd\u0131q. H\u0259mi\u015f\u0259 i\u015f\u011fal olunan \u0259razil\u0259rimizin yax\u0131nl\u0131\u011f\u0131ndak\u0131 k\u0259ndl\u0259r\u0259 gedirdik, oradan o taya, \u015eahbulaq Qalas\u0131na bax\u0131rd\u0131q v\u0259 qay\u0131d\u0131b g\u0259lirdik. Ora ke\u00e7\u0259 bilmirdik, h\u0259r zaman Ali Ba\u015f Komandan\u0131m\u0131z\u0131n ver\u0259c\u0259yi bu q\u0259rar\u0131 g\u00f6zl\u0259yirdik. Ke\u00e7\u0259n ilin bu g\u00fcn\u00fc Ali Ba\u015f Komandan\u0131m\u0131z bu \u0259mri verdi, h\u0259r k\u0259s sevindi. B\u0259lk\u0259 d\u0259 d\u00fcnyada yegan\u0259 xalq\u0131q ki, m\u00fcharib\u0259nin ba\u015flamas\u0131na sevindik. D\u00fcnyada m\u00fcharib\u0259y\u0259 he\u00e7 kim sevinmir, amma biz 30 il bu g\u00fcn\u00fc g\u00f6zl\u0259mi\u015fdik ki, torpaqlar\u0131m\u0131z\u0131 azad ed\u0259k. Sevincimizin s\u0259b\u0259bi d\u0259 m\u0259hz bu idi, 44 g\u00fcn\u00fc d\u0259 h\u0259y\u0259canla izl\u0259dik. Ke\u00e7\u0259n ilin bu g\u00fcn\u00fc Az\u0259rbaycan Z\u0259f\u0259r tarixinin ba\u015flad\u0131\u011f\u0131 g\u00fcnd\u00fcr. 44 g\u00fcn \u0259rzind\u0259 igidl\u0259rimiz Qaraba\u011fda tarix yazd\u0131lar. M\u0259n b\u00fct\u00fcn \u015f\u0259hidl\u0259rin ruhu qar\u015f\u0131s\u0131nda, qazil\u0259rimiz, m\u00fcz\u0259ff\u0259r ordumuz qar\u015f\u0131s\u0131nda ba\u015f \u0259yir\u0259m, onlar biz\u0259 bu z\u0259f\u0259ri ya\u015fatd\u0131lar. Biz bundan sonra qalib, z\u0259f\u0259r \u00e7alm\u0131\u015f bir \u00f6lk\u0259 kimi ya\u015fayaca\u011f\u0131q. \u0130n\u015fallah, Qaraba\u011f\u0131m\u0131z\u0131 tezlikl\u0259 qurub, oraya qay\u0131daca\u011f\u0131q. Biz orada \u0259b\u0259di olaraq f\u0259aliyy\u0259timiz\u0259 ba\u015flayaca\u011f\u0131q&#8221;.<\/p>\n<p>Xat\u0131rladaq ki, bu g\u00fcn saat 12:00-da \u00f6lk\u0259 \u0259razisind\u0259 \u015f\u0259hidl\u0259rin \u0259ziz xatir\u0259si bir d\u0259qiq\u0259lik s\u00fckutla yad edil\u0259c\u0259k. Ax\u015fam saatlar\u0131nda is\u0259 x\u00fcsusi i\u015f\u0131qland\u0131rma il\u0259 bir s\u0131ra binalarda, o c\u00fcml\u0259d\u0259n Heyd\u0259r \u018fliyev M\u0259rk\u0259zinin binas\u0131n\u0131n v\u0259 &#8220;Alov q\u00fcll\u0259l\u0259ri&#8221;nin \u00fcz\u0259rind\u0259 Az\u0259rbaycan bayra\u011f\u0131 \u0259ks olunacaq. M\u0259rk\u0259zi v\u0259 yerli icra hakimiyy\u0259ti strukturlar\u0131 t\u0259r\u0259find\u0259n g\u00fcn boyu silsil\u0259 t\u0259dbirl\u0259r t\u0259\u015fkil edil\u0259c\u0259k, el\u0259c\u0259 d\u0259 xarici \u00f6lk\u0259l\u0259rd\u0259 an\u0131m m\u0259rasiml\u0259ri ke\u00e7iril\u0259c\u0259k.<\/p>\n","protected":false},"excerpt":{"rendered":"<p>V\u0259t\u0259n m\u00fcharib\u0259sind\u0259 q\u0259hr\u0259mancas\u0131na d\u00f6y\u00fc\u015fm\u00fc\u015f, \u00f6lk\u0259mizin \u0259razi b\u00fct\u00f6vl\u00fcy\u00fc yolunda canlar\u0131n\u0131 f\u0259da etmi\u015f \u0259sg\u0259r v\u0259 zabitl\u0259rimiz\u0259, b\u00fct\u00fcn \u015f\u0259hidl\u0259rimiz\u0259 d\u0259rin ehtiram \u0259lam\u0259ti olaraq bu g\u00fcn Az\u0259rbaycanda An\u0131m G\u00fcn\u00fc qeyd edilir. ARANTV.AZ yenisabah.az-a dan\u0131\u015fan Xalq artisti M\u0259nsum \u0130brahimov An\u0131m G\u00fcn\u00fcn\u00fc z\u0259f\u0259r v\u0259 iftixar g\u00fcn\u00fc kimi qeyd etdiyini bildirib: &#8220;Biz bu g\u00fcn\u00fc 30 ildir ki, g\u00f6zl\u0259yirdik, d\u00fcz 30 il idi ki, yurdumuza h\u0259sr\u0259t qalm\u0131\u015fd\u0131q. H\u0259mi\u015f\u0259 i\u015f\u011fal olunan \u0259razil\u0259rimizin yax\u0131nl\u0131\u011f\u0131ndak\u0131 k\u0259ndl\u0259r\u0259 gedirdik, oradan o taya, \u015eahbulaq Qalas\u0131na bax\u0131rd\u0131q v\u0259 qay\u0131d\u0131b g\u0259lirdik. Ora ke\u00e7\u0259 bilmirdik, h\u0259r zaman Ali Ba\u015f Komandan\u0131m\u0131z\u0131n ver\u0259c\u0259yi bu q\u0259rar\u0131 g\u00f6zl\u0259yirdik. Ke\u00e7\u0259n ilin bu&hellip;<\/p>\n","protected":false},"author":2,"featured_media":383245,"comment_status":"closed","ping_status":"closed","sticky":false,"template":"","format":"standard","meta":{"om_disable_all_campaigns":false,"_monsterinsights_skip_tracking":false,"_monsterinsights_sitenote_active":false,"_monsterinsights_sitenote_note":"","_monsterinsights_sitenote_category":0},"categories":[26],"tags":[],"aioseo_notices":[],"gutentor_comment":0,"rttpg_featured_image_url":{"full":["https:\/\/arantv.az\/wp-content\/uploads\/2021\/09\/982940.jpg",800,600,false],"landscape":["https:\/\/arantv.az\/wp-content\/uploads\/2021\/09\/982940.jpg",800,600,false],"portraits":["https:\/\/arantv.az\/wp-content\/uploads\/2021\/09\/982940.jpg",800,600,false],"thumbnail":["https:\/\/arantv.az\/wp-content\/uploads\/2021\/09\/982940-500x280.jpg",500,280,true],"medium":["https:\/\/arantv.az\/wp-content\/uploads\/2021\/09\/982940-487x365.jpg",487,365,true],"large":["https:\/\/arantv.az\/wp-content\/uploads\/2021\/09\/982940.jpg",640,480,false],"1536x1536":["https:\/\/arantv.az\/wp-content\/uploads\/2021\/09\/982940.jpg",800,600,false],"2048x2048":["https:\/\/arantv.az\/wp-content\/uploads\/2021\/09\/982940.jpg",800,600,false],"post-thumbnail":["https:\/\/arantv.az\/wp-content\/uploads\/2021\/09\/982940-240x172.jpg",240,172,true],"advps-thumb-one":["https:\/\/arantv.az\/wp-content\/uploads\/2021\/09\/982940.jpg",800,600,false]},"rttpg_author":{"display_name":"V\u00fcsal Rafiqo\u011flu","author_link":"https:\/\/arantv.az\/?author=2"},"rttpg_comment":0,"rttpg_category":"<a href=\"https:\/\/arantv.az\/?cat=26\" rel=\"category\">Sosial<\/a>","rttpg_excerpt":"V\u0259t\u0259n m\u00fcharib\u0259sind\u0259 q\u0259hr\u0259mancas\u0131na d\u00f6y\u00fc\u015fm\u00fc\u015f, \u00f6lk\u0259mizin \u0259razi b\u00fct\u00f6vl\u00fcy\u00fc yolunda canlar\u0131n\u0131 f\u0259da etmi\u015f \u0259sg\u0259r v\u0259 zabitl\u0259rimiz\u0259, b\u00fct\u00fcn \u015f\u0259hidl\u0259rimiz\u0259 d\u0259rin ehtiram \u0259lam\u0259ti olaraq bu g\u00fcn Az\u0259rbaycanda An\u0131m G\u00fcn\u00fc qeyd edilir. ARANTV.AZ yenisabah.az-a dan\u0131\u015fan Xalq artisti M\u0259nsum \u0130brahimov An\u0131m G\u00fcn\u00fcn\u00fc z\u0259f\u0259r v\u0259 iftixar g\u00fcn\u00fc kimi qeyd etdiyini bildirib: &#8220;Biz bu g\u00fcn\u00fc 30 ildir ki, g\u00f6zl\u0259yirdik, d\u00fcz 30 il idi&hellip;","_links":{"self":[{"href":"https:\/\/arantv.az\/index.php?rest_route=\/wp\/v2\/posts\/383244"}],"collection":[{"href":"https:\/\/arantv.az\/index.php?rest_route=\/wp\/v2\/posts"}],"about":[{"href":"https:\/\/arantv.az\/index.php?rest_route=\/wp\/v2\/types\/post"}],"author":[{"embeddable":true,"href":"https:\/\/arantv.az\/index.php?rest_route=\/wp\/v2\/users\/2"}],"replies":[{"embeddable":true,"href":"https:\/\/arantv.az\/index.php?rest_route=%2Fwp%2Fv2%2Fcomments&post=383244"}],"version-history":[{"count":0,"href":"https:\/\/arantv.az\/index.php?rest_route=\/wp\/v2\/posts\/383244\/revisions"}],"wp:featuredmedia":[{"embeddable":true,"href":"https:\/\/arantv.az\/index.php?rest_route=\/wp\/v2\/media\/383245"}],"wp:attachment":[{"href":"https:\/\/arantv.az\/index.php?rest_route=%2Fwp%2Fv2%2Fmedia&parent=383244"}],"wp:term":[{"taxonomy":"category","embeddable":true,"href":"https:\/\/arantv.az\/index.php?rest_route=%2Fwp%2Fv2%2Fcategories&post=383244"},{"taxonomy":"post_tag","embeddable":true,"href":"https:\/\/arantv.az\/index.php?rest_route=%2Fwp%2Fv2%2Ftags&post=383244"}],"curies":[{"name":"wp","href":"https:\/\/api.w.org\/{rel}","templated":true}]}}