{"id":383248,"date":"2021-09-27T14:10:22","date_gmt":"2021-09-27T11:10:22","guid":{"rendered":"http:\/\/arantv.az\/?p=383248"},"modified":"2021-09-27T14:10:22","modified_gmt":"2021-09-27T11:10:22","slug":"27-sentyabr-30-illik-k%c9%99d%c9%99ri-boyuk-sevinc%c9%99-cevir%c9%99n-prosesin-baslandigi-gundur-f%c9%99xr%c9%99ddin-altun","status":"publish","type":"post","link":"https:\/\/arantv.az\/?p=383248","title":{"rendered":"27 Sentyabr 30 illik k\u0259d\u0259ri b\u00f6y\u00fck sevinc\u0259 \u00e7evir\u0259n prosesin ba\u015fland\u0131\u011f\u0131 g\u00fcnd\u00fcr &#8211; F\u0259xr\u0259ddin Altun"},"content":{"rendered":"<p><strong>27 Sentyabr az\u0259rbaycanl\u0131 qarda\u015flar\u0131m\u0131z\u0131n q\u0259lbind\u0259 30 illik k\u0259d\u0259ri b\u00f6y\u00fck bir sevinc\u0259 \u00e7evir\u0259n prosesin ba\u015fland\u0131\u011f\u0131 g\u00fcnd\u00fcr<\/strong><\/p>\n<p><strong>ARANTV.AZ\u00a0<\/strong> <a href=\"https:\/\/az.trend.az\/\" target=\"_blank\" rel=\"noopener\">Trend<\/a>-\u0259 istinad\u0259n bildirir ki,\u00a0bunu T\u00fcrkiy\u0259 Prezident Administrasiyas\u0131n\u0131n Kommunikasiya \u0130dar\u0259sinin r\u0259hb\u0259ri F\u0259xr\u0259ddin Altun &#8220;Twitter&#8221;d\u0259 bildirib.<\/p>\n<p>F.Altun qeyd edib ki, sentyabr\u0131n 27-d\u0259 Az\u0259rbaycan Erm\u0259nistan\u0131n qanunsuz i\u015f\u011fal\u0131na qar\u015f\u0131 beyn\u0259lxalq h\u00fcququn t\u0259l\u0259bl\u0259rin\u0259 \u0259saslanaraq h\u0259rbi \u0259m\u0259liyyata ba\u015flay\u0131b:<\/p>\n<p>&#8220;Ordusu v\u0259 xalq\u0131 il\u0259 birlikd\u0259 \u00e7ox q\u0131sa zamanda Qaraba\u011f\u0131 azad ed\u0259r\u0259k b\u00f6y\u00fck bir dastan yazan qarda\u015f Az\u0259rbaycan\u0131 v\u0259 xalq\u0131n\u0131 t\u0259brik edir\u0259m&#8221;.<\/p>\n<p>Qeyd ed\u0259k ki, Az\u0259rbaycan Respublikas\u0131 Prezidenti \u0130lham \u018fliyevin 2 dekabr 2020-ci il S\u0259r\u0259ncam\u0131na \u0259sas\u0259n V\u0259t\u0259n M\u00fcharib\u0259sind\u0259 q\u0259hr\u0259mancas\u0131na d\u00f6y\u00fc\u015f\u0259n Az\u0259rbaycan Bayra\u011f\u0131n\u0131 i\u015f\u011faldan azad edil\u0259n torpaqlar\u0131m\u0131zda dal\u011faland\u0131ran, \u00f6lk\u0259mizin \u0259razi b\u00fct\u00f6vl\u00fcy\u00fc yolunda canlar\u0131n\u0131 f\u0259da ed\u0259n \u0259sg\u0259r v\u0259 zabitl\u0259rimiz\u0259, b\u00fct\u00fcn \u015f\u0259hidl\u0259rimiz\u0259 d\u0259rin ehtiram \u0259lam\u0259ti olaraq 27 sentyabr Respublikam\u0131zda An\u0131m G\u00fcn\u00fc kimi qeyd olunur.<\/p>\n","protected":false},"excerpt":{"rendered":"<p>27 Sentyabr az\u0259rbaycanl\u0131 qarda\u015flar\u0131m\u0131z\u0131n q\u0259lbind\u0259 30 illik k\u0259d\u0259ri b\u00f6y\u00fck bir sevinc\u0259 \u00e7evir\u0259n prosesin ba\u015fland\u0131\u011f\u0131 g\u00fcnd\u00fcr ARANTV.AZ\u00a0 Trend-\u0259 istinad\u0259n bildirir ki,\u00a0bunu T\u00fcrkiy\u0259 Prezident Administrasiyas\u0131n\u0131n Kommunikasiya \u0130dar\u0259sinin r\u0259hb\u0259ri F\u0259xr\u0259ddin Altun &#8220;Twitter&#8221;d\u0259 bildirib. F.Altun qeyd edib ki, sentyabr\u0131n 27-d\u0259 Az\u0259rbaycan Erm\u0259nistan\u0131n qanunsuz i\u015f\u011fal\u0131na qar\u015f\u0131 beyn\u0259lxalq h\u00fcququn t\u0259l\u0259bl\u0259rin\u0259 \u0259saslanaraq h\u0259rbi \u0259m\u0259liyyata ba\u015flay\u0131b: &#8220;Ordusu v\u0259 xalq\u0131 il\u0259 birlikd\u0259 \u00e7ox q\u0131sa zamanda Qaraba\u011f\u0131 azad ed\u0259r\u0259k b\u00f6y\u00fck bir dastan yazan qarda\u015f Az\u0259rbaycan\u0131 v\u0259 xalq\u0131n\u0131 t\u0259brik edir\u0259m&#8221;. Qeyd ed\u0259k ki, Az\u0259rbaycan Respublikas\u0131 Prezidenti \u0130lham \u018fliyevin 2 dekabr 2020-ci il S\u0259r\u0259ncam\u0131na \u0259sas\u0259n V\u0259t\u0259n M\u00fcharib\u0259sind\u0259 q\u0259hr\u0259mancas\u0131na d\u00f6y\u00fc\u015f\u0259n Az\u0259rbaycan Bayra\u011f\u0131n\u0131 i\u015f\u011faldan&hellip;<\/p>\n","protected":false},"author":2,"featured_media":383249,"comment_status":"closed","ping_status":"closed","sticky":false,"template":"","format":"standard","meta":{"om_disable_all_campaigns":false,"_monsterinsights_skip_tracking":false,"_monsterinsights_sitenote_active":false,"_monsterinsights_sitenote_note":"","_monsterinsights_sitenote_category":0},"categories":[4],"tags":[],"aioseo_notices":[],"gutentor_comment":0,"rttpg_featured_image_url":{"full":["https:\/\/arantv.az\/wp-content\/uploads\/2021\/09\/982979.jpg",800,600,false],"landscape":["https:\/\/arantv.az\/wp-content\/uploads\/2021\/09\/982979.jpg",800,600,false],"portraits":["https:\/\/arantv.az\/wp-content\/uploads\/2021\/09\/982979.jpg",800,600,false],"thumbnail":["https:\/\/arantv.az\/wp-content\/uploads\/2021\/09\/982979-500x280.jpg",500,280,true],"medium":["https:\/\/arantv.az\/wp-content\/uploads\/2021\/09\/982979-487x365.jpg",487,365,true],"large":["https:\/\/arantv.az\/wp-content\/uploads\/2021\/09\/982979.jpg",640,480,false],"1536x1536":["https:\/\/arantv.az\/wp-content\/uploads\/2021\/09\/982979.jpg",800,600,false],"2048x2048":["https:\/\/arantv.az\/wp-content\/uploads\/2021\/09\/982979.jpg",800,600,false],"post-thumbnail":["https:\/\/arantv.az\/wp-content\/uploads\/2021\/09\/982979-240x172.jpg",240,172,true],"advps-thumb-one":["https:\/\/arantv.az\/wp-content\/uploads\/2021\/09\/982979.jpg",800,600,false]},"rttpg_author":{"display_name":"V\u00fcsal Rafiqo\u011flu","author_link":"https:\/\/arantv.az\/?author=2"},"rttpg_comment":0,"rttpg_category":"<a href=\"https:\/\/arantv.az\/?cat=4\" rel=\"category\">Siyas\u0259t<\/a>","rttpg_excerpt":"27 Sentyabr az\u0259rbaycanl\u0131 qarda\u015flar\u0131m\u0131z\u0131n q\u0259lbind\u0259 30 illik k\u0259d\u0259ri b\u00f6y\u00fck bir sevinc\u0259 \u00e7evir\u0259n prosesin ba\u015fland\u0131\u011f\u0131 g\u00fcnd\u00fcr ARANTV.AZ\u00a0 Trend-\u0259 istinad\u0259n bildirir ki,\u00a0bunu T\u00fcrkiy\u0259 Prezident Administrasiyas\u0131n\u0131n Kommunikasiya \u0130dar\u0259sinin r\u0259hb\u0259ri F\u0259xr\u0259ddin Altun &#8220;Twitter&#8221;d\u0259 bildirib. F.Altun qeyd edib ki, sentyabr\u0131n 27-d\u0259 Az\u0259rbaycan Erm\u0259nistan\u0131n qanunsuz i\u015f\u011fal\u0131na qar\u015f\u0131 beyn\u0259lxalq h\u00fcququn t\u0259l\u0259bl\u0259rin\u0259 \u0259saslanaraq h\u0259rbi \u0259m\u0259liyyata ba\u015flay\u0131b: &#8220;Ordusu v\u0259 xalq\u0131 il\u0259 birlikd\u0259 \u00e7ox q\u0131sa&hellip;","_links":{"self":[{"href":"https:\/\/arantv.az\/index.php?rest_route=\/wp\/v2\/posts\/383248"}],"collection":[{"href":"https:\/\/arantv.az\/index.php?rest_route=\/wp\/v2\/posts"}],"about":[{"href":"https:\/\/arantv.az\/index.php?rest_route=\/wp\/v2\/types\/post"}],"author":[{"embeddable":true,"href":"https:\/\/arantv.az\/index.php?rest_route=\/wp\/v2\/users\/2"}],"replies":[{"embeddable":true,"href":"https:\/\/arantv.az\/index.php?rest_route=%2Fwp%2Fv2%2Fcomments&post=383248"}],"version-history":[{"count":0,"href":"https:\/\/arantv.az\/index.php?rest_route=\/wp\/v2\/posts\/383248\/revisions"}],"wp:featuredmedia":[{"embeddable":true,"href":"https:\/\/arantv.az\/index.php?rest_route=\/wp\/v2\/media\/383249"}],"wp:attachment":[{"href":"https:\/\/arantv.az\/index.php?rest_route=%2Fwp%2Fv2%2Fmedia&parent=383248"}],"wp:term":[{"taxonomy":"category","embeddable":true,"href":"https:\/\/arantv.az\/index.php?rest_route=%2Fwp%2Fv2%2Fcategories&post=383248"},{"taxonomy":"post_tag","embeddable":true,"href":"https:\/\/arantv.az\/index.php?rest_route=%2Fwp%2Fv2%2Ftags&post=383248"}],"curies":[{"name":"wp","href":"https:\/\/api.w.org\/{rel}","templated":true}]}}