{"id":383251,"date":"2021-09-27T14:11:43","date_gmt":"2021-09-27T11:11:43","guid":{"rendered":"http:\/\/arantv.az\/?p=383251"},"modified":"2021-09-27T14:11:43","modified_gmt":"2021-09-27T11:11:43","slug":"s%c9%99hidl%c9%99rin-xatir%c9%99si-%c9%99b%c9%99dil%c9%99sdirilir-video","status":"publish","type":"post","link":"https:\/\/arantv.az\/?p=383251","title":{"rendered":"\u015e\u0259hidl\u0259rin xatir\u0259si \u0259b\u0259dil\u0259\u015fdirilir &#8211; V\u0130DEO"},"content":{"rendered":"<div class=\"article_text\">\n<blockquote><p><strong>N\u0259rimanov rayonunda \u015f\u0259hidl\u0259r\u0259 xatir\u0259 kompleksinin t\u0259m\u0259li qoyulub<\/strong><\/p><\/blockquote>\n<p><strong>ARANTV.AZ\u00a0<\/strong> Real TV-y\u0259 istinad\u0259n bildirir ki, V\u0259t\u0259n M\u00fcharib\u0259sind\u0259 N\u0259rimanov rayon \u015f\u0259hidl\u0259rinin xatir\u0259sinin \u0259b\u0259dil\u0259\u015fdirilm\u0259si m\u0259qs\u0259di il\u0259 rayon \u0259razisind\u0259 Xatir\u0259 Kompleksinin t\u0259m\u0259li qoyulub.<\/p>\n<p>V\u0259t\u0259n \u00f6vladlar\u0131n\u0131n xatir\u0259sinin \u0259b\u0259dil\u0259\u015fm\u0259si m\u0259qs\u0259dil\u0259 in\u015fa edil\u0259c\u0259k kompleksin t\u0259m\u0259lqoyma m\u0259rasimind\u0259 Milli M\u0259clisin s\u0259dr m\u00fcavini Adil \u018fliyev, N\u0259rimanov Rayon \u0130cra Hakimiyy\u0259tinin ba\u015f\u00e7\u0131s\u0131 Abdin F\u0259rz\u0259liyev, Milli M\u0259clisin \u00fczvl\u0259ri Rasim Musab\u0259yov v\u0259 Hikm\u0259t Babao\u011flu, rayon h\u00fcquq-m\u00fchafiz\u0259 orqanlar\u0131n\u0131n r\u0259hb\u0259rl\u0259ri, \u015f\u0259hid ail\u0259l\u0259ri, qazil\u0259r, ictimaiyy\u0259t n\u00fcmay\u0259nd\u0259l\u0259ri, rayon g\u0259ncl\u0259ri i\u015ftirak edib.<\/p>\n<p>M\u0259rasimi giri\u015f s\u00f6z\u00fc il\u0259 a\u00e7\u0131q elan ed\u0259n Rayon \u0130cra Hakimiyy\u0259tinin ba\u015f\u00e7\u0131s\u0131 Abdin F\u0259rz\u0259liyev qeyd etdi ki, M\u00fcz\u0259ff\u0259r Ordumuz b\u00f6y\u00fck q\u0259hr\u0259manl\u0131q g\u00f6st\u0259r\u0259r\u0259k 44 g\u00fcnl\u00fck V\u0259t\u0259n M\u00fcharib\u0259sind\u0259 m\u0259nfur d\u00fc\u015fm\u0259nimizi a\u011f\u0131r m\u0259\u011flubiyy\u0259t\u0259 u\u011fratd\u0131 v\u0259 \u00f6lk\u0259mizin \u0259razi b\u00fct\u00f6vl\u00fcy\u00fcn\u00fc b\u0259rpa etdi.<\/p>\n<p>T\u0259dbird\u0259 i\u015ftirak ed\u0259n Milli M\u0259clisin s\u0259dr m\u00fcavini Adil \u018fliyev v\u0259 dig\u0259r \u00e7\u0131x\u0131\u015f\u00e7\u0131lar \u00f6z \u00e7\u0131x\u0131\u015flar\u0131nda vur\u011fulay\u0131blar ki, bu g\u00fcn rayonumuzda ya\u015fayan \u015f\u0259hid ail\u0259l\u0259rinin, qazil\u0259rimizin, el\u0259c\u0259 d\u0259 m\u00fcharib\u0259 i\u015ftirak\u00e7\u0131lar\u0131n\u0131n h\u0259r birinin qay\u011f\u0131lar\u0131 bizim qay\u011f\u0131lar\u0131m\u0131zd\u0131r. D\u00f6vl\u0259timiz t\u0259r\u0259find\u0259n h\u0259r bir \u015f\u0259hidin V\u0259t\u0259n namin\u0259 xidm\u0259tl\u0259ri y\u00fcks\u0259k qiym\u0259tl\u0259ndirilir, xatir\u0259l\u0259ri \u0259b\u0259dil\u0259\u015fdirilir.<\/p>\n<p>Daha sonra \u015f\u0259hid ail\u0259l\u0259rinin \u00fczvl\u0259ri il\u0259 birg\u0259 Xatir\u0259 Kompleksinin b\u00fcn\u00f6vr\u0259si qoyuldu. Ucald\u0131lacaq Xatir\u0259 Kompleksi bar\u0259d\u0259 d\u0259 t\u0259dbir i\u015ftirak\u00e7\u0131lar\u0131na geni\u015f m\u0259lumat verildi.<\/p>\n<p>\u015e\u0259hid ail\u0259l\u0259ri \u00e7\u0131x\u0131\u015flar\u0131nda \u015f\u0259hid v\u0259 qazi ail\u0259l\u0259rin\u0259 g\u00f6st\u0259ril\u0259n diqq\u0259t v\u0259 qay\u011f\u0131ya g\u00f6r\u0259 \u00f6z minn\u0259tdarl\u0131qlar\u0131n\u0131 bildirdil\u0259r.<\/p>\n<p>&nbsp;<\/p>\n<p><iframe loading=\"lazy\" src=\"https:\/\/daytube.az\/embed\/115246\" width=\"670\" height=\"400\" frameborder=\"0\" allowfullscreen=\"allowfullscreen\" data-mce-fragment=\"1\"><\/iframe><\/p>\n<\/div>\n<div class=\"social-banner\"><\/div>\n","protected":false},"excerpt":{"rendered":"<p>N\u0259rimanov rayonunda \u015f\u0259hidl\u0259r\u0259 xatir\u0259 kompleksinin t\u0259m\u0259li qoyulub ARANTV.AZ\u00a0 Real TV-y\u0259 istinad\u0259n bildirir ki, V\u0259t\u0259n M\u00fcharib\u0259sind\u0259 N\u0259rimanov rayon \u015f\u0259hidl\u0259rinin xatir\u0259sinin \u0259b\u0259dil\u0259\u015fdirilm\u0259si m\u0259qs\u0259di il\u0259 rayon \u0259razisind\u0259 Xatir\u0259 Kompleksinin t\u0259m\u0259li qoyulub. V\u0259t\u0259n \u00f6vladlar\u0131n\u0131n xatir\u0259sinin \u0259b\u0259dil\u0259\u015fm\u0259si m\u0259qs\u0259dil\u0259 in\u015fa edil\u0259c\u0259k kompleksin t\u0259m\u0259lqoyma m\u0259rasimind\u0259 Milli M\u0259clisin s\u0259dr m\u00fcavini Adil \u018fliyev, N\u0259rimanov Rayon \u0130cra Hakimiyy\u0259tinin ba\u015f\u00e7\u0131s\u0131 Abdin F\u0259rz\u0259liyev, Milli M\u0259clisin \u00fczvl\u0259ri Rasim Musab\u0259yov v\u0259 Hikm\u0259t Babao\u011flu, rayon h\u00fcquq-m\u00fchafiz\u0259 orqanlar\u0131n\u0131n r\u0259hb\u0259rl\u0259ri, \u015f\u0259hid ail\u0259l\u0259ri, qazil\u0259r, ictimaiyy\u0259t n\u00fcmay\u0259nd\u0259l\u0259ri, rayon g\u0259ncl\u0259ri i\u015ftirak edib. M\u0259rasimi giri\u015f s\u00f6z\u00fc il\u0259 a\u00e7\u0131q elan ed\u0259n Rayon \u0130cra Hakimiyy\u0259tinin ba\u015f\u00e7\u0131s\u0131 Abdin F\u0259rz\u0259liyev qeyd etdi ki, M\u00fcz\u0259ff\u0259r Ordumuz&hellip;<\/p>\n","protected":false},"author":2,"featured_media":383252,"comment_status":"closed","ping_status":"closed","sticky":false,"template":"","format":"standard","meta":{"om_disable_all_campaigns":false,"_monsterinsights_skip_tracking":false,"_monsterinsights_sitenote_active":false,"_monsterinsights_sitenote_note":"","_monsterinsights_sitenote_category":0},"categories":[26],"tags":[],"aioseo_notices":[],"gutentor_comment":0,"rttpg_featured_image_url":{"full":["https:\/\/arantv.az\/wp-content\/uploads\/2021\/09\/982901.jpg",800,600,false],"landscape":["https:\/\/arantv.az\/wp-content\/uploads\/2021\/09\/982901.jpg",800,600,false],"portraits":["https:\/\/arantv.az\/wp-content\/uploads\/2021\/09\/982901.jpg",800,600,false],"thumbnail":["https:\/\/arantv.az\/wp-content\/uploads\/2021\/09\/982901-500x280.jpg",500,280,true],"medium":["https:\/\/arantv.az\/wp-content\/uploads\/2021\/09\/982901-487x365.jpg",487,365,true],"large":["https:\/\/arantv.az\/wp-content\/uploads\/2021\/09\/982901.jpg",640,480,false],"1536x1536":["https:\/\/arantv.az\/wp-content\/uploads\/2021\/09\/982901.jpg",800,600,false],"2048x2048":["https:\/\/arantv.az\/wp-content\/uploads\/2021\/09\/982901.jpg",800,600,false],"post-thumbnail":["https:\/\/arantv.az\/wp-content\/uploads\/2021\/09\/982901-240x172.jpg",240,172,true],"advps-thumb-one":["https:\/\/arantv.az\/wp-content\/uploads\/2021\/09\/982901.jpg",800,600,false]},"rttpg_author":{"display_name":"V\u00fcsal Rafiqo\u011flu","author_link":"https:\/\/arantv.az\/?author=2"},"rttpg_comment":0,"rttpg_category":"<a href=\"https:\/\/arantv.az\/?cat=26\" rel=\"category\">Sosial<\/a>","rttpg_excerpt":"N\u0259rimanov rayonunda \u015f\u0259hidl\u0259r\u0259 xatir\u0259 kompleksinin t\u0259m\u0259li qoyulub ARANTV.AZ\u00a0 Real TV-y\u0259 istinad\u0259n bildirir ki, V\u0259t\u0259n M\u00fcharib\u0259sind\u0259 N\u0259rimanov rayon \u015f\u0259hidl\u0259rinin xatir\u0259sinin \u0259b\u0259dil\u0259\u015fdirilm\u0259si m\u0259qs\u0259di il\u0259 rayon \u0259razisind\u0259 Xatir\u0259 Kompleksinin t\u0259m\u0259li qoyulub. V\u0259t\u0259n \u00f6vladlar\u0131n\u0131n xatir\u0259sinin \u0259b\u0259dil\u0259\u015fm\u0259si m\u0259qs\u0259dil\u0259 in\u015fa edil\u0259c\u0259k kompleksin t\u0259m\u0259lqoyma m\u0259rasimind\u0259 Milli M\u0259clisin s\u0259dr m\u00fcavini Adil \u018fliyev, N\u0259rimanov Rayon \u0130cra Hakimiyy\u0259tinin ba\u015f\u00e7\u0131s\u0131 Abdin F\u0259rz\u0259liyev, Milli M\u0259clisin \u00fczvl\u0259ri Rasim&hellip;","_links":{"self":[{"href":"https:\/\/arantv.az\/index.php?rest_route=\/wp\/v2\/posts\/383251"}],"collection":[{"href":"https:\/\/arantv.az\/index.php?rest_route=\/wp\/v2\/posts"}],"about":[{"href":"https:\/\/arantv.az\/index.php?rest_route=\/wp\/v2\/types\/post"}],"author":[{"embeddable":true,"href":"https:\/\/arantv.az\/index.php?rest_route=\/wp\/v2\/users\/2"}],"replies":[{"embeddable":true,"href":"https:\/\/arantv.az\/index.php?rest_route=%2Fwp%2Fv2%2Fcomments&post=383251"}],"version-history":[{"count":0,"href":"https:\/\/arantv.az\/index.php?rest_route=\/wp\/v2\/posts\/383251\/revisions"}],"wp:featuredmedia":[{"embeddable":true,"href":"https:\/\/arantv.az\/index.php?rest_route=\/wp\/v2\/media\/383252"}],"wp:attachment":[{"href":"https:\/\/arantv.az\/index.php?rest_route=%2Fwp%2Fv2%2Fmedia&parent=383251"}],"wp:term":[{"taxonomy":"category","embeddable":true,"href":"https:\/\/arantv.az\/index.php?rest_route=%2Fwp%2Fv2%2Fcategories&post=383251"},{"taxonomy":"post_tag","embeddable":true,"href":"https:\/\/arantv.az\/index.php?rest_route=%2Fwp%2Fv2%2Ftags&post=383251"}],"curies":[{"name":"wp","href":"https:\/\/api.w.org\/{rel}","templated":true}]}}