{"id":383254,"date":"2021-09-27T14:12:36","date_gmt":"2021-09-27T11:12:36","guid":{"rendered":"http:\/\/arantv.az\/?p=383254"},"modified":"2021-09-27T14:12:36","modified_gmt":"2021-09-27T11:12:36","slug":"s%c9%99hid-orxan-qasimovun-doyus-yolu-video","status":"publish","type":"post","link":"https:\/\/arantv.az\/?p=383254","title":{"rendered":"\u015e\u0259hid Orxan Qas\u0131movun d\u00f6y\u00fc\u015f yolu &#8211; V\u0130DEO"},"content":{"rendered":"<p><strong>O.Qas\u0131mov do\u011fma yurdu F\u00fczuli u\u011frunda \u015f\u0259hidlik zirv\u0259sin\u0259 ucal\u0131b<\/strong><\/p>\n<p>Art\u0131q pay\u0131z\u0131n-sentyabr\u0131n k\u0259d\u0259rli, bir o q\u0259d\u0259r d\u0259 q\u00fcrurverici havas\u0131 hiss olunur. Ba\u015f\u0131m\u0131z\u0131n \u00fcst\u00fcnd\u0259 bir yanda a\u011f, bir yanda is\u0259 qara bulutlar. M\u0259nc\u0259, bu t\u0259sad\u00fcfi deyil. Onlar\u0131 q\u0259hr\u0259manl\u0131q tarixi yazan, z\u0259f\u0259r tariximizin canl\u0131 m\u00fc\u0259llifl\u0259rinin izi kimi q\u0259l\u0259m\u0259 verm\u0259k m\u00fcmk\u00fcnd\u00fcr.<\/p>\n<p><strong>ARANTV.AZ<\/strong> Real TV-y\u0259 istinad\u0259n bildirir ki, bu g\u00fcn o m\u00fc\u0259llifl\u0259rd\u0259n biri &#8211; 44 g\u00fcnl\u00fck V\u0259t\u0259n m\u00fcharib\u0259si i\u015ftirak\u00e7\u0131s\u0131 \u015f\u0259hid Qas\u0131mov Orxan haqq\u0131nda dan\u0131\u015fmaq ist\u0259yir\u0259m.<\/p>\n<p>Qas\u0131mov Orxan Rizvan o\u011flu 21 yanvar 1996-c\u0131 ild\u0259 F\u00fczuli rayonunda anadan olub. 2013-c\u00fc ild\u0259 indiki Az\u0259rbaycan D\u00f6vl\u0259t Neft v\u0259 S\u0259naye Universitetinin Qaz-neft-m\u0259d\u0259n fak\u00fclt\u0259sinin Neft-qaz m\u00fch\u0259ndisliyi ixtisas\u0131n\u0131n \u0259yani \u015f\u00f6b\u0259sin\u0259 daxil olub v\u0259 2017-ci ild\u0259 oran\u0131 bitirib.<\/p>\n<p>\u018fsl\u0259n F\u00fczuli rayonundan m\u0259cburi k\u00f6\u00e7k\u00fcn olan q\u0259hr\u0259man \u015f\u0259hidimizin d\u00f6y\u00fc\u015f yolunu \u00f6yr\u0259nm\u0259k \u00fc\u00e7\u00fcn onun bir zamanlar ya\u015fad\u0131\u011f\u0131 ev\u0259 \u00fcz tutduq.<\/p>\n<p>G\u00f6r\u00fcnd\u00fcy\u00fc kimi, Orxan atas\u0131n\u0131n \u0259sl davam\u00e7\u0131s\u0131 olub. \u015e\u0259hid V\u0259t\u0259nini h\u0259r\u015feyd\u0259n \u00e7ox sevib.<\/p>\n<p>\u015e\u0259hidd\u0259n geriy\u0259 yaln\u0131z onun \u015f\u0259kill\u0259r\u0259,videolara v\u0259 yadda\u015flara h\u0259kk olunan xatir\u0259si qal\u0131b.<\/p>\n<p>Qeyd ed\u0259k ki, Qas\u0131mov Orxan Rizvan o\u011flu 2020-ci 27 sentyabr tarixind\u0259 F\u00fczuli rayonunda ba\u015f ver\u0259n d\u00f6y\u00fc\u015fl\u0259rd\u0259 \u015f\u0259hid olub.<br \/>\n\u00d6l\u00fcm\u00fcnd\u0259n sonra Prezidentin m\u00fcvafiq S\u0259r\u0259ncamlar\u0131 il\u0259 &#8220;F\u00fczuli rayonunun azadl\u0131\u011f\u0131 u\u011frunda&#8221;, &#8220;C\u0259sur d\u00f6y\u00fc\u015f\u00e7\u00fc&#8221; v\u0259 &#8220;V\u0259t\u0259n u\u011frunda&#8221; medallar\u0131 il\u0259 t\u0259ltif edilib.<\/p>\n<div class=\"article_text\">\n<p>&nbsp;<\/p>\n<p><iframe loading=\"lazy\" src=\"https:\/\/daytube.az\/embed\/115247\" width=\"670\" height=\"400\" frameborder=\"0\" allowfullscreen=\"allowfullscreen\" data-mce-fragment=\"1\"><\/iframe><\/p>\n<\/div>\n<div class=\"social-banner\"><\/div>\n","protected":false},"excerpt":{"rendered":"<p>O.Qas\u0131mov do\u011fma yurdu F\u00fczuli u\u011frunda \u015f\u0259hidlik zirv\u0259sin\u0259 ucal\u0131b Art\u0131q pay\u0131z\u0131n-sentyabr\u0131n k\u0259d\u0259rli, bir o q\u0259d\u0259r d\u0259 q\u00fcrurverici havas\u0131 hiss olunur. Ba\u015f\u0131m\u0131z\u0131n \u00fcst\u00fcnd\u0259 bir yanda a\u011f, bir yanda is\u0259 qara bulutlar. M\u0259nc\u0259, bu t\u0259sad\u00fcfi deyil. Onlar\u0131 q\u0259hr\u0259manl\u0131q tarixi yazan, z\u0259f\u0259r tariximizin canl\u0131 m\u00fc\u0259llifl\u0259rinin izi kimi q\u0259l\u0259m\u0259 verm\u0259k m\u00fcmk\u00fcnd\u00fcr. ARANTV.AZ Real TV-y\u0259 istinad\u0259n bildirir ki, bu g\u00fcn o m\u00fc\u0259llifl\u0259rd\u0259n biri &#8211; 44 g\u00fcnl\u00fck V\u0259t\u0259n m\u00fcharib\u0259si i\u015ftirak\u00e7\u0131s\u0131 \u015f\u0259hid Qas\u0131mov Orxan haqq\u0131nda dan\u0131\u015fmaq ist\u0259yir\u0259m. Qas\u0131mov Orxan Rizvan o\u011flu 21 yanvar 1996-c\u0131 ild\u0259 F\u00fczuli rayonunda anadan olub. 2013-c\u00fc ild\u0259 indiki Az\u0259rbaycan D\u00f6vl\u0259t Neft v\u0259 S\u0259naye Universitetinin&hellip;<\/p>\n","protected":false},"author":2,"featured_media":383255,"comment_status":"closed","ping_status":"closed","sticky":false,"template":"","format":"standard","meta":{"om_disable_all_campaigns":false,"_monsterinsights_skip_tracking":false,"_monsterinsights_sitenote_active":false,"_monsterinsights_sitenote_note":"","_monsterinsights_sitenote_category":0},"categories":[26],"tags":[],"aioseo_notices":[],"gutentor_comment":0,"rttpg_featured_image_url":{"full":["https:\/\/arantv.az\/wp-content\/uploads\/2021\/09\/982902.jpg",800,600,false],"landscape":["https:\/\/arantv.az\/wp-content\/uploads\/2021\/09\/982902.jpg",800,600,false],"portraits":["https:\/\/arantv.az\/wp-content\/uploads\/2021\/09\/982902.jpg",800,600,false],"thumbnail":["https:\/\/arantv.az\/wp-content\/uploads\/2021\/09\/982902-500x280.jpg",500,280,true],"medium":["https:\/\/arantv.az\/wp-content\/uploads\/2021\/09\/982902-487x365.jpg",487,365,true],"large":["https:\/\/arantv.az\/wp-content\/uploads\/2021\/09\/982902.jpg",640,480,false],"1536x1536":["https:\/\/arantv.az\/wp-content\/uploads\/2021\/09\/982902.jpg",800,600,false],"2048x2048":["https:\/\/arantv.az\/wp-content\/uploads\/2021\/09\/982902.jpg",800,600,false],"post-thumbnail":["https:\/\/arantv.az\/wp-content\/uploads\/2021\/09\/982902-240x172.jpg",240,172,true],"advps-thumb-one":["https:\/\/arantv.az\/wp-content\/uploads\/2021\/09\/982902.jpg",800,600,false]},"rttpg_author":{"display_name":"V\u00fcsal Rafiqo\u011flu","author_link":"https:\/\/arantv.az\/?author=2"},"rttpg_comment":0,"rttpg_category":"<a href=\"https:\/\/arantv.az\/?cat=26\" rel=\"category\">Sosial<\/a>","rttpg_excerpt":"O.Qas\u0131mov do\u011fma yurdu F\u00fczuli u\u011frunda \u015f\u0259hidlik zirv\u0259sin\u0259 ucal\u0131b Art\u0131q pay\u0131z\u0131n-sentyabr\u0131n k\u0259d\u0259rli, bir o q\u0259d\u0259r d\u0259 q\u00fcrurverici havas\u0131 hiss olunur. Ba\u015f\u0131m\u0131z\u0131n \u00fcst\u00fcnd\u0259 bir yanda a\u011f, bir yanda is\u0259 qara bulutlar. M\u0259nc\u0259, bu t\u0259sad\u00fcfi deyil. Onlar\u0131 q\u0259hr\u0259manl\u0131q tarixi yazan, z\u0259f\u0259r tariximizin canl\u0131 m\u00fc\u0259llifl\u0259rinin izi kimi q\u0259l\u0259m\u0259 verm\u0259k m\u00fcmk\u00fcnd\u00fcr. ARANTV.AZ Real TV-y\u0259 istinad\u0259n bildirir ki, bu g\u00fcn o&hellip;","_links":{"self":[{"href":"https:\/\/arantv.az\/index.php?rest_route=\/wp\/v2\/posts\/383254"}],"collection":[{"href":"https:\/\/arantv.az\/index.php?rest_route=\/wp\/v2\/posts"}],"about":[{"href":"https:\/\/arantv.az\/index.php?rest_route=\/wp\/v2\/types\/post"}],"author":[{"embeddable":true,"href":"https:\/\/arantv.az\/index.php?rest_route=\/wp\/v2\/users\/2"}],"replies":[{"embeddable":true,"href":"https:\/\/arantv.az\/index.php?rest_route=%2Fwp%2Fv2%2Fcomments&post=383254"}],"version-history":[{"count":0,"href":"https:\/\/arantv.az\/index.php?rest_route=\/wp\/v2\/posts\/383254\/revisions"}],"wp:featuredmedia":[{"embeddable":true,"href":"https:\/\/arantv.az\/index.php?rest_route=\/wp\/v2\/media\/383255"}],"wp:attachment":[{"href":"https:\/\/arantv.az\/index.php?rest_route=%2Fwp%2Fv2%2Fmedia&parent=383254"}],"wp:term":[{"taxonomy":"category","embeddable":true,"href":"https:\/\/arantv.az\/index.php?rest_route=%2Fwp%2Fv2%2Fcategories&post=383254"},{"taxonomy":"post_tag","embeddable":true,"href":"https:\/\/arantv.az\/index.php?rest_route=%2Fwp%2Fv2%2Ftags&post=383254"}],"curies":[{"name":"wp","href":"https:\/\/api.w.org\/{rel}","templated":true}]}}