{"id":383257,"date":"2021-09-27T14:14:27","date_gmt":"2021-09-27T11:14:27","guid":{"rendered":"http:\/\/arantv.az\/?p=383257"},"modified":"2021-09-27T14:14:27","modified_gmt":"2021-09-27T11:14:27","slug":"s%c9%99had%c9%99ti-il%c9%99-tarix-yazan-v%c9%99t%c9%99n-oglu-video","status":"publish","type":"post","link":"https:\/\/arantv.az\/?p=383257","title":{"rendered":"\u015e\u0259had\u0259ti il\u0259 tarix yazan V\u0259t\u0259n o\u011flu &#8211; V\u0130DEO"},"content":{"rendered":"<p><strong>A\u011fa A\u011fayev Suqovu\u015fan d\u00f6y\u00fc\u015fl\u0259rind\u0259 q\u0259hr\u0259mancasina vuru\u015faraq \u015f\u0259hid olub<\/strong><\/p>\n<p>Zirv\u0259 t\u0259bi\u0259tin co\u011frafi y\u00fcks\u0259kliyi oldu\u011fu kimi, \u015f\u0259hidlik d\u0259 v\u0259t\u0259np\u0259rv\u0259rliyin \u0259n ali m\u0259qam\u0131d\u0131r.<\/p>\n<p><strong>ARANTV.AZ<\/strong> Real TV-y\u0259 istinad\u0259n bildirir ki, 44 g\u00fcnl\u00fck V\u0259t\u0259n m\u00fcharib\u0259sind\u0259 parlaq q\u0259l\u0259b\u0259 qazanan r\u0259\u015fad\u0259tli ordumuzun s\u0131ralar\u0131nda m\u0259rdlikl\u0259 d\u00f6y\u00fc\u015f\u0259r\u0259k \u015f\u0259had\u0259t zirv\u0259sin\u0259 ucalan q\u0259hr\u0259man igidl\u0259rimizd\u0259n biri d\u0259 Qusar rayonunun Yeni H\u0259yat k\u0259nd sakini 2001-ci il t\u0259v\u0259ll\u00fcdl\u00fc A\u011fa A\u011fayevdir. 2019-cu ilin aprel ay\u0131nda h\u0259rbi xidm\u0259t\u0259 yollanan A\u011fan\u0131n h\u0259rb s\u0259n\u0259tin\u0259 b\u00f6y\u00fck mara\u011f\u0131 olub. O, h\u0259tda h\u0259rbi xidm\u0259tini ba\u015fa vurduqdan sonra ordu s\u0131ralar\u0131nda qalma\u011f\u0131 planla\u015fd\u0131r\u0131b.<\/p>\n<p>V\u0259t\u0259n m\u00fcharib\u0259si ba\u015flayan g\u00fcnd\u0259n d\u00f6y\u00fc\u015fl\u0259r\u0259 qat\u0131lan A\u011fa A\u011fayev T\u0259rt\u0259r v\u0259 A\u011fd\u0259r\u0259 istiqam\u0259tind\u0259 h\u0259rbi \u0259m\u0259liyyatlarda i\u015ftirak edib. Suqovu\u015fan\u0131n azad edilm\u0259si u\u011frunda ged\u0259n a\u011f\u0131r sava\u015fda is\u0259 \u015f\u0259hidlik zirv\u0259sin\u0259 y\u00fcks\u0259lib.<\/p>\n<p>A\u011fayevl\u0259r ail\u0259sinin yegan\u0259 o\u011ful \u00f6vlad\u0131 olan A\u011fan\u0131n yoxlu\u011fu il\u0259 yax\u0131nlar\u0131 bar\u0131\u015fa bilm\u0259s\u0259 d\u0259 onun v\u0259t\u0259n u\u011frunda \u015f\u0259hid olmas\u0131 il\u0259 q\u00fcrur duyurlar.<\/p>\n<p>Qeyd ed\u0259k 44 g\u00fcnl\u00fck v\u0259t\u0259n m\u00fcharib\u0259sind\u0259 g\u00f6st\u0259rdiyi \u015f\u00fcca\u0259tin\u0259 g\u00f6r\u0259, A\u011fayev A\u011fa \u018fli o\u011flu \u00f6l\u00fcm\u00fcnd\u0259n sonra V\u0259t\u0259n U\u011frunda medal\u0131 il\u0259 t\u0259ltif edilib.<\/p>\n<div class=\"article_text\">\n<p>&nbsp;<\/p>\n<p><iframe loading=\"lazy\" src=\"https:\/\/daytube.az\/embed\/115248\" width=\"670\" height=\"400\" frameborder=\"0\" allowfullscreen=\"allowfullscreen\" data-mce-fragment=\"1\"><\/iframe><\/p>\n<\/div>\n<div class=\"social-banner\"><\/div>\n","protected":false},"excerpt":{"rendered":"<p>A\u011fa A\u011fayev Suqovu\u015fan d\u00f6y\u00fc\u015fl\u0259rind\u0259 q\u0259hr\u0259mancasina vuru\u015faraq \u015f\u0259hid olub Zirv\u0259 t\u0259bi\u0259tin co\u011frafi y\u00fcks\u0259kliyi oldu\u011fu kimi, \u015f\u0259hidlik d\u0259 v\u0259t\u0259np\u0259rv\u0259rliyin \u0259n ali m\u0259qam\u0131d\u0131r. ARANTV.AZ Real TV-y\u0259 istinad\u0259n bildirir ki, 44 g\u00fcnl\u00fck V\u0259t\u0259n m\u00fcharib\u0259sind\u0259 parlaq q\u0259l\u0259b\u0259 qazanan r\u0259\u015fad\u0259tli ordumuzun s\u0131ralar\u0131nda m\u0259rdlikl\u0259 d\u00f6y\u00fc\u015f\u0259r\u0259k \u015f\u0259had\u0259t zirv\u0259sin\u0259 ucalan q\u0259hr\u0259man igidl\u0259rimizd\u0259n biri d\u0259 Qusar rayonunun Yeni H\u0259yat k\u0259nd sakini 2001-ci il t\u0259v\u0259ll\u00fcdl\u00fc A\u011fa A\u011fayevdir. 2019-cu ilin aprel ay\u0131nda h\u0259rbi xidm\u0259t\u0259 yollanan A\u011fan\u0131n h\u0259rb s\u0259n\u0259tin\u0259 b\u00f6y\u00fck mara\u011f\u0131 olub. O, h\u0259tda h\u0259rbi xidm\u0259tini ba\u015fa vurduqdan sonra ordu s\u0131ralar\u0131nda qalma\u011f\u0131 planla\u015fd\u0131r\u0131b. V\u0259t\u0259n m\u00fcharib\u0259si ba\u015flayan g\u00fcnd\u0259n d\u00f6y\u00fc\u015fl\u0259r\u0259 qat\u0131lan A\u011fa A\u011fayev T\u0259rt\u0259r v\u0259&hellip;<\/p>\n","protected":false},"author":2,"featured_media":383258,"comment_status":"closed","ping_status":"closed","sticky":false,"template":"","format":"standard","meta":{"om_disable_all_campaigns":false,"_monsterinsights_skip_tracking":false,"_monsterinsights_sitenote_active":false,"_monsterinsights_sitenote_note":"","_monsterinsights_sitenote_category":0},"categories":[26],"tags":[],"aioseo_notices":[],"gutentor_comment":0,"rttpg_featured_image_url":{"full":["https:\/\/arantv.az\/wp-content\/uploads\/2021\/09\/982905.jpg",800,600,false],"landscape":["https:\/\/arantv.az\/wp-content\/uploads\/2021\/09\/982905.jpg",800,600,false],"portraits":["https:\/\/arantv.az\/wp-content\/uploads\/2021\/09\/982905.jpg",800,600,false],"thumbnail":["https:\/\/arantv.az\/wp-content\/uploads\/2021\/09\/982905-500x280.jpg",500,280,true],"medium":["https:\/\/arantv.az\/wp-content\/uploads\/2021\/09\/982905-487x365.jpg",487,365,true],"large":["https:\/\/arantv.az\/wp-content\/uploads\/2021\/09\/982905.jpg",640,480,false],"1536x1536":["https:\/\/arantv.az\/wp-content\/uploads\/2021\/09\/982905.jpg",800,600,false],"2048x2048":["https:\/\/arantv.az\/wp-content\/uploads\/2021\/09\/982905.jpg",800,600,false],"post-thumbnail":["https:\/\/arantv.az\/wp-content\/uploads\/2021\/09\/982905-240x172.jpg",240,172,true],"advps-thumb-one":["https:\/\/arantv.az\/wp-content\/uploads\/2021\/09\/982905.jpg",800,600,false]},"rttpg_author":{"display_name":"V\u00fcsal Rafiqo\u011flu","author_link":"https:\/\/arantv.az\/?author=2"},"rttpg_comment":0,"rttpg_category":"<a href=\"https:\/\/arantv.az\/?cat=26\" rel=\"category\">Sosial<\/a>","rttpg_excerpt":"A\u011fa A\u011fayev Suqovu\u015fan d\u00f6y\u00fc\u015fl\u0259rind\u0259 q\u0259hr\u0259mancasina vuru\u015faraq \u015f\u0259hid olub Zirv\u0259 t\u0259bi\u0259tin co\u011frafi y\u00fcks\u0259kliyi oldu\u011fu kimi, \u015f\u0259hidlik d\u0259 v\u0259t\u0259np\u0259rv\u0259rliyin \u0259n ali m\u0259qam\u0131d\u0131r. ARANTV.AZ Real TV-y\u0259 istinad\u0259n bildirir ki, 44 g\u00fcnl\u00fck V\u0259t\u0259n m\u00fcharib\u0259sind\u0259 parlaq q\u0259l\u0259b\u0259 qazanan r\u0259\u015fad\u0259tli ordumuzun s\u0131ralar\u0131nda m\u0259rdlikl\u0259 d\u00f6y\u00fc\u015f\u0259r\u0259k \u015f\u0259had\u0259t zirv\u0259sin\u0259 ucalan q\u0259hr\u0259man igidl\u0259rimizd\u0259n biri d\u0259 Qusar rayonunun Yeni H\u0259yat k\u0259nd sakini 2001-ci il t\u0259v\u0259ll\u00fcdl\u00fc A\u011fa&hellip;","_links":{"self":[{"href":"https:\/\/arantv.az\/index.php?rest_route=\/wp\/v2\/posts\/383257"}],"collection":[{"href":"https:\/\/arantv.az\/index.php?rest_route=\/wp\/v2\/posts"}],"about":[{"href":"https:\/\/arantv.az\/index.php?rest_route=\/wp\/v2\/types\/post"}],"author":[{"embeddable":true,"href":"https:\/\/arantv.az\/index.php?rest_route=\/wp\/v2\/users\/2"}],"replies":[{"embeddable":true,"href":"https:\/\/arantv.az\/index.php?rest_route=%2Fwp%2Fv2%2Fcomments&post=383257"}],"version-history":[{"count":0,"href":"https:\/\/arantv.az\/index.php?rest_route=\/wp\/v2\/posts\/383257\/revisions"}],"wp:featuredmedia":[{"embeddable":true,"href":"https:\/\/arantv.az\/index.php?rest_route=\/wp\/v2\/media\/383258"}],"wp:attachment":[{"href":"https:\/\/arantv.az\/index.php?rest_route=%2Fwp%2Fv2%2Fmedia&parent=383257"}],"wp:term":[{"taxonomy":"category","embeddable":true,"href":"https:\/\/arantv.az\/index.php?rest_route=%2Fwp%2Fv2%2Fcategories&post=383257"},{"taxonomy":"post_tag","embeddable":true,"href":"https:\/\/arantv.az\/index.php?rest_route=%2Fwp%2Fv2%2Ftags&post=383257"}],"curies":[{"name":"wp","href":"https:\/\/api.w.org\/{rel}","templated":true}]}}