{"id":383296,"date":"2021-09-27T14:45:27","date_gmt":"2021-09-27T11:45:27","guid":{"rendered":"http:\/\/arantv.az\/?p=383296"},"modified":"2021-09-27T14:45:27","modified_gmt":"2021-09-27T11:45:27","slug":"qarabagin-artiq-muharib%c9%99-il%c9%99-deyil-sulh-v%c9%99-inkisaf-il%c9%99-anilmasini-ist%c9%99yirik-movlud-cavusoglu","status":"publish","type":"post","link":"https:\/\/arantv.az\/?p=383296","title":{"rendered":"Qaraba\u011f\u0131n art\u0131q m\u00fcharib\u0259 il\u0259 deyil, s\u00fclh v\u0259 inki\u015faf il\u0259 an\u0131lmas\u0131n\u0131 ist\u0259yirik &#8211; M\u00f6vlud \u00c7avu\u015fo\u011flu"},"content":{"rendered":"<p><strong>Bu g\u00fcn Qaraba\u011f\u0131n azadl\u0131\u011f\u0131na aparan V\u0259t\u0259n m\u00fcharib\u0259sinin \u015f\u0259hidl\u0259rinin an\u0131m g\u00fcn\u00fcd\u00fcr.<\/strong><\/p>\n<p>Bug\u00fcnk\u00fc toplant\u0131m\u0131zda \u015f\u0259hidl\u0259rin xatir\u0259sini and\u0131q. Qaraba\u011f\u0131n art\u0131q m\u00fcharib\u0259 il\u0259 deyil, s\u00fclh v\u0259 inki\u015faf il\u0259 an\u0131lmas\u0131n\u0131 ist\u0259yirik.<\/p>\n<p><strong>ARANTV.AZ<\/strong>\u00a0 <a href=\"https:\/\/az.trend.az\/\" target=\"_blank\" rel=\"noopener\">Trend<\/a>-\u0259 istinad\u0259n bildirir ki,\u00a0bunu T\u00fcrkiy\u0259 xarici i\u015fl\u0259r naziri M\u00f6vlud \u00c7avu\u015fo\u011flu Az\u0259rbaycan xarici i\u015fl\u0259r naziri Ceyhun Bayramov il\u0259 birg\u0259 m\u0259tbuat konfrans\u0131nda deyib.<\/p>\n<p>M.\u00c7avu\u015fo\u011flu bildirib ki, b\u00f6lg\u0259 art\u0131q normalla\u015fma d\u00f6vr\u00fcn\u0259 girm\u0259lidir: &#8220;Art\u0131q regional i\u015f birliyi v\u0259 rifaha y\u00f6n\u0259lik yeni f\u00fcrs\u0259tl\u0259r yaran\u0131b v\u0259 bu y\u00f6nd\u0259 Az\u0259rbaycan\u0131n \u00f6n\u0259mli t\u0259klifl\u0259ri olub. H\u0259r k\u0259sin qazancl\u0131 \u00e7\u0131xaca\u011f\u0131 bu f\u00fcrs\u0259tl\u0259rin b\u00fct\u00fcn \u00f6lk\u0259l\u0259r t\u0259r\u0259find\u0259n d\u0259y\u0259rl\u0259ndirilm\u0259sini arzulay\u0131r\u0131q.<\/p>\n<p>D\u00f6vl\u0259t ba\u015f\u00e7\u0131lar\u0131m\u0131z c\u0259nab R\u0259c\u0259b Tayyib \u018frdo\u011fan v\u0259 \u0130lham \u018fliyev b\u00f6lg\u0259d\u0259 s\u00fclh, \u0259minamanl\u0131q v\u0259 rifah ist\u0259kl\u0259rini d\u0259f\u0259l\u0259rl\u0259 vur\u011fulay\u0131blar&#8221;.<\/p>\n","protected":false},"excerpt":{"rendered":"<p>Bu g\u00fcn Qaraba\u011f\u0131n azadl\u0131\u011f\u0131na aparan V\u0259t\u0259n m\u00fcharib\u0259sinin \u015f\u0259hidl\u0259rinin an\u0131m g\u00fcn\u00fcd\u00fcr. Bug\u00fcnk\u00fc toplant\u0131m\u0131zda \u015f\u0259hidl\u0259rin xatir\u0259sini and\u0131q. Qaraba\u011f\u0131n art\u0131q m\u00fcharib\u0259 il\u0259 deyil, s\u00fclh v\u0259 inki\u015faf il\u0259 an\u0131lmas\u0131n\u0131 ist\u0259yirik. ARANTV.AZ\u00a0 Trend-\u0259 istinad\u0259n bildirir ki,\u00a0bunu T\u00fcrkiy\u0259 xarici i\u015fl\u0259r naziri M\u00f6vlud \u00c7avu\u015fo\u011flu Az\u0259rbaycan xarici i\u015fl\u0259r naziri Ceyhun Bayramov il\u0259 birg\u0259 m\u0259tbuat konfrans\u0131nda deyib. M.\u00c7avu\u015fo\u011flu bildirib ki, b\u00f6lg\u0259 art\u0131q normalla\u015fma d\u00f6vr\u00fcn\u0259 girm\u0259lidir: &#8220;Art\u0131q regional i\u015f birliyi v\u0259 rifaha y\u00f6n\u0259lik yeni f\u00fcrs\u0259tl\u0259r yaran\u0131b v\u0259 bu y\u00f6nd\u0259 Az\u0259rbaycan\u0131n \u00f6n\u0259mli t\u0259klifl\u0259ri olub. H\u0259r k\u0259sin qazancl\u0131 \u00e7\u0131xaca\u011f\u0131 bu f\u00fcrs\u0259tl\u0259rin b\u00fct\u00fcn \u00f6lk\u0259l\u0259r t\u0259r\u0259find\u0259n d\u0259y\u0259rl\u0259ndirilm\u0259sini arzulay\u0131r\u0131q. D\u00f6vl\u0259t ba\u015f\u00e7\u0131lar\u0131m\u0131z c\u0259nab R\u0259c\u0259b Tayyib \u018frdo\u011fan&hellip;<\/p>\n","protected":false},"author":2,"featured_media":383297,"comment_status":"closed","ping_status":"closed","sticky":false,"template":"","format":"standard","meta":{"om_disable_all_campaigns":false,"_monsterinsights_skip_tracking":false,"_monsterinsights_sitenote_active":false,"_monsterinsights_sitenote_note":"","_monsterinsights_sitenote_category":0},"categories":[7],"tags":[],"aioseo_notices":[],"gutentor_comment":0,"rttpg_featured_image_url":{"full":["https:\/\/arantv.az\/wp-content\/uploads\/2021\/09\/982958.jpg",800,600,false],"landscape":["https:\/\/arantv.az\/wp-content\/uploads\/2021\/09\/982958.jpg",800,600,false],"portraits":["https:\/\/arantv.az\/wp-content\/uploads\/2021\/09\/982958.jpg",800,600,false],"thumbnail":["https:\/\/arantv.az\/wp-content\/uploads\/2021\/09\/982958-500x280.jpg",500,280,true],"medium":["https:\/\/arantv.az\/wp-content\/uploads\/2021\/09\/982958-487x365.jpg",487,365,true],"large":["https:\/\/arantv.az\/wp-content\/uploads\/2021\/09\/982958.jpg",640,480,false],"1536x1536":["https:\/\/arantv.az\/wp-content\/uploads\/2021\/09\/982958.jpg",800,600,false],"2048x2048":["https:\/\/arantv.az\/wp-content\/uploads\/2021\/09\/982958.jpg",800,600,false],"post-thumbnail":["https:\/\/arantv.az\/wp-content\/uploads\/2021\/09\/982958-240x172.jpg",240,172,true],"advps-thumb-one":["https:\/\/arantv.az\/wp-content\/uploads\/2021\/09\/982958.jpg",800,600,false]},"rttpg_author":{"display_name":"V\u00fcsal Rafiqo\u011flu","author_link":"https:\/\/arantv.az\/?author=2"},"rttpg_comment":0,"rttpg_category":"<a href=\"https:\/\/arantv.az\/?cat=7\" rel=\"category\">D\u00fcnya<\/a>","rttpg_excerpt":"Bu g\u00fcn Qaraba\u011f\u0131n azadl\u0131\u011f\u0131na aparan V\u0259t\u0259n m\u00fcharib\u0259sinin \u015f\u0259hidl\u0259rinin an\u0131m g\u00fcn\u00fcd\u00fcr. Bug\u00fcnk\u00fc toplant\u0131m\u0131zda \u015f\u0259hidl\u0259rin xatir\u0259sini and\u0131q. Qaraba\u011f\u0131n art\u0131q m\u00fcharib\u0259 il\u0259 deyil, s\u00fclh v\u0259 inki\u015faf il\u0259 an\u0131lmas\u0131n\u0131 ist\u0259yirik. ARANTV.AZ\u00a0 Trend-\u0259 istinad\u0259n bildirir ki,\u00a0bunu T\u00fcrkiy\u0259 xarici i\u015fl\u0259r naziri M\u00f6vlud \u00c7avu\u015fo\u011flu Az\u0259rbaycan xarici i\u015fl\u0259r naziri Ceyhun Bayramov il\u0259 birg\u0259 m\u0259tbuat konfrans\u0131nda deyib. M.\u00c7avu\u015fo\u011flu bildirib ki, b\u00f6lg\u0259 art\u0131q normalla\u015fma d\u00f6vr\u00fcn\u0259&hellip;","_links":{"self":[{"href":"https:\/\/arantv.az\/index.php?rest_route=\/wp\/v2\/posts\/383296"}],"collection":[{"href":"https:\/\/arantv.az\/index.php?rest_route=\/wp\/v2\/posts"}],"about":[{"href":"https:\/\/arantv.az\/index.php?rest_route=\/wp\/v2\/types\/post"}],"author":[{"embeddable":true,"href":"https:\/\/arantv.az\/index.php?rest_route=\/wp\/v2\/users\/2"}],"replies":[{"embeddable":true,"href":"https:\/\/arantv.az\/index.php?rest_route=%2Fwp%2Fv2%2Fcomments&post=383296"}],"version-history":[{"count":0,"href":"https:\/\/arantv.az\/index.php?rest_route=\/wp\/v2\/posts\/383296\/revisions"}],"wp:featuredmedia":[{"embeddable":true,"href":"https:\/\/arantv.az\/index.php?rest_route=\/wp\/v2\/media\/383297"}],"wp:attachment":[{"href":"https:\/\/arantv.az\/index.php?rest_route=%2Fwp%2Fv2%2Fmedia&parent=383296"}],"wp:term":[{"taxonomy":"category","embeddable":true,"href":"https:\/\/arantv.az\/index.php?rest_route=%2Fwp%2Fv2%2Fcategories&post=383296"},{"taxonomy":"post_tag","embeddable":true,"href":"https:\/\/arantv.az\/index.php?rest_route=%2Fwp%2Fv2%2Ftags&post=383296"}],"curies":[{"name":"wp","href":"https:\/\/api.w.org\/{rel}","templated":true}]}}