{"id":383299,"date":"2021-09-27T14:46:52","date_gmt":"2021-09-27T11:46:52","guid":{"rendered":"http:\/\/arantv.az\/?p=383299"},"modified":"2021-09-27T14:46:52","modified_gmt":"2021-09-27T11:46:52","slug":"prezident-ilham-%c9%99liyev-v%c9%99-birinci-xanim-mehriban-%c9%99liyevanin-s%c9%99kill%c9%99rini-tutdugu-s%c9%99hidl%c9%99r-kiml%c9%99rdir-foto","status":"publish","type":"post","link":"https:\/\/arantv.az\/?p=383299","title":{"rendered":"Prezident \u0130lham \u018fliyev v\u0259 Birinci xan\u0131m Mehriban \u018fliyevan\u0131n \u015f\u0259kill\u0259rini tutdu\u011fu \u015f\u0259hidl\u0259r kiml\u0259rdir? &#8211; FOTO"},"content":{"rendered":"<p>V\u0259t\u0259n m\u00fcharib\u0259si zaman\u0131 Az\u0259rbaycan\u0131n \u0259razi b\u00fct\u00f6vl\u00fcy\u00fc u\u011frunda d\u00f6y\u00fc\u015fl\u0259rd\u0259 h\u0259lak olmu\u015f \u0259sg\u0259r v\u0259 zabitl\u0259rimiz\u0259, q\u0259tl\u0259 yetiril\u0259n m\u00fclki v\u0259t\u0259nda\u015flara v\u0259 itkin d\u00fc\u015fm\u00fc\u015f soyda\u015flar\u0131m\u0131za ehtiram \u0259lam\u0259ti olaraq sentyabr\u0131n 27-d\u0259 &#8211; An\u0131m G\u00fcn\u00fcnd\u0259 Bak\u0131 \u015f\u0259h\u0259rind\u0259 y\u00fcr\u00fc\u015f t\u0259\u015fkil edilib.<\/p>\n<p><strong>ARANTV.AZ<\/strong> <a href=\"https:\/\/az.trend.az\/\" target=\"_blank\" rel=\"noopener\">Trend<\/a>-\u0259 istinad\u0259n x\u0259b\u0259r verir ki,\u00a0M\u00fcz\u0259ff\u0259r Ali Ba\u015f Komandan, Prezident \u0130lham \u018fliyev, Birinci xan\u0131m Mehriban \u018fliyeva y\u00fcr\u00fc\u015fd\u0259 i\u015ftirak edibl\u0259r.<\/p>\n<p>Prezident \u0130lham \u018fliyevin \u0259lind\u0259 tutdu\u011fu plakatda \u015f\u0259kli \u0259ks olunan \u015f\u0259hidimiz \u0130brahimli Adil As\u0259m o\u011fludur. Adil \u0130brahimli 1992-ci il sentyabr\u0131n 9-da Sumqay\u0131t \u015f\u0259h\u0259rind\u0259 anadan olub. Az\u0259rbaycan Ordusunun ba\u015f leytenant\u0131 olan Adil \u0130brahimli 2020-ci il sentyabr\u0131n 27-d\u0259 Az\u0259rbaycan Silahl\u0131 Q\u00fcvv\u0259l\u0259ri t\u0259r\u0259find\u0259n Erm\u0259nistan i\u015f\u011fal\u0131 alt\u0131nda olan \u0259razil\u0259rin azad edilm\u0259si \u00fc\u00e7\u00fcn ba\u015flanan V\u0259t\u0259n m\u00fcharib\u0259si zaman\u0131 Murovda\u011f d\u00f6y\u00fc\u015fl\u0259rind\u0259, h\u0259m\u00e7inin C\u0259bray\u0131l\u0131n, F\u00fczulinin, Xocav\u0259ndin v\u0259 \u015eu\u015fan\u0131n azadl\u0131\u011f\u0131 u\u011frunda ged\u0259n d\u00f6y\u00fc\u015fl\u0259rd\u0259 sava\u015f\u0131b. Adil \u0130brahimli noyabr\u0131n 7-d\u0259 \u015eu\u015fa d\u00f6y\u00fc\u015fl\u0259ri zaman\u0131 \u015f\u0259hid olub. II F\u0259xri Xiyabanda d\u0259fn olunub.<\/p>\n<p>Prezident \u0130lham \u018fliyevin \u00f6t\u0259n il dekabr\u0131n 9-da imzalad\u0131\u011f\u0131 s\u0259r\u0259ncam\u0131 il\u0259, ona \u00f6l\u00fcm\u00fcnd\u0259n sonra &#8220;V\u0259t\u0259n M\u00fcharib\u0259si Q\u0259hr\u0259man\u0131&#8221; ad\u0131 verilib.<\/p>\n<p>Bundan ba\u015fqa, d\u00f6vl\u0259t ba\u015f\u00e7\u0131s\u0131n\u0131n dig\u0259r s\u0259r\u0259ncamlar\u0131 il\u0259, o, \u00f6l\u00fcm\u00fcnd\u0259n sonra &#8220;V\u0259t\u0259n u\u011frunda&#8221;, &#8220;\u015eu\u015fan\u0131n azad olunmas\u0131na g\u00f6r\u0259&#8221; v\u0259 &#8220;K\u0259lb\u0259c\u0259rin azad olunmas\u0131na g\u00f6r\u0259&#8221; medallar\u0131 il\u0259 t\u0259ltif edilib.<\/p>\n<p>Birinci vitse-prezident Mehriban \u018fliyevan\u0131n \u0259lind\u0259 tutdu\u011fu plakatda \u015f\u0259kli \u0259ks olunan \u015f\u0259hidimiz is\u0259 10 ayl\u0131q Narin Teymur q\u0131z\u0131 Xal\u0131qovad\u0131r. Narin Xal\u0131qova \u00f6t\u0259n il oktyabr\u0131n 17-d\u0259 erm\u0259ni silahl\u0131 birl\u0259\u015fm\u0259l\u0259rinin Az\u0259rbaycan\u0131n G\u0259nc\u0259 \u015f\u0259h\u0259rini raket at\u0259\u015fin\u0259 tutmas\u0131 n\u0259tic\u0259sind\u0259 \u015f\u0259hid olub. N.Xal\u0131qova il\u0259 yana\u015f\u0131, anas\u0131 Sevil Xal\u0131qova da h\u0259min h\u00fccumda h\u0259yat\u0131n\u0131 itir\u0259nl\u0259rd\u0259ndir.<\/p>\n<h4><\/h4>\n<div class=\"article-gallery\">\n<div class=\"lSSlideOuter \">\n<div class=\"lSSlideWrapper usingCss\">\n<ul class=\"images-list lightSlider lsGrab lSSlide\">\n<li class=\"lslide active\" data-src=\"https:\/\/img.milli.az\/2021\/09\/27\/983010_1.jpg\" data-fancybox=\"983010\"><img src=\"https:\/\/img.milli.az\/2021\/09\/27\/983010_1.jpg\" alt=\"\" \/><\/li>\n<li class=\"lslide\" data-src=\"https:\/\/img.milli.az\/2021\/09\/27\/983010_2.jpg\" data-fancybox=\"983010\"><img src=\"https:\/\/img.milli.az\/2021\/09\/27\/983010_2.jpg\" alt=\"\" \/><\/li>\n<li class=\"lslide\" data-src=\"https:\/\/img.milli.az\/2021\/09\/27\/983010_3.jpg\" data-fancybox=\"983010\"><img src=\"https:\/\/img.milli.az\/2021\/09\/27\/983010_3.jpg\" alt=\"\" \/><\/li>\n<\/ul>\n<div class=\"lSAction\"><\/div>\n<\/div>\n<\/div>\n<div class=\"lSSlideOuter \">\n<div class=\"lSSlideWrapper usingCss\"><\/div>\n<\/div>\n<\/div>\n<p>&nbsp;<\/p>\n","protected":false},"excerpt":{"rendered":"<p>V\u0259t\u0259n m\u00fcharib\u0259si zaman\u0131 Az\u0259rbaycan\u0131n \u0259razi b\u00fct\u00f6vl\u00fcy\u00fc u\u011frunda d\u00f6y\u00fc\u015fl\u0259rd\u0259 h\u0259lak olmu\u015f \u0259sg\u0259r v\u0259 zabitl\u0259rimiz\u0259, q\u0259tl\u0259 yetiril\u0259n m\u00fclki v\u0259t\u0259nda\u015flara v\u0259 itkin d\u00fc\u015fm\u00fc\u015f soyda\u015flar\u0131m\u0131za ehtiram \u0259lam\u0259ti olaraq sentyabr\u0131n 27-d\u0259 &#8211; An\u0131m G\u00fcn\u00fcnd\u0259 Bak\u0131 \u015f\u0259h\u0259rind\u0259 y\u00fcr\u00fc\u015f t\u0259\u015fkil edilib. ARANTV.AZ Trend-\u0259 istinad\u0259n x\u0259b\u0259r verir ki,\u00a0M\u00fcz\u0259ff\u0259r Ali Ba\u015f Komandan, Prezident \u0130lham \u018fliyev, Birinci xan\u0131m Mehriban \u018fliyeva y\u00fcr\u00fc\u015fd\u0259 i\u015ftirak edibl\u0259r. Prezident \u0130lham \u018fliyevin \u0259lind\u0259 tutdu\u011fu plakatda \u015f\u0259kli \u0259ks olunan \u015f\u0259hidimiz \u0130brahimli Adil As\u0259m o\u011fludur. Adil \u0130brahimli 1992-ci il sentyabr\u0131n 9-da Sumqay\u0131t \u015f\u0259h\u0259rind\u0259 anadan olub. Az\u0259rbaycan Ordusunun ba\u015f leytenant\u0131 olan Adil \u0130brahimli 2020-ci il sentyabr\u0131n 27-d\u0259 Az\u0259rbaycan Silahl\u0131&hellip;<\/p>\n","protected":false},"author":2,"featured_media":383300,"comment_status":"closed","ping_status":"closed","sticky":false,"template":"","format":"standard","meta":{"om_disable_all_campaigns":false,"_monsterinsights_skip_tracking":false,"_monsterinsights_sitenote_active":false,"_monsterinsights_sitenote_note":"","_monsterinsights_sitenote_category":0},"categories":[4],"tags":[],"aioseo_notices":[],"gutentor_comment":0,"rttpg_featured_image_url":{"full":["https:\/\/arantv.az\/wp-content\/uploads\/2021\/09\/983010.jpg",957,669,false],"landscape":["https:\/\/arantv.az\/wp-content\/uploads\/2021\/09\/983010.jpg",957,669,false],"portraits":["https:\/\/arantv.az\/wp-content\/uploads\/2021\/09\/983010.jpg",957,669,false],"thumbnail":["https:\/\/arantv.az\/wp-content\/uploads\/2021\/09\/983010-500x280.jpg",500,280,true],"medium":["https:\/\/arantv.az\/wp-content\/uploads\/2021\/09\/983010-522x365.jpg",522,365,true],"large":["https:\/\/arantv.az\/wp-content\/uploads\/2021\/09\/983010-840x587.jpg",640,447,true],"1536x1536":["https:\/\/arantv.az\/wp-content\/uploads\/2021\/09\/983010.jpg",957,669,false],"2048x2048":["https:\/\/arantv.az\/wp-content\/uploads\/2021\/09\/983010.jpg",957,669,false],"post-thumbnail":["https:\/\/arantv.az\/wp-content\/uploads\/2021\/09\/983010-240x172.jpg",240,172,true],"advps-thumb-one":["https:\/\/arantv.az\/wp-content\/uploads\/2021\/09\/983010-957x620.jpg",957,620,true]},"rttpg_author":{"display_name":"V\u00fcsal Rafiqo\u011flu","author_link":"https:\/\/arantv.az\/?author=2"},"rttpg_comment":0,"rttpg_category":"<a href=\"https:\/\/arantv.az\/?cat=4\" rel=\"category\">Siyas\u0259t<\/a>","rttpg_excerpt":"V\u0259t\u0259n m\u00fcharib\u0259si zaman\u0131 Az\u0259rbaycan\u0131n \u0259razi b\u00fct\u00f6vl\u00fcy\u00fc u\u011frunda d\u00f6y\u00fc\u015fl\u0259rd\u0259 h\u0259lak olmu\u015f \u0259sg\u0259r v\u0259 zabitl\u0259rimiz\u0259, q\u0259tl\u0259 yetiril\u0259n m\u00fclki v\u0259t\u0259nda\u015flara v\u0259 itkin d\u00fc\u015fm\u00fc\u015f soyda\u015flar\u0131m\u0131za ehtiram \u0259lam\u0259ti olaraq sentyabr\u0131n 27-d\u0259 &#8211; An\u0131m G\u00fcn\u00fcnd\u0259 Bak\u0131 \u015f\u0259h\u0259rind\u0259 y\u00fcr\u00fc\u015f t\u0259\u015fkil edilib. ARANTV.AZ Trend-\u0259 istinad\u0259n x\u0259b\u0259r verir ki,\u00a0M\u00fcz\u0259ff\u0259r Ali Ba\u015f Komandan, Prezident \u0130lham \u018fliyev, Birinci xan\u0131m Mehriban \u018fliyeva y\u00fcr\u00fc\u015fd\u0259 i\u015ftirak edibl\u0259r. Prezident \u0130lham&hellip;","_links":{"self":[{"href":"https:\/\/arantv.az\/index.php?rest_route=\/wp\/v2\/posts\/383299"}],"collection":[{"href":"https:\/\/arantv.az\/index.php?rest_route=\/wp\/v2\/posts"}],"about":[{"href":"https:\/\/arantv.az\/index.php?rest_route=\/wp\/v2\/types\/post"}],"author":[{"embeddable":true,"href":"https:\/\/arantv.az\/index.php?rest_route=\/wp\/v2\/users\/2"}],"replies":[{"embeddable":true,"href":"https:\/\/arantv.az\/index.php?rest_route=%2Fwp%2Fv2%2Fcomments&post=383299"}],"version-history":[{"count":0,"href":"https:\/\/arantv.az\/index.php?rest_route=\/wp\/v2\/posts\/383299\/revisions"}],"wp:featuredmedia":[{"embeddable":true,"href":"https:\/\/arantv.az\/index.php?rest_route=\/wp\/v2\/media\/383300"}],"wp:attachment":[{"href":"https:\/\/arantv.az\/index.php?rest_route=%2Fwp%2Fv2%2Fmedia&parent=383299"}],"wp:term":[{"taxonomy":"category","embeddable":true,"href":"https:\/\/arantv.az\/index.php?rest_route=%2Fwp%2Fv2%2Fcategories&post=383299"},{"taxonomy":"post_tag","embeddable":true,"href":"https:\/\/arantv.az\/index.php?rest_route=%2Fwp%2Fv2%2Ftags&post=383299"}],"curies":[{"name":"wp","href":"https:\/\/api.w.org\/{rel}","templated":true}]}}