{"id":383302,"date":"2021-09-27T14:47:46","date_gmt":"2021-09-27T11:47:46","guid":{"rendered":"http:\/\/arantv.az\/?p=383302"},"modified":"2021-09-27T14:47:46","modified_gmt":"2021-09-27T11:47:46","slug":"bu-gun-bakida-s%c9%99kili-dasinan-narin-foto","status":"publish","type":"post","link":"https:\/\/arantv.az\/?p=383302","title":{"rendered":"Bu g\u00fcn Bak\u0131da \u015f\u0259kili da\u015f\u0131nan Nar\u0131n &#8211; FOTO"},"content":{"rendered":"<p>X\u0259b\u0259r verdiyimiz kimi, Az\u0259rbaycan Respublikas\u0131n\u0131n Prezidenti, Ali Ba\u015f Komandan \u0130lham \u018fliyev, birinci xan\u0131m Mehriban \u018fliyevan\u0131n i\u015ftirak\u0131 il\u0259 V\u0259t\u0259n m\u00fcharib\u0259si zaman\u0131 Az\u0259rbaycan\u0131n \u0259razi b\u00fct\u00f6vl\u00fcy\u00fc u\u011frunda d\u00f6y\u00fc\u015fl\u0259rd\u0259 h\u0259lak olmu\u015f \u0259sg\u0259r v\u0259 zabitl\u0259rimiz\u0259, q\u0259tl\u0259 yetiril\u0259n m\u00fclki v\u0259t\u0259nda\u015flara v\u0259 itkin d\u00fc\u015fm\u00fc\u015f soyda\u015flar\u0131m\u0131za ehtiram \u0259lam\u0259ti olaraq Bak\u0131 \u015f\u0259h\u0259rind\u0259 y\u00fcr\u00fc\u015f t\u0259\u015fkil edilib.<\/p>\n<p><strong>ARANTV.AZ\u00a0<\/strong> lent.az-a istinad\u0259n m\u0259lumat verir ki, y\u00fcr\u00fc\u015f zaman\u0131 Az\u0259rbaycan\u0131n birinci xan\u0131m\u0131 Mehriban \u018fliyevan\u0131n \u015f\u0259klini apard\u0131\u011f\u0131 Xal\u0131qova Narin Teymur q\u0131z\u0131 2019-cu il 17 dekabrda G\u0259nc\u0259 \u015f\u0259h\u0259rind\u0259 do\u011fulub.<\/p>\n<p>Ail\u0259nin t\u0259k \u00f6vlad\u0131 olan Narin 5 illik h\u0259sr\u0259tin sonunda d\u00fcnyaya g\u00f6z a\u00e7\u0131b. Narin Xal\u0131qova 2020-ci il oktyabr\u0131n 17-d\u0259 Erm\u0259nistan silahl\u0131 q\u00fcvv\u0259l\u0259rinin G\u0259nc\u0259ni raket at\u0259\u015fin\u0259 tutmas\u0131 n\u0259tic\u0259sind\u0259 anas\u0131 Sevil \u018fsg\u0259rova, h\u0259m\u00e7inin yax\u0131n qohumlar\u0131 Suliddin \u018fsg\u0259rov, B\u0259xtiyar \u018fsg\u0259rov, Nigar \u018fsg\u0259rova il\u0259 birlikd\u0259 h\u0259lak olub.<\/p>\n<p>10 ayl\u0131q Narin anas\u0131 Sevil \u018fsg\u0259rova il\u0259 eyni m\u0259zarda d\u0259fn edilib. Narinin atas\u0131 Teymur Xal\u0131qov is\u0259 h\u0259rb\u00e7idir.<\/p>\n<p>Qeyd ed\u0259k ki, Narinin d\u0259fni zaman\u0131 \u00fcr\u0259kl\u0259ri da\u011flayan, k\u0259f\u0259n\u0259 b\u00fck\u00fcl\u0259n c\u0259s\u0259di il\u0259 fotosu yay\u0131lan \u015f\u0259xs day\u0131s\u0131 Teymur \u018fsg\u0259rovdur.<\/p>\n<h4><\/h4>\n<div class=\"article-gallery\">\n<div class=\"lSSlideOuter \">\n<div class=\"lSSlideWrapper usingCss\">\n<ul class=\"images-list lightSlider lsGrab lSSlide\">\n<li class=\"lslide active\" data-src=\"https:\/\/img.milli.az\/2021\/09\/27\/983004_01.jpg\" data-fancybox=\"983004\"><img src=\"https:\/\/img.milli.az\/2021\/09\/27\/983004_01.jpg\" alt=\"\" \/><\/li>\n<li class=\"lslide\" data-src=\"https:\/\/img.milli.az\/2021\/09\/27\/983004_02.jpg\" data-fancybox=\"983004\"><img src=\"https:\/\/img.milli.az\/2021\/09\/27\/983004_02.jpg\" alt=\"\" \/><\/li>\n<li class=\"lslide\" data-src=\"https:\/\/img.milli.az\/2021\/09\/27\/983004_03.jpg\" data-fancybox=\"983004\"><img src=\"https:\/\/img.milli.az\/2021\/09\/27\/983004_03.jpg\" alt=\"\" \/><\/li>\n<\/ul>\n<div class=\"lSAction\"><\/div>\n<\/div>\n<\/div>\n<div class=\"lSSlideOuter \">\n<div class=\"lSSlideWrapper usingCss\"><\/div>\n<\/div>\n<\/div>\n<div class=\"news-bottom-adv-wrapper\">\n<div class=\"adv-left\"><\/div>\n<div class=\"adv-right\"><\/div>\n<\/div>\n","protected":false},"excerpt":{"rendered":"<p>X\u0259b\u0259r verdiyimiz kimi, Az\u0259rbaycan Respublikas\u0131n\u0131n Prezidenti, Ali Ba\u015f Komandan \u0130lham \u018fliyev, birinci xan\u0131m Mehriban \u018fliyevan\u0131n i\u015ftirak\u0131 il\u0259 V\u0259t\u0259n m\u00fcharib\u0259si zaman\u0131 Az\u0259rbaycan\u0131n \u0259razi b\u00fct\u00f6vl\u00fcy\u00fc u\u011frunda d\u00f6y\u00fc\u015fl\u0259rd\u0259 h\u0259lak olmu\u015f \u0259sg\u0259r v\u0259 zabitl\u0259rimiz\u0259, q\u0259tl\u0259 yetiril\u0259n m\u00fclki v\u0259t\u0259nda\u015flara v\u0259 itkin d\u00fc\u015fm\u00fc\u015f soyda\u015flar\u0131m\u0131za ehtiram \u0259lam\u0259ti olaraq Bak\u0131 \u015f\u0259h\u0259rind\u0259 y\u00fcr\u00fc\u015f t\u0259\u015fkil edilib. ARANTV.AZ\u00a0 lent.az-a istinad\u0259n m\u0259lumat verir ki, y\u00fcr\u00fc\u015f zaman\u0131 Az\u0259rbaycan\u0131n birinci xan\u0131m\u0131 Mehriban \u018fliyevan\u0131n \u015f\u0259klini apard\u0131\u011f\u0131 Xal\u0131qova Narin Teymur q\u0131z\u0131 2019-cu il 17 dekabrda G\u0259nc\u0259 \u015f\u0259h\u0259rind\u0259 do\u011fulub. Ail\u0259nin t\u0259k \u00f6vlad\u0131 olan Narin 5 illik h\u0259sr\u0259tin sonunda d\u00fcnyaya g\u00f6z a\u00e7\u0131b. Narin Xal\u0131qova 2020-ci il oktyabr\u0131n 17-d\u0259&hellip;<\/p>\n","protected":false},"author":2,"featured_media":383303,"comment_status":"closed","ping_status":"closed","sticky":false,"template":"","format":"standard","meta":{"om_disable_all_campaigns":false,"_monsterinsights_skip_tracking":false,"_monsterinsights_sitenote_active":false,"_monsterinsights_sitenote_note":"","_monsterinsights_sitenote_category":0},"categories":[1],"tags":[],"aioseo_notices":[],"gutentor_comment":0,"rttpg_featured_image_url":{"full":["https:\/\/arantv.az\/wp-content\/uploads\/2021\/09\/982956_0000.jpg",800,600,false],"landscape":["https:\/\/arantv.az\/wp-content\/uploads\/2021\/09\/982956_0000.jpg",800,600,false],"portraits":["https:\/\/arantv.az\/wp-content\/uploads\/2021\/09\/982956_0000.jpg",800,600,false],"thumbnail":["https:\/\/arantv.az\/wp-content\/uploads\/2021\/09\/982956_0000-500x280.jpg",500,280,true],"medium":["https:\/\/arantv.az\/wp-content\/uploads\/2021\/09\/982956_0000-487x365.jpg",487,365,true],"large":["https:\/\/arantv.az\/wp-content\/uploads\/2021\/09\/982956_0000.jpg",640,480,false],"1536x1536":["https:\/\/arantv.az\/wp-content\/uploads\/2021\/09\/982956_0000.jpg",800,600,false],"2048x2048":["https:\/\/arantv.az\/wp-content\/uploads\/2021\/09\/982956_0000.jpg",800,600,false],"post-thumbnail":["https:\/\/arantv.az\/wp-content\/uploads\/2021\/09\/982956_0000-240x172.jpg",240,172,true],"advps-thumb-one":["https:\/\/arantv.az\/wp-content\/uploads\/2021\/09\/982956_0000.jpg",800,600,false]},"rttpg_author":{"display_name":"V\u00fcsal Rafiqo\u011flu","author_link":"https:\/\/arantv.az\/?author=2"},"rttpg_comment":0,"rttpg_category":"<a href=\"https:\/\/arantv.az\/?cat=1\" rel=\"category\">C\u0259miyy\u0259t<\/a>","rttpg_excerpt":"X\u0259b\u0259r verdiyimiz kimi, Az\u0259rbaycan Respublikas\u0131n\u0131n Prezidenti, Ali Ba\u015f Komandan \u0130lham \u018fliyev, birinci xan\u0131m Mehriban \u018fliyevan\u0131n i\u015ftirak\u0131 il\u0259 V\u0259t\u0259n m\u00fcharib\u0259si zaman\u0131 Az\u0259rbaycan\u0131n \u0259razi b\u00fct\u00f6vl\u00fcy\u00fc u\u011frunda d\u00f6y\u00fc\u015fl\u0259rd\u0259 h\u0259lak olmu\u015f \u0259sg\u0259r v\u0259 zabitl\u0259rimiz\u0259, q\u0259tl\u0259 yetiril\u0259n m\u00fclki v\u0259t\u0259nda\u015flara v\u0259 itkin d\u00fc\u015fm\u00fc\u015f soyda\u015flar\u0131m\u0131za ehtiram \u0259lam\u0259ti olaraq Bak\u0131 \u015f\u0259h\u0259rind\u0259 y\u00fcr\u00fc\u015f t\u0259\u015fkil edilib. ARANTV.AZ\u00a0 lent.az-a istinad\u0259n m\u0259lumat verir ki, y\u00fcr\u00fc\u015f zaman\u0131 Az\u0259rbaycan\u0131n&hellip;","_links":{"self":[{"href":"https:\/\/arantv.az\/index.php?rest_route=\/wp\/v2\/posts\/383302"}],"collection":[{"href":"https:\/\/arantv.az\/index.php?rest_route=\/wp\/v2\/posts"}],"about":[{"href":"https:\/\/arantv.az\/index.php?rest_route=\/wp\/v2\/types\/post"}],"author":[{"embeddable":true,"href":"https:\/\/arantv.az\/index.php?rest_route=\/wp\/v2\/users\/2"}],"replies":[{"embeddable":true,"href":"https:\/\/arantv.az\/index.php?rest_route=%2Fwp%2Fv2%2Fcomments&post=383302"}],"version-history":[{"count":0,"href":"https:\/\/arantv.az\/index.php?rest_route=\/wp\/v2\/posts\/383302\/revisions"}],"wp:featuredmedia":[{"embeddable":true,"href":"https:\/\/arantv.az\/index.php?rest_route=\/wp\/v2\/media\/383303"}],"wp:attachment":[{"href":"https:\/\/arantv.az\/index.php?rest_route=%2Fwp%2Fv2%2Fmedia&parent=383302"}],"wp:term":[{"taxonomy":"category","embeddable":true,"href":"https:\/\/arantv.az\/index.php?rest_route=%2Fwp%2Fv2%2Fcategories&post=383302"},{"taxonomy":"post_tag","embeddable":true,"href":"https:\/\/arantv.az\/index.php?rest_route=%2Fwp%2Fv2%2Ftags&post=383302"}],"curies":[{"name":"wp","href":"https:\/\/api.w.org\/{rel}","templated":true}]}}