{"id":383495,"date":"2021-09-28T11:38:20","date_gmt":"2021-09-28T08:38:20","guid":{"rendered":"http:\/\/arantv.az\/?p=383495"},"modified":"2021-09-28T11:38:20","modified_gmt":"2021-09-28T08:38:20","slug":"k%c9%99lb%c9%99c%c9%99r-v%c9%99-qubadlida-h%c9%99rbi-prokurorluqlarin-binalarinin-acilisi-olub-foto","status":"publish","type":"post","link":"https:\/\/arantv.az\/?p=383495","title":{"rendered":"K\u0259lb\u0259c\u0259r v\u0259 Qubadl\u0131da h\u0259rbi prokurorluqlar\u0131n binalar\u0131n\u0131n a\u00e7\u0131l\u0131\u015f\u0131 olub &#8211; FOTO"},"content":{"rendered":"<p>Az\u0259rbaycan Respublikas\u0131 Prezidenti c\u0259nab \u0130lham \u018fliyevin i\u015f\u011faldan azad edilmi\u015f \u0259razil\u0259rd\u0259 yeni h\u0259rbi prokurorluqlar\u0131n yarad\u0131lmas\u0131 haqq\u0131nda 1 aprel 2021-ci il tarixli S\u0259r\u0259ncam\u0131n\u0131n icras\u0131 il\u0259 \u0259laq\u0259dar K\u0259lb\u0259c\u0259r v\u0259 Qubadl\u0131 rayonlar\u0131nda m\u00fcvafiq h\u0259rbi prokurorluqlar\u0131n inzibati binalar\u0131n\u0131n in\u015fas\u0131na ba\u015flan\u0131laraq q\u0131sa vaxt \u0259rzind\u0259 in\u015fas\u0131 ba\u015fa \u00e7atd\u0131r\u0131l\u0131b.<\/p>\n<p>Bu bar\u0259d\u0259 Ba\u015f Prokurorlu\u011fun M\u0259tbuat Xidm\u0259ti m\u0259lumat yay\u0131b.<\/p>\n<p>Sentyabr\u0131n 26-\u0131 v\u0259 27-d\u0259 Ba\u015f Prokuror Kamran \u018fliyevin r\u0259hb\u0259rliyi il\u0259 Respublika Ba\u015f Prokurorlu\u011funun v\u0259 H\u0259rbi Prokurorlu\u011fun r\u0259hb\u0259r \u0259m\u0259kda\u015flar\u0131ndan ibar\u0259t n\u00fcmay\u0259nd\u0259 hey\u0259ti K\u0259lb\u0259c\u0259r v\u0259 Qubadl\u0131 rayonlar\u0131nda s\u0259f\u0259rd\u0259 olub.<\/p>\n<div id=\"AdviadNativeVideo0\" class=\"AdviadNativeVideo\"><\/div>\n<p>S\u0259f\u0259r \u00e7\u0259r\u00e7iv\u0259sind\u0259 n\u00fcmay\u0259nd\u0259 hey\u0259ti K\u0259lb\u0259c\u0259r v\u0259 Qubadl\u0131 H\u0259rbi Prokurorluqlar\u0131n\u0131n yeni inzibati binalar\u0131n a\u00e7\u0131l\u0131\u015f m\u0259rasimind\u0259 i\u015ftirak edib.<\/p>\n<p>A\u00e7\u0131l\u0131\u015f m\u0259rasiml\u0259rind\u0259 \u00e7\u0131x\u0131\u015f ed\u0259n Ba\u015f Prokuror\u00a0Prezident \u0130lham \u018fliyevin m\u00fcdrik r\u0259hb\u0259rliyi il\u0259 m\u00fcst\u0259qil Az\u0259rbaycan\u0131n b\u00fct\u00fcn sah\u0259l\u0259rd\u0259 durmadan inki\u015faf etdiyini, g\u00fcnb\u0259g\u00fcn daha da q\u00fcdr\u0259tl\u0259ndiyini bildir\u0259r\u0259k, bunun parlaq n\u00fcmun\u0259si kimi 44 g\u00fcnl\u00fck V\u0259t\u0259n m\u00fcharib\u0259sind\u0259 Ali Ba\u015f Komandan\u0131n M\u00fcz\u0259ff\u0259r s\u0259rk\u0259rd\u0259liyi alt\u0131nda xalq\u0131n v\u0259 d\u00f6vl\u0259tin sars\u0131lmaz birliyi n\u0259tic\u0259sind\u0259 r\u0259\u015fad\u0259tli Ordumuz torpaqlar\u0131m\u0131z\u0131 d\u00fc\u015fm\u0259n i\u015f\u011fal\u0131ndan azad etdiyini vur\u011fulan\u0131b.<\/p>\n<p>Ba\u015f Prokuror h\u0259r iki h\u0259rbi prokurorlu\u011fun, el\u0259c\u0259 d\u0259 K\u0259lb\u0259c\u0259r v\u0259 Qubadl\u0131 rayon prokurorluqlar\u0131n\u0131n \u0259m\u0259kda\u015flar\u0131 il\u0259 g\u00f6r\u00fc\u015f\u00fcb, onlara f\u0259aliyy\u0259tl\u0259ri il\u0259 ba\u011fl\u0131 tap\u015f\u0131r\u0131q v\u0259 t\u00f6vsiy\u0259l\u0259rini verib, daha sonra inzibati binalar\u0131n h\u0259y\u0259tind\u0259 a\u011faclar \u0259kilmi\u015f v\u0259 dig\u0259r abadl\u0131q i\u015fl\u0259ri g\u00f6r\u00fcl\u00fcb.<\/p>\n<p>H\u0259m\u00e7inin, Respublikan\u0131n H\u0259rbi Prokuroru Xanlar V\u0259liyev d\u0259 h\u0259rbi prokurorluqlarda yarad\u0131lan i\u015f \u015f\u0259raiti il\u0259 tan\u0131\u015f olaraq \u0259m\u0259kda\u015flarla g\u00f6r\u00fc\u015f\u00fcb f\u0259aliyy\u0259tl\u0259rind\u0259 u\u011furlar arzu edib.<\/p>\n<p>S\u0259f\u0259r \u00e7\u0259r\u00e7iv\u0259sind\u0259 Ba\u015f Prokurorun r\u0259hb\u0259rliyi il\u0259 n\u00fcmay\u0259nd\u0259 hey\u0259ti K\u0259lb\u0259c\u0259r rayonunda yerl\u0259\u015f\u0259n N sayl\u0131 h\u0259rbi hiss\u0259d\u0259, el\u0259c\u0259 d\u0259 Qubadl\u0131 rayonunda DSX-\u0131n N sayl\u0131 h\u0259rbi hiss\u0259sind\u0259 xidm\u0259td\u0259 olan h\u0259rb\u00e7il\u0259rl\u0259 g\u00f6r\u00fc\u015f\u00fcb, onlar\u0131n xidm\u0259t v\u0259 m\u0259i\u015f\u0259t \u015f\u0259raiti il\u0259 maraqlan\u0131b.<\/p>\n<p>Bundan ba\u015fqa,\u00a0hey\u0259t s\u0259yyar hospitalda m\u00fcalic\u0259 alan h\u0259rb\u00e7il\u0259r il\u0259 g\u00f6r\u00fc\u015f\u0259r\u0259k onlar\u0131n m\u00fcalic\u0259 v\u0259ziyy\u0259ti il\u0259 maraqlan\u0131b.<\/p>\n<p>Sentyabr\u0131n 27-d\u0259 &#8211; An\u0131m g\u00fcn\u00fcnd\u0259 F\u00fczuli rayonu, Horadiz \u015f\u0259h\u0259rind\u0259 yerl\u0259\u015f\u0259n \u201cQ\u0259hr\u0259manlar park\u0131\u201dnda \u015f\u0259hidl\u0259r \u00fc\u00e7\u00fcn yarad\u0131lan abid\u0259 ziyar\u0259t edilib, orada \u015f\u0259hidl\u0259rimizin \u0259ziz xatir\u0259si bir d\u0259qiq\u0259lik s\u00fckutla yad edilib.<\/p>\n<p>&nbsp;<\/p>\n<div class=\"gallery\">\n<div class=\"gallery-i\"><img src=\"https:\/\/cdn.oxu.az\/uploads\/W1siZiIsIjIwMjEvMDkvMjgvMTEvMzYvNDYvYWY3NDc2OTAtNGM5Zi00ZGE1LWE4MzktOGVkN2JkN2NkN2I0L1doYXRzQXBwIEltYWdlIDIwMjEtMDktMjggYXQgMTEuMjguMjggKDEpLmpwZWciXSxbInAiLCJlbmNvZGUiLCJqcGciLCItcXVhbGl0eSA4MCJdLFsicCIsInRodW1iIiwiNTkweDU5MFx1MDAzZSJdXQ?sha=3a767c5b6b447dba\" alt=\"\" \/><\/p>\n<div class=\"gallery-i-caption\"><\/div>\n<\/div>\n<div class=\"gallery-i\"><img src=\"https:\/\/cdn.oxu.az\/uploads\/W1siZiIsIjIwMjEvMDkvMjgvMTEvMzYvNDYvOTZlYTEwMzEtYTRhOC00MzVjLThmNzctNDA1YjIwMTNlYzM1L1doYXRzQXBwIEltYWdlIDIwMjEtMDktMjggYXQgMTEuMjguMjguanBlZyJdLFsicCIsImVuY29kZSIsImpwZyIsIi1xdWFsaXR5IDgwIl0sWyJwIiwidGh1bWIiLCI1OTB4NTkwXHUwMDNlIl1d?sha=fd93ea5f40310f68\" alt=\"\" \/><\/p>\n<div class=\"gallery-i-caption\"><\/div>\n<\/div>\n<div class=\"gallery-i\"><img src=\"https:\/\/cdn.oxu.az\/uploads\/W1siZiIsIjIwMjEvMDkvMjgvMTEvMzYvNDYvZWVjN2MwNTgtZDQ0Ny00Zjk3LWI5YjEtNGRmMzdkNjc3MDliL1doYXRzQXBwIEltYWdlIDIwMjEtMDktMjggYXQgMTEuMjguMjcuanBlZyJdLFsicCIsImVuY29kZSIsImpwZyIsIi1xdWFsaXR5IDgwIl0sWyJwIiwidGh1bWIiLCI1OTB4NTkwXHUwMDNlIl1d?sha=5dae99bea01acc51\" alt=\"\" \/><\/p>\n<div class=\"gallery-i-caption\"><\/div>\n<\/div>\n<div class=\"gallery-i\"><img src=\"https:\/\/cdn.oxu.az\/uploads\/W1siZiIsIjIwMjEvMDkvMjgvMTEvMzYvNDYvM2IzZTFkMTYtNjViNy00NWMyLWIzMDctNjc0NmViZjBjZDNiL1doYXRzQXBwIEltYWdlIDIwMjEtMDktMjggYXQgMTEuMjguMjYgKDEpLmpwZWciXSxbInAiLCJlbmNvZGUiLCJqcGciLCItcXVhbGl0eSA4MCJdLFsicCIsInRodW1iIiwiNTkweDU5MFx1MDAzZSJdXQ?sha=9c3655ac2a27cffc\" alt=\"\" \/><\/p>\n<div class=\"gallery-i-caption\"><\/div>\n<\/div>\n<div class=\"gallery-i\"><img src=\"https:\/\/cdn.oxu.az\/uploads\/W1siZiIsIjIwMjEvMDkvMjgvMTEvMzYvNDcvNDJmMDM2MTQtZjNhYS00MjRlLWE1YzQtMDA4MzFiM2Y0MTEwL1doYXRzQXBwIEltYWdlIDIwMjEtMDktMjggYXQgMTEuMjguMjUuanBlZyJdLFsicCIsImVuY29kZSIsImpwZyIsIi1xdWFsaXR5IDgwIl0sWyJwIiwidGh1bWIiLCI1OTB4NTkwXHUwMDNlIl1d?sha=6e6d78b30bb5792a\" alt=\"\" \/><\/p>\n<div class=\"gallery-i-caption\"><\/div>\n<\/div>\n<div class=\"gallery-i\"><img src=\"https:\/\/cdn.oxu.az\/uploads\/W1siZiIsIjIwMjEvMDkvMjgvMTEvMzYvNDcvZjJkYWM3NTktOTA5Mi00YmMyLTg4ZmQtZTU4MjQ3MDI4NTg2L1doYXRzQXBwIEltYWdlIDIwMjEtMDktMjggYXQgMTEuMjguMjQgKDEpLmpwZWciXSxbInAiLCJlbmNvZGUiLCJqcGciLCItcXVhbGl0eSA4MCJdLFsicCIsInRodW1iIiwiNTkweDU5MFx1MDAzZSJdXQ?sha=84dc2fe258c1a241\" alt=\"\" \/><\/p>\n<div class=\"gallery-i-caption\"><\/div>\n<\/div>\n<div class=\"gallery-i\"><img src=\"https:\/\/cdn.oxu.az\/uploads\/W1siZiIsIjIwMjEvMDkvMjgvMTEvMzYvNDcvZDVmOTIxNWQtMmM0Zi00YTkxLWIwOGMtYzNlMzdlMTAxNTA1L1doYXRzQXBwIEltYWdlIDIwMjEtMDktMjggYXQgMTEuMjguMjQuanBlZyJdLFsicCIsImVuY29kZSIsImpwZyIsIi1xdWFsaXR5IDgwIl0sWyJwIiwidGh1bWIiLCI1OTB4NTkwXHUwMDNlIl1d?sha=0db0a52a7e3e98c8\" alt=\"\" \/><\/p>\n<div class=\"gallery-i-caption\"><\/div>\n<\/div>\n<div class=\"gallery-i\"><img src=\"https:\/\/cdn.oxu.az\/uploads\/W1siZiIsIjIwMjEvMDkvMjgvMTEvMzYvNDcvYWRiOWVmNmEtMTMyOC00NTlmLWE5YWEtZDQzOWIwYTM5OWY0L1doYXRzQXBwIEltYWdlIDIwMjEtMDktMjggYXQgMTEuMjguMjMuanBlZyJdLFsicCIsImVuY29kZSIsImpwZyIsIi1xdWFsaXR5IDgwIl0sWyJwIiwidGh1bWIiLCI1OTB4NTkwXHUwMDNlIl1d?sha=5889bd1cfa60a161\" alt=\"\" \/><\/div>\n<\/div>\n","protected":false},"excerpt":{"rendered":"<p>Az\u0259rbaycan Respublikas\u0131 Prezidenti c\u0259nab \u0130lham \u018fliyevin i\u015f\u011faldan azad edilmi\u015f \u0259razil\u0259rd\u0259 yeni h\u0259rbi prokurorluqlar\u0131n yarad\u0131lmas\u0131 haqq\u0131nda 1 aprel 2021-ci il tarixli S\u0259r\u0259ncam\u0131n\u0131n icras\u0131 il\u0259 \u0259laq\u0259dar K\u0259lb\u0259c\u0259r v\u0259 Qubadl\u0131 rayonlar\u0131nda m\u00fcvafiq h\u0259rbi prokurorluqlar\u0131n inzibati binalar\u0131n\u0131n in\u015fas\u0131na ba\u015flan\u0131laraq q\u0131sa vaxt \u0259rzind\u0259 in\u015fas\u0131 ba\u015fa \u00e7atd\u0131r\u0131l\u0131b. Bu bar\u0259d\u0259 Ba\u015f Prokurorlu\u011fun M\u0259tbuat Xidm\u0259ti m\u0259lumat yay\u0131b. Sentyabr\u0131n 26-\u0131 v\u0259 27-d\u0259 Ba\u015f Prokuror Kamran \u018fliyevin r\u0259hb\u0259rliyi il\u0259 Respublika Ba\u015f Prokurorlu\u011funun v\u0259 H\u0259rbi Prokurorlu\u011fun r\u0259hb\u0259r \u0259m\u0259kda\u015flar\u0131ndan ibar\u0259t n\u00fcmay\u0259nd\u0259 hey\u0259ti K\u0259lb\u0259c\u0259r v\u0259 Qubadl\u0131 rayonlar\u0131nda s\u0259f\u0259rd\u0259 olub. S\u0259f\u0259r \u00e7\u0259r\u00e7iv\u0259sind\u0259 n\u00fcmay\u0259nd\u0259 hey\u0259ti K\u0259lb\u0259c\u0259r v\u0259 Qubadl\u0131 H\u0259rbi Prokurorluqlar\u0131n\u0131n yeni inzibati binalar\u0131n a\u00e7\u0131l\u0131\u015f m\u0259rasimind\u0259&hellip;<\/p>\n","protected":false},"author":2,"featured_media":383496,"comment_status":"closed","ping_status":"closed","sticky":false,"template":"","format":"standard","meta":{"om_disable_all_campaigns":false,"_monsterinsights_skip_tracking":false,"_monsterinsights_sitenote_active":false,"_monsterinsights_sitenote_note":"","_monsterinsights_sitenote_category":0},"categories":[26],"tags":[],"aioseo_notices":[],"gutentor_comment":0,"rttpg_featured_image_url":{"full":["https:\/\/arantv.az\/wp-content\/uploads\/2021\/09\/FotoJet-4-19.jpg",620,415,false],"landscape":["https:\/\/arantv.az\/wp-content\/uploads\/2021\/09\/FotoJet-4-19.jpg",620,415,false],"portraits":["https:\/\/arantv.az\/wp-content\/uploads\/2021\/09\/FotoJet-4-19.jpg",620,415,false],"thumbnail":["https:\/\/arantv.az\/wp-content\/uploads\/2021\/09\/FotoJet-4-19-500x280.jpg",500,280,true],"medium":["https:\/\/arantv.az\/wp-content\/uploads\/2021\/09\/FotoJet-4-19-545x365.jpg",545,365,true],"large":["https:\/\/arantv.az\/wp-content\/uploads\/2021\/09\/FotoJet-4-19.jpg",620,415,false],"1536x1536":["https:\/\/arantv.az\/wp-content\/uploads\/2021\/09\/FotoJet-4-19.jpg",620,415,false],"2048x2048":["https:\/\/arantv.az\/wp-content\/uploads\/2021\/09\/FotoJet-4-19.jpg",620,415,false],"post-thumbnail":["https:\/\/arantv.az\/wp-content\/uploads\/2021\/09\/FotoJet-4-19-240x172.jpg",240,172,true],"advps-thumb-one":["https:\/\/arantv.az\/wp-content\/uploads\/2021\/09\/FotoJet-4-19.jpg",620,415,false]},"rttpg_author":{"display_name":"V\u00fcsal Rafiqo\u011flu","author_link":"https:\/\/arantv.az\/?author=2"},"rttpg_comment":0,"rttpg_category":"<a href=\"https:\/\/arantv.az\/?cat=26\" rel=\"category\">Sosial<\/a>","rttpg_excerpt":"Az\u0259rbaycan Respublikas\u0131 Prezidenti c\u0259nab \u0130lham \u018fliyevin i\u015f\u011faldan azad edilmi\u015f \u0259razil\u0259rd\u0259 yeni h\u0259rbi prokurorluqlar\u0131n yarad\u0131lmas\u0131 haqq\u0131nda 1 aprel 2021-ci il tarixli S\u0259r\u0259ncam\u0131n\u0131n icras\u0131 il\u0259 \u0259laq\u0259dar K\u0259lb\u0259c\u0259r v\u0259 Qubadl\u0131 rayonlar\u0131nda m\u00fcvafiq h\u0259rbi prokurorluqlar\u0131n inzibati binalar\u0131n\u0131n in\u015fas\u0131na ba\u015flan\u0131laraq q\u0131sa vaxt \u0259rzind\u0259 in\u015fas\u0131 ba\u015fa \u00e7atd\u0131r\u0131l\u0131b. Bu bar\u0259d\u0259 Ba\u015f Prokurorlu\u011fun M\u0259tbuat Xidm\u0259ti m\u0259lumat yay\u0131b. Sentyabr\u0131n 26-\u0131 v\u0259 27-d\u0259 Ba\u015f Prokuror&hellip;","_links":{"self":[{"href":"https:\/\/arantv.az\/index.php?rest_route=\/wp\/v2\/posts\/383495"}],"collection":[{"href":"https:\/\/arantv.az\/index.php?rest_route=\/wp\/v2\/posts"}],"about":[{"href":"https:\/\/arantv.az\/index.php?rest_route=\/wp\/v2\/types\/post"}],"author":[{"embeddable":true,"href":"https:\/\/arantv.az\/index.php?rest_route=\/wp\/v2\/users\/2"}],"replies":[{"embeddable":true,"href":"https:\/\/arantv.az\/index.php?rest_route=%2Fwp%2Fv2%2Fcomments&post=383495"}],"version-history":[{"count":0,"href":"https:\/\/arantv.az\/index.php?rest_route=\/wp\/v2\/posts\/383495\/revisions"}],"wp:featuredmedia":[{"embeddable":true,"href":"https:\/\/arantv.az\/index.php?rest_route=\/wp\/v2\/media\/383496"}],"wp:attachment":[{"href":"https:\/\/arantv.az\/index.php?rest_route=%2Fwp%2Fv2%2Fmedia&parent=383495"}],"wp:term":[{"taxonomy":"category","embeddable":true,"href":"https:\/\/arantv.az\/index.php?rest_route=%2Fwp%2Fv2%2Fcategories&post=383495"},{"taxonomy":"post_tag","embeddable":true,"href":"https:\/\/arantv.az\/index.php?rest_route=%2Fwp%2Fv2%2Ftags&post=383495"}],"curies":[{"name":"wp","href":"https:\/\/api.w.org\/{rel}","templated":true}]}}