{"id":383500,"date":"2021-09-28T11:40:09","date_gmt":"2021-09-28T08:40:09","guid":{"rendered":"http:\/\/arantv.az\/?p=383500"},"modified":"2021-09-28T11:40:09","modified_gmt":"2021-09-28T08:40:09","slug":"erm%c9%99nil%c9%99r-%c9%99n-cox-itkil%c9%99ri-hansi-istiqam%c9%99td%c9%99-verib-foto","status":"publish","type":"post","link":"https:\/\/arantv.az\/?p=383500","title":{"rendered":"Erm\u0259nil\u0259r \u0259n \u00e7ox itkil\u0259ri hans\u0131 istiqam\u0259td\u0259 verib? &#8211; FOTO"},"content":{"rendered":"<p>\u201cBizim t\u0259qvimimizd\u0259 art\u0131q Z\u0259f\u0259r G\u00fcn\u00fc var. Ali Ba\u015f Komandan \u00f6lk\u0259mizin iqtisadiyyat\u0131n\u0131 g\u00fccl\u0259ndirdi, orduda islahatlar apard\u0131, Ordumuzu \u0259n m\u00fcasir silahlarla t\u0259min etdi v\u0259 zaman\u0131 g\u0259l\u0259nd\u0259 \u201c\u0130r\u0259li\u201d komandas\u0131n\u0131 verdi. D\u00fc\u015fm\u0259n m\u00fcharib\u0259 zaman\u0131 ballistik silahlardan tutmu\u015f dig\u0259r vasit\u0259l\u0259rl\u0259 biz\u0259 z\u0259rb\u0259l\u0259r endirdi\u201d.<\/p>\n<p><strong>ARANTV.AZ<\/strong>-\u0131n x\u0259b\u0259rin\u0259 g\u00f6r\u0259, bunu M\u00fcdafi\u0259 Nazirliyinin \u015e\u0259xsi H\u0259y\u0259t Ba\u015f \u0130dar\u0259sinin \u0130deoloji \u0130\u015f v\u0259 M\u0259n\u0259vi-Psixoloji T\u0259minat \u0130dar\u0259sinin r\u0259isi General-mayor B\u0259kir Orucov deyib.<\/p>\n<p>Onun s\u00f6zl\u0259rin\u0259 g\u00f6r\u0259, d\u00fc\u015fm\u0259n fikirl\u0259\u015firdi ki, Aprel d\u00f6y\u00fc\u015fl\u0259rind\u0259 itirdikl\u0259ri torpaqlar\u0131 geri alacaqlar:<\/p>\n<div id=\"AdviadNativeVideo0\" class=\"AdviadNativeVideo\"><\/div>\n<p>\u201cAncaq onlar el\u0259 \u0259n \u00e7ox itkil\u0259ri d\u0259 orada verdil\u0259r. Bel\u0259 bir m\u00fcharib\u0259 d\u00fcnya tarixind\u0259 g\u00f6r\u00fclm\u0259yib. Az\u0259rbaycan Ordusu \u00f6z q\u0259hr\u0259manl\u0131\u011f\u0131 il\u0259 tarix yaz\u0131b\u201d.<\/p>\n<p>&nbsp;<\/p>\n<div class=\"gallery\">\n<div class=\"gallery-i\"><img src=\"https:\/\/cdn.oxu.az\/uploads\/W1siZiIsIjIwMjEvMDkvMjgvMTEvMjQvMzMvMmNiNDY5YWQtMmRmZi00MDZmLWEwMGYtYTk0NGQ0YjkxNWFlL0lNR18yMDIxMDkyOF8xMDIxNDUuanBnIl0sWyJwIiwiZW5jb2RlIiwianBnIiwiLXF1YWxpdHkgODAiXSxbInAiLCJ0aHVtYiIsIjU5MHg1OTBcdTAwM2UiXV0?sha=ea4a7177225dbcd1\" \/><\/div>\n<\/div>\n","protected":false},"excerpt":{"rendered":"<p>\u201cBizim t\u0259qvimimizd\u0259 art\u0131q Z\u0259f\u0259r G\u00fcn\u00fc var. Ali Ba\u015f Komandan \u00f6lk\u0259mizin iqtisadiyyat\u0131n\u0131 g\u00fccl\u0259ndirdi, orduda islahatlar apard\u0131, Ordumuzu \u0259n m\u00fcasir silahlarla t\u0259min etdi v\u0259 zaman\u0131 g\u0259l\u0259nd\u0259 \u201c\u0130r\u0259li\u201d komandas\u0131n\u0131 verdi. D\u00fc\u015fm\u0259n m\u00fcharib\u0259 zaman\u0131 ballistik silahlardan tutmu\u015f dig\u0259r vasit\u0259l\u0259rl\u0259 biz\u0259 z\u0259rb\u0259l\u0259r endirdi\u201d. ARANTV.AZ-\u0131n x\u0259b\u0259rin\u0259 g\u00f6r\u0259, bunu M\u00fcdafi\u0259 Nazirliyinin \u015e\u0259xsi H\u0259y\u0259t Ba\u015f \u0130dar\u0259sinin \u0130deoloji \u0130\u015f v\u0259 M\u0259n\u0259vi-Psixoloji T\u0259minat \u0130dar\u0259sinin r\u0259isi General-mayor B\u0259kir Orucov deyib. Onun s\u00f6zl\u0259rin\u0259 g\u00f6r\u0259, d\u00fc\u015fm\u0259n fikirl\u0259\u015firdi ki, Aprel d\u00f6y\u00fc\u015fl\u0259rind\u0259 itirdikl\u0259ri torpaqlar\u0131 geri alacaqlar: \u201cAncaq onlar el\u0259 \u0259n \u00e7ox itkil\u0259ri d\u0259 orada verdil\u0259r. Bel\u0259 bir m\u00fcharib\u0259 d\u00fcnya tarixind\u0259 g\u00f6r\u00fclm\u0259yib. Az\u0259rbaycan Ordusu \u00f6z q\u0259hr\u0259manl\u0131\u011f\u0131&hellip;<\/p>\n","protected":false},"author":2,"featured_media":383501,"comment_status":"closed","ping_status":"closed","sticky":false,"template":"","format":"standard","meta":{"om_disable_all_campaigns":false,"_monsterinsights_skip_tracking":false,"_monsterinsights_sitenote_active":false,"_monsterinsights_sitenote_note":"","_monsterinsights_sitenote_category":0},"categories":[19],"tags":[],"aioseo_notices":[],"gutentor_comment":0,"rttpg_featured_image_url":{"full":["https:\/\/arantv.az\/wp-content\/uploads\/2021\/09\/1-1.jpg",620,389,false],"landscape":["https:\/\/arantv.az\/wp-content\/uploads\/2021\/09\/1-1.jpg",620,389,false],"portraits":["https:\/\/arantv.az\/wp-content\/uploads\/2021\/09\/1-1.jpg",620,389,false],"thumbnail":["https:\/\/arantv.az\/wp-content\/uploads\/2021\/09\/1-1-500x280.jpg",500,280,true],"medium":["https:\/\/arantv.az\/wp-content\/uploads\/2021\/09\/1-1-582x365.jpg",582,365,true],"large":["https:\/\/arantv.az\/wp-content\/uploads\/2021\/09\/1-1.jpg",620,389,false],"1536x1536":["https:\/\/arantv.az\/wp-content\/uploads\/2021\/09\/1-1.jpg",620,389,false],"2048x2048":["https:\/\/arantv.az\/wp-content\/uploads\/2021\/09\/1-1.jpg",620,389,false],"post-thumbnail":["https:\/\/arantv.az\/wp-content\/uploads\/2021\/09\/1-1-240x172.jpg",240,172,true],"advps-thumb-one":["https:\/\/arantv.az\/wp-content\/uploads\/2021\/09\/1-1.jpg",620,389,false]},"rttpg_author":{"display_name":"V\u00fcsal Rafiqo\u011flu","author_link":"https:\/\/arantv.az\/?author=2"},"rttpg_comment":0,"rttpg_category":"<a href=\"https:\/\/arantv.az\/?cat=19\" rel=\"category\">G\u00fcnd\u0259m<\/a>","rttpg_excerpt":"\u201cBizim t\u0259qvimimizd\u0259 art\u0131q Z\u0259f\u0259r G\u00fcn\u00fc var. Ali Ba\u015f Komandan \u00f6lk\u0259mizin iqtisadiyyat\u0131n\u0131 g\u00fccl\u0259ndirdi, orduda islahatlar apard\u0131, Ordumuzu \u0259n m\u00fcasir silahlarla t\u0259min etdi v\u0259 zaman\u0131 g\u0259l\u0259nd\u0259 \u201c\u0130r\u0259li\u201d komandas\u0131n\u0131 verdi. D\u00fc\u015fm\u0259n m\u00fcharib\u0259 zaman\u0131 ballistik silahlardan tutmu\u015f dig\u0259r vasit\u0259l\u0259rl\u0259 biz\u0259 z\u0259rb\u0259l\u0259r endirdi\u201d. ARANTV.AZ-\u0131n x\u0259b\u0259rin\u0259 g\u00f6r\u0259, bunu M\u00fcdafi\u0259 Nazirliyinin \u015e\u0259xsi H\u0259y\u0259t Ba\u015f \u0130dar\u0259sinin \u0130deoloji \u0130\u015f v\u0259 M\u0259n\u0259vi-Psixoloji T\u0259minat \u0130dar\u0259sinin r\u0259isi&hellip;","_links":{"self":[{"href":"https:\/\/arantv.az\/index.php?rest_route=\/wp\/v2\/posts\/383500"}],"collection":[{"href":"https:\/\/arantv.az\/index.php?rest_route=\/wp\/v2\/posts"}],"about":[{"href":"https:\/\/arantv.az\/index.php?rest_route=\/wp\/v2\/types\/post"}],"author":[{"embeddable":true,"href":"https:\/\/arantv.az\/index.php?rest_route=\/wp\/v2\/users\/2"}],"replies":[{"embeddable":true,"href":"https:\/\/arantv.az\/index.php?rest_route=%2Fwp%2Fv2%2Fcomments&post=383500"}],"version-history":[{"count":0,"href":"https:\/\/arantv.az\/index.php?rest_route=\/wp\/v2\/posts\/383500\/revisions"}],"wp:featuredmedia":[{"embeddable":true,"href":"https:\/\/arantv.az\/index.php?rest_route=\/wp\/v2\/media\/383501"}],"wp:attachment":[{"href":"https:\/\/arantv.az\/index.php?rest_route=%2Fwp%2Fv2%2Fmedia&parent=383500"}],"wp:term":[{"taxonomy":"category","embeddable":true,"href":"https:\/\/arantv.az\/index.php?rest_route=%2Fwp%2Fv2%2Fcategories&post=383500"},{"taxonomy":"post_tag","embeddable":true,"href":"https:\/\/arantv.az\/index.php?rest_route=%2Fwp%2Fv2%2Ftags&post=383500"}],"curies":[{"name":"wp","href":"https:\/\/api.w.org\/{rel}","templated":true}]}}