{"id":383521,"date":"2021-09-28T11:52:34","date_gmt":"2021-09-28T08:52:34","guid":{"rendered":"http:\/\/arantv.az\/?p=383521"},"modified":"2021-09-28T11:52:34","modified_gmt":"2021-09-28T08:52:34","slug":"erm%c9%99nistan-10-noyabr-b%c9%99yanatinin-s%c9%99rtl%c9%99rini-kobudcasina-pozur","status":"publish","type":"post","link":"https:\/\/arantv.az\/?p=383521","title":{"rendered":"Erm\u0259nistan 10 noyabr B\u0259yanat\u0131n\u0131n \u015f\u0259rtl\u0259rini kobudcas\u0131na pozur"},"content":{"rendered":"<p>\u201cNoyabr\u0131n 9-dan 10-na ke\u00e7\u0259n gec\u0259 imzalanm\u0131\u015f B\u0259yanatda g\u00f6st\u0259rilir ki, Az\u0259rbaycan\u0131n \u0259sas hiss\u0259si il\u0259 Nax\u00e7\u0131van Muxtar Respublikas\u0131 aras\u0131nda ba\u011flant\u0131 olmal\u0131d\u0131r. Bu, ba\u011flant\u0131 t\u0259min edildimi? Xeyr\u201d.<\/p>\n<p><strong>ARANTV.AZ\u00a0 x\u0259b\u0259r verir ki,<\/strong>\u00a0\u00a0bunu Az\u0259rbaycan Prezidenti \u0130lham \u018fliyev T\u00fcrkiy\u0259nin Anadolu Agentliyin\u0259 m\u00fcsahib\u0259sind\u0259 deyib.<\/p>\n<p>D\u00f6vl\u0259t ba\u015f\u00e7\u0131s\u0131 bildirib ki, bu ba\u011flant\u0131n\u0131 t\u0259min etm\u0259k \u00fc\u00e7\u00fcn o q\u0259d\u0259r d\u0259 b\u00f6y\u00fck zamana ehtiyac yoxdur: \u201cOrada quru yollarla m\u0259saf\u0259 c\u0259mi 40 kilometrdir. Biz m\u00fcharib\u0259d\u0259n sonra ke\u00e7\u0259n bir il \u0259rzind\u0259 min kilometrd\u0259n \u00e7ox yol \u00e7\u0259kdik \u2013 h\u0259m torpaq yol, h\u0259m asfalt yol. \u0130ndi orada 40 kilometr yolun a\u00e7\u0131lmas\u0131 b\u00f6y\u00fck problem deyil. Ancaq buna baxmayaraq, &#8211; h\u0259tta Erm\u0259nistan buna raz\u0131l\u0131q da verib, &#8211; apar\u0131lan m\u00fczakir\u0259l\u0259r n\u0259tic\u0259siz qal\u0131b. Y\u0259ni, Erm\u0259nistan 10 noyabr B\u0259yanat\u0131n\u0131, onun \u015f\u0259rtl\u0259rini kobudcas\u0131na pozur.<\/p>\n<p>Biz h\u0259l\u0259lik s\u0259birli, t\u0259mkinli davran\u0131r\u0131q. Amma bizim s\u0259brimizin d\u0259 h\u0259ddi var v\u0259 \u0130kinci Qaraba\u011f sava\u015f\u0131 g\u00f6st\u0259rdi ki, s\u0259brimiz t\u00fck\u0259n\u0259nd\u0259 n\u0259l\u0259r ba\u015f verir. Ona g\u00f6r\u0259 Erm\u0259nistan r\u0259hb\u0259rliyin\u0259 \u015fans veririk ki, noyabr\u0131n 10-da imzalanm\u0131\u015f B\u0259yanat\u0131n b\u00fct\u00fcn m\u00fcdd\u0259alar\u0131n\u0131 yerin\u0259 yetirsin v\u0259 \u00f6z\u00fcn\u00fc m\u0259suliyy\u0259tl\u0259 apars\u0131n\u201d.<\/p>\n","protected":false},"excerpt":{"rendered":"<p>\u201cNoyabr\u0131n 9-dan 10-na ke\u00e7\u0259n gec\u0259 imzalanm\u0131\u015f B\u0259yanatda g\u00f6st\u0259rilir ki, Az\u0259rbaycan\u0131n \u0259sas hiss\u0259si il\u0259 Nax\u00e7\u0131van Muxtar Respublikas\u0131 aras\u0131nda ba\u011flant\u0131 olmal\u0131d\u0131r. Bu, ba\u011flant\u0131 t\u0259min edildimi? Xeyr\u201d. ARANTV.AZ\u00a0 x\u0259b\u0259r verir ki,\u00a0\u00a0bunu Az\u0259rbaycan Prezidenti \u0130lham \u018fliyev T\u00fcrkiy\u0259nin Anadolu Agentliyin\u0259 m\u00fcsahib\u0259sind\u0259 deyib. D\u00f6vl\u0259t ba\u015f\u00e7\u0131s\u0131 bildirib ki, bu ba\u011flant\u0131n\u0131 t\u0259min etm\u0259k \u00fc\u00e7\u00fcn o q\u0259d\u0259r d\u0259 b\u00f6y\u00fck zamana ehtiyac yoxdur: \u201cOrada quru yollarla m\u0259saf\u0259 c\u0259mi 40 kilometrdir. Biz m\u00fcharib\u0259d\u0259n sonra ke\u00e7\u0259n bir il \u0259rzind\u0259 min kilometrd\u0259n \u00e7ox yol \u00e7\u0259kdik \u2013 h\u0259m torpaq yol, h\u0259m asfalt yol. \u0130ndi orada 40 kilometr yolun a\u00e7\u0131lmas\u0131 b\u00f6y\u00fck problem deyil. Ancaq buna&hellip;<\/p>\n","protected":false},"author":2,"featured_media":383522,"comment_status":"closed","ping_status":"closed","sticky":false,"template":"","format":"standard","meta":{"om_disable_all_campaigns":false,"_monsterinsights_skip_tracking":false,"_monsterinsights_sitenote_active":false,"_monsterinsights_sitenote_note":"","_monsterinsights_sitenote_category":0},"categories":[4],"tags":[],"aioseo_notices":[],"gutentor_comment":0,"rttpg_featured_image_url":{"full":["https:\/\/arantv.az\/wp-content\/uploads\/2021\/09\/90f4760f163281851785482335610013122.jpg",975,540,false],"landscape":["https:\/\/arantv.az\/wp-content\/uploads\/2021\/09\/90f4760f163281851785482335610013122.jpg",975,540,false],"portraits":["https:\/\/arantv.az\/wp-content\/uploads\/2021\/09\/90f4760f163281851785482335610013122.jpg",975,540,false],"thumbnail":["https:\/\/arantv.az\/wp-content\/uploads\/2021\/09\/90f4760f163281851785482335610013122-500x280.jpg",500,280,true],"medium":["https:\/\/arantv.az\/wp-content\/uploads\/2021\/09\/90f4760f163281851785482335610013122-660x365.jpg",660,365,true],"large":["https:\/\/arantv.az\/wp-content\/uploads\/2021\/09\/90f4760f163281851785482335610013122-840x465.jpg",640,354,true],"1536x1536":["https:\/\/arantv.az\/wp-content\/uploads\/2021\/09\/90f4760f163281851785482335610013122.jpg",975,540,false],"2048x2048":["https:\/\/arantv.az\/wp-content\/uploads\/2021\/09\/90f4760f163281851785482335610013122.jpg",975,540,false],"post-thumbnail":["https:\/\/arantv.az\/wp-content\/uploads\/2021\/09\/90f4760f163281851785482335610013122-240x172.jpg",240,172,true],"advps-thumb-one":["https:\/\/arantv.az\/wp-content\/uploads\/2021\/09\/90f4760f163281851785482335610013122.jpg",975,540,false]},"rttpg_author":{"display_name":"V\u00fcsal Rafiqo\u011flu","author_link":"https:\/\/arantv.az\/?author=2"},"rttpg_comment":0,"rttpg_category":"<a href=\"https:\/\/arantv.az\/?cat=4\" rel=\"category\">Siyas\u0259t<\/a>","rttpg_excerpt":"\u201cNoyabr\u0131n 9-dan 10-na ke\u00e7\u0259n gec\u0259 imzalanm\u0131\u015f B\u0259yanatda g\u00f6st\u0259rilir ki, Az\u0259rbaycan\u0131n \u0259sas hiss\u0259si il\u0259 Nax\u00e7\u0131van Muxtar Respublikas\u0131 aras\u0131nda ba\u011flant\u0131 olmal\u0131d\u0131r. Bu, ba\u011flant\u0131 t\u0259min edildimi? Xeyr\u201d. ARANTV.AZ\u00a0 x\u0259b\u0259r verir ki,\u00a0\u00a0bunu Az\u0259rbaycan Prezidenti \u0130lham \u018fliyev T\u00fcrkiy\u0259nin Anadolu Agentliyin\u0259 m\u00fcsahib\u0259sind\u0259 deyib. D\u00f6vl\u0259t ba\u015f\u00e7\u0131s\u0131 bildirib ki, bu ba\u011flant\u0131n\u0131 t\u0259min etm\u0259k \u00fc\u00e7\u00fcn o q\u0259d\u0259r d\u0259 b\u00f6y\u00fck zamana ehtiyac yoxdur: \u201cOrada quru&hellip;","_links":{"self":[{"href":"https:\/\/arantv.az\/index.php?rest_route=\/wp\/v2\/posts\/383521"}],"collection":[{"href":"https:\/\/arantv.az\/index.php?rest_route=\/wp\/v2\/posts"}],"about":[{"href":"https:\/\/arantv.az\/index.php?rest_route=\/wp\/v2\/types\/post"}],"author":[{"embeddable":true,"href":"https:\/\/arantv.az\/index.php?rest_route=\/wp\/v2\/users\/2"}],"replies":[{"embeddable":true,"href":"https:\/\/arantv.az\/index.php?rest_route=%2Fwp%2Fv2%2Fcomments&post=383521"}],"version-history":[{"count":0,"href":"https:\/\/arantv.az\/index.php?rest_route=\/wp\/v2\/posts\/383521\/revisions"}],"wp:featuredmedia":[{"embeddable":true,"href":"https:\/\/arantv.az\/index.php?rest_route=\/wp\/v2\/media\/383522"}],"wp:attachment":[{"href":"https:\/\/arantv.az\/index.php?rest_route=%2Fwp%2Fv2%2Fmedia&parent=383521"}],"wp:term":[{"taxonomy":"category","embeddable":true,"href":"https:\/\/arantv.az\/index.php?rest_route=%2Fwp%2Fv2%2Fcategories&post=383521"},{"taxonomy":"post_tag","embeddable":true,"href":"https:\/\/arantv.az\/index.php?rest_route=%2Fwp%2Fv2%2Ftags&post=383521"}],"curies":[{"name":"wp","href":"https:\/\/api.w.org\/{rel}","templated":true}]}}