{"id":383524,"date":"2021-09-28T11:53:23","date_gmt":"2021-09-28T08:53:23","guid":{"rendered":"http:\/\/arantv.az\/?p=383524"},"modified":"2021-09-28T11:53:23","modified_gmt":"2021-09-28T08:53:23","slug":"prezident-ilham-%c9%99liyev-minsk-qrupunun-f%c9%99aliyy%c9%99tini-biz-dem%c9%99k-olar-ki-gormuruk","status":"publish","type":"post","link":"https:\/\/arantv.az\/?p=383524","title":{"rendered":"Prezident \u0130lham \u018fliyev: Minsk qrupunun f\u0259aliyy\u0259tini biz dem\u0259k olar ki, g\u00f6rm\u00fcr\u00fck"},"content":{"rendered":"<p>\u0130ndiki d\u00f6vr\u0259 g\u0259ldikd\u0259, Minsk qrupunun f\u0259aliyy\u0259tini biz dem\u0259k olar ki, g\u00f6rm\u00fcr\u00fck.<\/p>\n<p><strong>ARANTV.AZ x\u0259b\u0259r verir ki,<\/strong>\u00a0bunu Prezident \u0130lham \u018fliyev T\u00fcrkiy\u0259nin Anadolu Agentliyin\u0259 m\u00fcsahib\u0259sind\u0259 &#8220;H\u0259ms\u0259drl\u0259rin \u00f6lk\u0259l\u0259ri uzun m\u00fcdd\u0259t status-kvonu davam etdirm\u0259k strategiyas\u0131n\u0131 y\u00fcr\u00fctd\u00fc. Ancaq Z\u0259f\u0259rd\u0259n sonra Minsk qrupunun, h\u0259ms\u0259drl\u0259rin yenid\u0259n proses\u0259 daxil olmas\u0131, vasit\u0259\u00e7ilik diplomatiyas\u0131 y\u00fcr\u00fctm\u0259si g\u00fcnd\u0259md\u0259dir, bel\u0259 t\u0259l\u0259bl\u0259r var. Bununla \u0259laq\u0259dar n\u0259 d\u00fc\u015f\u00fcn\u00fcrs\u00fcn\u00fcz? Bu, g\u0259l\u0259c\u0259kd\u0259 bir h\u0259ll yolu ola bil\u0259rmi, bunun bir faydas\u0131 olacaqm\u0131?&#8221; sual\u0131n\u0131 cavabland\u0131rark\u0259n deyib.<\/p>\n<p>D\u00f6vl\u0259t ba\u015f\u00e7\u0131s\u0131 bildirib: &#8220;Minsk qrupuna s\u0259drlik ed\u0259n \u00f6lk\u0259l\u0259r, onlar\u0131n prezidentl\u0259ri i\u015f\u011fal d\u00f6vr\u00fcnd\u0259 bir ne\u00e7\u0259 d\u0259f\u0259 \u00e7ox m\u00fcsb\u0259t a\u00e7\u0131qlamalar verdil\u0259r, t\u0259qrib\u0259n 7-8 il bundan \u00f6nc\u0259. Onlardan biri d\u0259 o idi v\u0259 a\u00e7\u0131q b\u0259yan edilmi\u015fdi ki, status-kvo q\u0259buledilm\u0259zdir v\u0259 d\u0259yi\u015fdirilm\u0259lidir. Biz d\u0259 bunu \u00e7ox m\u00fcsb\u0259t q\u0259bul etdik. \u015e\u0259xs\u0259n m\u0259n bu m\u0259s\u0259l\u0259 il\u0259 ba\u011fl\u0131 d\u0259f\u0259l\u0259rl\u0259 \u00f6z fikirl\u0259rimi bildirmi\u015fdim v\u0259 demi\u015fdim ki, bu, uzun ill\u0259r \u0259rzind\u0259 g\u00f6zl\u0259nil\u0259n bir a\u00e7\u0131qlamad\u0131r. Status-kvonun d\u0259yi\u015fdirilm\u0259si n\u0259 dem\u0259kdir \u2013 i\u015f\u011fala son qoyulmas\u0131. Ancaq bu a\u00e7\u0131qlamalardan sonra onlar praktiki add\u0131mlara ke\u00e7m\u0259dil\u0259r. Ondan da \u0259lav\u0259, bir m\u00fcdd\u0259t sonra onlar bu ifad\u0259d\u0259n d\u0259 geri \u00e7\u0259kildil\u0259r v\u0259 h\u0259ms\u0259drl\u0259r t\u0259r\u0259find\u0259n yeni bir ifad\u0259 ortal\u0131\u011fa at\u0131ld\u0131 &#8211; status-kvo dayan\u0131ql\u0131 deyil. Y\u0259ni, bunlar\u0131n aras\u0131nda \u00e7ox b\u00f6y\u00fck f\u0259rq var. Biri var ki, q\u0259buledilm\u0259zdir, bir d\u0259 var ki, dayan\u0131ql\u0131 deyil. M\u0259n o zaman da onlar\u0131 t\u0259nqid etmi\u015fdim v\u0259 demi\u015fdim ki, bu m\u00f6vqe d\u0259yi\u015fikliyi Erm\u0259nistan\u0131n i\u015f\u011fal\u00e7\u0131l\u0131q siyas\u0259tinin d\u0259yirman\u0131na su t\u00f6k\u00fcr. Ancaq t\u0259\u0259ss\u00fcf ki, ondan sonrak\u0131 d\u00f6vr d\u0259 onu g\u00f6st\u0259rdi ki, Minsk qrupu, sad\u0259c\u0259 olaraq, bu m\u0259s\u0259l\u0259ni h\u0259ll etm\u0259k fikrind\u0259 deyildi. Biz 44 g\u00fcnl\u00fck m\u00fcharib\u0259 zaman\u0131 bunu bir daha g\u00f6rd\u00fck. \u00c7\u00fcnki Birl\u0259\u015fmi\u015f Mill\u0259tl\u0259r T\u0259\u015fkilat\u0131nda biz\u0259 qar\u015f\u0131 m\u0259s\u0259l\u0259ni qald\u0131ran Minsk qrupuna h\u0259ms\u0259drlik ed\u0259n b\u0259zi \u00f6lk\u0259l\u0259r idi. M\u00fcharib\u0259 gedir, biz \u00f6z torpa\u011f\u0131m\u0131zda beyn\u0259lxalq h\u00fcququ b\u0259rpa edirik, \u0259dal\u0259t sava\u015f\u0131na \u00e7\u0131xm\u0131\u015f\u0131q. Ancaq Birl\u0259\u015fmi\u015f Mill\u0259tl\u0259r T\u0259\u015fkilat\u0131nda biz\u0259 qar\u015f\u0131 hans\u0131sa sanksiya m\u0259s\u0259l\u0259sini ortaya atmaq tamamil\u0259 \u0259dal\u0259tsizlikdir.<\/p>\n<p>\u0130ndiki d\u00f6vr\u0259 g\u0259ldikd\u0259, Minsk qrupunun f\u0259aliyy\u0259tini biz dem\u0259k olar ki, g\u00f6rm\u00fcr\u00fck. Ad\u0259t\u0259n onlar dan\u0131\u015f\u0131qlar prosesi d\u00f6vr\u00fcnd\u0259 g\u0259lirdil\u0259r, t\u0259klifl\u0259r verirdil\u0259r, prezidentl\u0259r s\u0259viyy\u0259sind\u0259 ke\u00e7iril\u0259n g\u00f6r\u00fc\u015fl\u0259rin g\u00fcnd\u0259liyini t\u0259sbit edirdil\u0259r, biz\u0259 t\u0259klifl\u0259r edirdil\u0259r ki, hans\u0131 m\u0259s\u0259l\u0259l\u0259r m\u00fczakir\u0259 oluna bil\u0259r. H\u0259r iki t\u0259r\u0259f d\u0259 raz\u0131la\u015fma \u0259sas\u0131nda bu m\u0259s\u0259l\u0259l\u0259ri m\u00fczakir\u0259 edirdi. \u0130ndi is\u0259 m\u00fcharib\u0259nin bitm\u0259sind\u0259n bir il\u0259 yax\u0131n vaxt ke\u00e7m\u0259sin\u0259 baxmayaraq, onlardan h\u0259r hans\u0131 bir t\u0259klif yoxdur. Bir d\u0259f\u0259 Az\u0259rbaycana g\u0259lmi\u015fdil\u0259r v\u0259 m\u0259n onlara dedim ki, siz t\u0259klif verin. Biz bu m\u0259s\u0259l\u0259ni h\u0259ll etdik, Da\u011fl\u0131q Qaraba\u011f m\u00fcnaqi\u015f\u0259si ba\u015fa \u00e7atd\u0131, \u201cDa\u011fl\u0131q Qaraba\u011f\u201d adl\u0131 inzibati \u0259razi, y\u0259ni, qurum m\u00f6vcud deyil. Bu g\u00fcnl\u0259rd\u0259 Birl\u0259\u015fmi\u015f Mill\u0259tl\u0259r T\u0259\u015fkilat\u0131n\u0131n Ba\u015f Assambleyas\u0131n\u0131n sessiyas\u0131nda \u00e7\u0131x\u0131\u015f\u0131mda da m\u0259n b\u00fct\u00fcn \u00f6lk\u0259l\u0259r\u0259 m\u00fcraci\u0259t etdim v\u0259 dedim, rica edir\u0259m ki, bundan sonra \u201cDa\u011fl\u0131q Qaraba\u011f\u201d ifad\u0259si i\u015fl\u0259dilm\u0259sin, Az\u0259rbaycan \u0259razisind\u0259 bel\u0259 bir qurum yoxdur. Qaraba\u011f zonas\u0131 var, \u015e\u0259rqi Z\u0259ng\u0259zur var. Bel\u0259 olan halda Minsk qrupunun f\u0259aliyy\u0259ti \u00fc\u00e7\u00fcn bu g\u00fcn yeni m\u0259s\u0259l\u0259l\u0259r ortal\u0131\u011fa \u00e7\u0131xmal\u0131d\u0131r. Y\u0259ni, m\u0259s\u0259l\u0259 &#8211; Da\u011fl\u0131q Qaraba\u011f m\u00fcnaqi\u015f\u0259si bitdi. N\u0259 ola bil\u0259r? M\u0259nim fikrimc\u0259, y\u0259ni, etimad t\u0259dbirl\u0259ri, ondan sonra yollar\u0131n a\u00e7\u0131lmas\u0131, d\u0259hlizl\u0259rin a\u00e7\u0131lmas\u0131, s\u00fclh prosesin\u0259 d\u0259st\u0259k verm\u0259k, Erm\u0259nistan-Az\u0259rbaycan \u0259laq\u0259l\u0259rini t\u0259nziml\u0259m\u0259k, \u00e7al\u0131\u015fmaq ki, Erm\u0259nistan-Az\u0259rbaycan aras\u0131nda bizim t\u0259klif etdiyimiz s\u00fclh m\u00fcqavil\u0259si imzalans\u0131n. Y\u0259ni, m\u0259nc\u0259, onlar\u0131n f\u0259aliyy\u0259t dair\u0259si bu g\u00fcnd\u0259n sonra bundan ibar\u0259t olmal\u0131d\u0131r. Yoxsa \u201cDa\u011fl\u0131q Qaraba\u011f\u201d &#8211; olmayan qurumun statusu ola bil\u0259rmi? \u018flb\u0259tt\u0259 ki, yox. M\u0259n demi\u015f\u0259m, bir daha dem\u0259k ist\u0259yir\u0259m ki, \u0259g\u0259r kims\u0259 \u201cDa\u011fl\u0131q Qaraba\u011f\u201da status verm\u0259k ist\u0259yirs\u0259, \u00f6z \u00f6lk\u0259sind\u0259 bir \u0259razi versin, orada bir qurum yarats\u0131n, ya c\u00fcmhuriyy\u0259t yarats\u0131n, onlar\u0131n m\u00fcst\u0259qilliyini tan\u0131s\u0131n, biz d\u0259 tan\u0131yaq. Amma Az\u0259rbaycan \u0259razisind\u0259 yox!&#8221;<\/p>\n","protected":false},"excerpt":{"rendered":"<p>\u0130ndiki d\u00f6vr\u0259 g\u0259ldikd\u0259, Minsk qrupunun f\u0259aliyy\u0259tini biz dem\u0259k olar ki, g\u00f6rm\u00fcr\u00fck. ARANTV.AZ x\u0259b\u0259r verir ki,\u00a0bunu Prezident \u0130lham \u018fliyev T\u00fcrkiy\u0259nin Anadolu Agentliyin\u0259 m\u00fcsahib\u0259sind\u0259 &#8220;H\u0259ms\u0259drl\u0259rin \u00f6lk\u0259l\u0259ri uzun m\u00fcdd\u0259t status-kvonu davam etdirm\u0259k strategiyas\u0131n\u0131 y\u00fcr\u00fctd\u00fc. Ancaq Z\u0259f\u0259rd\u0259n sonra Minsk qrupunun, h\u0259ms\u0259drl\u0259rin yenid\u0259n proses\u0259 daxil olmas\u0131, vasit\u0259\u00e7ilik diplomatiyas\u0131 y\u00fcr\u00fctm\u0259si g\u00fcnd\u0259md\u0259dir, bel\u0259 t\u0259l\u0259bl\u0259r var. Bununla \u0259laq\u0259dar n\u0259 d\u00fc\u015f\u00fcn\u00fcrs\u00fcn\u00fcz? Bu, g\u0259l\u0259c\u0259kd\u0259 bir h\u0259ll yolu ola bil\u0259rmi, bunun bir faydas\u0131 olacaqm\u0131?&#8221; sual\u0131n\u0131 cavabland\u0131rark\u0259n deyib. D\u00f6vl\u0259t ba\u015f\u00e7\u0131s\u0131 bildirib: &#8220;Minsk qrupuna s\u0259drlik ed\u0259n \u00f6lk\u0259l\u0259r, onlar\u0131n prezidentl\u0259ri i\u015f\u011fal d\u00f6vr\u00fcnd\u0259 bir ne\u00e7\u0259 d\u0259f\u0259 \u00e7ox m\u00fcsb\u0259t a\u00e7\u0131qlamalar verdil\u0259r, t\u0259qrib\u0259n 7-8 il bundan \u00f6nc\u0259.&hellip;<\/p>\n","protected":false},"author":2,"featured_media":383525,"comment_status":"closed","ping_status":"closed","sticky":false,"template":"","format":"standard","meta":{"om_disable_all_campaigns":false,"_monsterinsights_skip_tracking":false,"_monsterinsights_sitenote_active":false,"_monsterinsights_sitenote_note":"","_monsterinsights_sitenote_category":0},"categories":[4],"tags":[],"aioseo_notices":[],"gutentor_comment":0,"rttpg_featured_image_url":{"full":["https:\/\/arantv.az\/wp-content\/uploads\/2021\/09\/2f0928c2161478003497939565810204033-1.jpg",975,540,false],"landscape":["https:\/\/arantv.az\/wp-content\/uploads\/2021\/09\/2f0928c2161478003497939565810204033-1.jpg",975,540,false],"portraits":["https:\/\/arantv.az\/wp-content\/uploads\/2021\/09\/2f0928c2161478003497939565810204033-1.jpg",975,540,false],"thumbnail":["https:\/\/arantv.az\/wp-content\/uploads\/2021\/09\/2f0928c2161478003497939565810204033-1-500x280.jpg",500,280,true],"medium":["https:\/\/arantv.az\/wp-content\/uploads\/2021\/09\/2f0928c2161478003497939565810204033-1-660x365.jpg",660,365,true],"large":["https:\/\/arantv.az\/wp-content\/uploads\/2021\/09\/2f0928c2161478003497939565810204033-1-840x465.jpg",640,354,true],"1536x1536":["https:\/\/arantv.az\/wp-content\/uploads\/2021\/09\/2f0928c2161478003497939565810204033-1.jpg",975,540,false],"2048x2048":["https:\/\/arantv.az\/wp-content\/uploads\/2021\/09\/2f0928c2161478003497939565810204033-1.jpg",975,540,false],"post-thumbnail":["https:\/\/arantv.az\/wp-content\/uploads\/2021\/09\/2f0928c2161478003497939565810204033-1-240x172.jpg",240,172,true],"advps-thumb-one":["https:\/\/arantv.az\/wp-content\/uploads\/2021\/09\/2f0928c2161478003497939565810204033-1.jpg",975,540,false]},"rttpg_author":{"display_name":"V\u00fcsal Rafiqo\u011flu","author_link":"https:\/\/arantv.az\/?author=2"},"rttpg_comment":0,"rttpg_category":"<a href=\"https:\/\/arantv.az\/?cat=4\" rel=\"category\">Siyas\u0259t<\/a>","rttpg_excerpt":"\u0130ndiki d\u00f6vr\u0259 g\u0259ldikd\u0259, Minsk qrupunun f\u0259aliyy\u0259tini biz dem\u0259k olar ki, g\u00f6rm\u00fcr\u00fck. ARANTV.AZ x\u0259b\u0259r verir ki,\u00a0bunu Prezident \u0130lham \u018fliyev T\u00fcrkiy\u0259nin Anadolu Agentliyin\u0259 m\u00fcsahib\u0259sind\u0259 &#8220;H\u0259ms\u0259drl\u0259rin \u00f6lk\u0259l\u0259ri uzun m\u00fcdd\u0259t status-kvonu davam etdirm\u0259k strategiyas\u0131n\u0131 y\u00fcr\u00fctd\u00fc. Ancaq Z\u0259f\u0259rd\u0259n sonra Minsk qrupunun, h\u0259ms\u0259drl\u0259rin yenid\u0259n proses\u0259 daxil olmas\u0131, vasit\u0259\u00e7ilik diplomatiyas\u0131 y\u00fcr\u00fctm\u0259si g\u00fcnd\u0259md\u0259dir, bel\u0259 t\u0259l\u0259bl\u0259r var. Bununla \u0259laq\u0259dar n\u0259 d\u00fc\u015f\u00fcn\u00fcrs\u00fcn\u00fcz? Bu, g\u0259l\u0259c\u0259kd\u0259 bir&hellip;","_links":{"self":[{"href":"https:\/\/arantv.az\/index.php?rest_route=\/wp\/v2\/posts\/383524"}],"collection":[{"href":"https:\/\/arantv.az\/index.php?rest_route=\/wp\/v2\/posts"}],"about":[{"href":"https:\/\/arantv.az\/index.php?rest_route=\/wp\/v2\/types\/post"}],"author":[{"embeddable":true,"href":"https:\/\/arantv.az\/index.php?rest_route=\/wp\/v2\/users\/2"}],"replies":[{"embeddable":true,"href":"https:\/\/arantv.az\/index.php?rest_route=%2Fwp%2Fv2%2Fcomments&post=383524"}],"version-history":[{"count":0,"href":"https:\/\/arantv.az\/index.php?rest_route=\/wp\/v2\/posts\/383524\/revisions"}],"wp:featuredmedia":[{"embeddable":true,"href":"https:\/\/arantv.az\/index.php?rest_route=\/wp\/v2\/media\/383525"}],"wp:attachment":[{"href":"https:\/\/arantv.az\/index.php?rest_route=%2Fwp%2Fv2%2Fmedia&parent=383524"}],"wp:term":[{"taxonomy":"category","embeddable":true,"href":"https:\/\/arantv.az\/index.php?rest_route=%2Fwp%2Fv2%2Fcategories&post=383524"},{"taxonomy":"post_tag","embeddable":true,"href":"https:\/\/arantv.az\/index.php?rest_route=%2Fwp%2Fv2%2Ftags&post=383524"}],"curies":[{"name":"wp","href":"https:\/\/api.w.org\/{rel}","templated":true}]}}