{"id":383527,"date":"2021-09-28T11:54:04","date_gmt":"2021-09-28T08:54:04","guid":{"rendered":"http:\/\/arantv.az\/?p=383527"},"modified":"2021-09-28T11:54:04","modified_gmt":"2021-09-28T08:54:04","slug":"s%c9%99rqi-z%c9%99ng%c9%99zur-iqtisadi-rayonunun-yaradilmasi-tarixi-%c9%99dal%c9%99tin-b%c9%99rpasidir","status":"publish","type":"post","link":"https:\/\/arantv.az\/?p=383527","title":{"rendered":"\u015e\u0259rqi Z\u0259ng\u0259zur iqtisadi rayonunun yarad\u0131lmas\u0131 tarixi \u0259dal\u0259tin b\u0259rpas\u0131d\u0131r"},"content":{"rendered":"<p><em><strong>Bu, h\u0259m d\u0259 erm\u0259nil\u0259rin h\u0259l\u0259 d\u0259 x\u0259yal etdikl\u0259ri \u00abstatus\u00bb m\u0259s\u0259l\u0259sinin d\u0259fn edilm\u0259sidir<\/strong><\/em><\/p>\n<p>2020-ci il sentyabr\u0131n 27-d\u0259n Erm\u0259nistan\u0131n \u00f6lk\u0259miz\u0259 qar\u015f\u0131\u00a0 h\u0259rbi t\u0259cav\u00fcz\u00fcn\u0259 cavab olaraq, Az\u0259rbaycan Ordusu, \u00a0Ali Ba\u015f Komandan\u0131n r\u0259hb\u0259rliyi alt\u0131nda i\u015f\u011fal alt\u0131ndak\u0131 torpaqlar\u0131m\u0131z\u0131n azad edilm\u0259si m\u0259qs\u0259dil\u0259 V\u0259t\u0259n m\u00fcharib\u0259sin\u0259 ba\u015flad\u0131.\u00d6lk\u0259mizin suverenliyi v\u0259 \u0259razi b\u00fct\u00f6vl\u00fcy\u00fc u\u011frunda ged\u0259n m\u00fcbariz\u0259d\u0259 r\u0259\u015fad\u0259t g\u00f6st\u0259r\u0259n \u0259sg\u0259r v\u0259 zabitl\u0259rimiz, arxa c\u0259bh\u0259d\u0259 \u00e7al\u0131\u015fan m\u00fclki insanlar\u0131m\u0131z, b\u00fct\u00f6vl\u00fckd\u0259 xalq\u0131m\u0131z \u0259zm v\u0259 irad\u0259, bir yumruq kimi birlik v\u0259 h\u0259mr\u0259ylik n\u00fcmayi\u015f etdir\u0259r\u0259k, d\u00fc\u015fm\u0259n\u0259 sars\u0131d\u0131c\u0131 z\u0259rb\u0259l\u0259r endirdi. M\u00fcz\u0259ff\u0259r Az\u0259rbaycan Ordusunun z\u0259f\u0259r y\u00fcr\u00fc\u015f\u00fcn\u0259 d\u00f6z\u0259 bilm\u0259y\u0259n d\u00fc\u015fm\u0259n h\u0259r g\u00fcn geri \u00e7\u0259kilm\u0259y\u0259, i\u015f\u011faldak\u0131 torpaqlar\u0131m\u0131z\u0131 azad etm\u0259y\u0259 m\u0259cbur edildi.<\/p>\n<p>V\u0259t\u0259n m\u00fcharib\u0259sind\u0259 Silahl\u0131 Q\u00fcvv\u0259l\u0259rimizin 2907 n\u0259f\u0259r h\u0259rbi qulluq\u00e7usu h\u0259lak olmu\u015f, y\u00fcz n\u0259f\u0259rd\u0259n art\u0131q \u0259sg\u0259r v\u0259 zabitimiz itkin d\u00fc\u015fm\u00fc\u015f, min n\u0259f\u0259rd\u0259n art\u0131q h\u0259rbi d\u00f6y\u00fc\u015f\u00e7\u00fcm\u00fcz yaralanaraq sa\u011flaml\u0131\u011f\u0131n\u0131 itirmi\u015fdir. \u0130\u015f\u011fal alt\u0131nda olan torpaqlar\u0131m\u0131z q\u0259hr\u0259man \u015f\u0259hidl\u0259rimizin, \u0259sg\u0259r v\u0259 zabitl\u0259rimizin, qazil\u0259rimizin qan\u0131 v\u0259 can\u0131 bahas\u0131na azad olunmu\u015fdur.<\/p>\n<p>B\u0259li, 44 g\u00fcn davam ed\u0259n v\u0259 Az\u0259rbaycan\u0131n tarixi Q\u0259l\u0259b\u0259si il\u0259 ba\u015fa \u00e7atan V\u0259t\u0259n m\u00fcharib\u0259si regionda tamamil\u0259 f\u0259rqli v\u0259 h\u0259m d\u0259 xo\u015f bir m\u0259nz\u0259r\u0259 yarad\u0131b. M\u0259hz r\u0259\u015fad\u0259tli Az\u0259rbaycan Ordusunun d\u00f6y\u00fc\u015f meydanlar\u0131nda yaratd\u0131\u011f\u0131 q\u0259l\u0259b\u0259l\u0259r silsil\u0259si fa\u015fist Erm\u0259nistan\u0131n kapitulyasiyas\u0131 il\u0259 n\u0259tic\u0259l\u0259ndi. Bu is\u0259 b\u00f6lg\u0259d\u0259 yeni iqtisadi, siyasi v\u0259 h\u0259rbi reall\u0131qlar yaratd\u0131. X\u00fcsusil\u0259 Prezident \u0130lham \u018fliyevin i\u015f\u011faldan azad edil\u0259n rayonlarda \u00abAz\u0259rbaycan Respublikas\u0131nda iqtisadi rayonlar\u0131n yeni b\u00f6lg\u00fcs\u00fc haqq\u0131nda\u00bb imzalad\u0131\u011f\u0131 F\u0259rman bu bax\u0131mdan m\u00fch\u00fcm \u0259h\u0259miyy\u0259t k\u0259sb edir. F\u0259rmana \u0259sas\u0259n, \u00f6lk\u0259mizd\u0259 art\u0131q 14 iqtisadi rayon t\u0259snifl\u0259\u015fdirilir. Yeni t\u0259snifat Az\u0259rbaycan\u0131n Q\u0259l\u0259b\u0259sind\u0259n sonra yaranan yeni reall\u0131qlara uy\u011fun apar\u0131l\u0131r. Yeni b\u00f6lg\u00fcd\u0259 Qaraba\u011f v\u0259 \u015e\u0259rqi Z\u0259ng\u0259zur iqtisadi rayonlar\u0131n\u0131n olmas\u0131 strateji, iqtisadi v\u0259 tarixi bax\u0131mdan \u00e7ox vacib bir q\u0259rard\u0131r. T\u0259sad\u00fcfi deyil ki, \u015e\u0259rqi Z\u0259ng\u0259zur iqtisadi rayonunun yarad\u0131lmas\u0131 tarixi \u0259dal\u0259tin b\u0259rpas\u0131 kimi d\u0259y\u0259rl\u0259ndirilir. Bu h\u0259m d\u0259 psixoloji bax\u0131mdan u\u011furlu bir add\u0131md\u0131r. \u015e\u0259rqi Z\u0259ng\u0259zurun m\u00f6vcudlu\u011fu, Q\u0259rbi Z\u0259ng\u0259zurun da m\u00f6vcudlu\u011fu dem\u0259kdir. Bu add\u0131m b\u00fct\u00fcn m\u00fcsb\u0259t iqtisadi c\u0259h\u0259tl\u0259ri il\u0259 birlikd\u0259 Erm\u0259nistan c\u0259miyy\u0259tind\u0259ki m\u00f6vcud revan\u015fist q\u00fcvv\u0259l\u0259r\u0259 ciddi bir z\u0259rb\u0259dir.<\/p>\n<p>\u0130\u015f\u011faldan azad olunmu\u015f torpaqlar\u0131m\u0131zda yeni iqtisadi rayonlar\u0131n yarad\u0131lmas\u0131 h\u0259m d\u0259 Az\u0259rbaycan Rusiya v\u0259 Erm\u0259nistan aras\u0131nda\u00a0 imzalanan 10 noyabr v\u0259 11 yanvar 2021-ci il tarixli \u00fc\u00e7t\u0259r\u0259fli raz\u0131la\u015fmalar\u0131n mahiyy\u0259tin\u0259 tam uy\u011fundur, eyni zamanda, h\u0259min b\u0259yanatlar\u0131n madd\u0259l\u0259rinin mane\u0259siz v\u0259 rasional \u015f\u0259kild\u0259 realla\u015fd\u0131r\u0131lmas\u0131 dem\u0259kdir. H\u0259m\u00e7inin Ali Ba\u015f Komandan\u0131n F\u0259rman\u0131 il\u0259 iqtisadi rayonlar\u0131n say\u0131n\u0131n 10-dan 14-\u0259 \u00e7atd\u0131r\u0131lmas\u0131 \u00f6lk\u0259d\u0259 daha \u00e7evik v\u0259 s\u0259m\u0259r\u0259li iqtisadi siyas\u0259tin h\u0259yata ke\u00e7irilm\u0259sini \u015f\u0259rtl\u0259ndir\u0259c\u0259k. Haz\u0131rda Az\u0259rbaycan d\u00f6vl\u0259tinin qar\u015f\u0131s\u0131nda duran \u0259n \u0259sas m\u0259s\u0259l\u0259 \u00a0Q\u0259l\u0259b\u0259nin \u0259b\u0259dil\u0259\u015fdirilm\u0259si \u00fc\u00e7\u00fcn do\u011fma torpaqlar\u0131ndan k\u00f6\u00e7k\u00fcn d\u00fc\u015f\u0259n insanlar\u0131n \u00f6z yerl\u0259rin\u0259 qay\u0131d\u0131\u015f\u0131n\u0131 t\u0259min etm\u0259k, h\u0259min \u0259razil\u0259rin \u00f6lk\u0259nin iqtisadi sistemin\u0259 inteqrasiyas\u0131n\u0131 t\u0259\u015fkil etm\u0259kd\u0259n ibar\u0259tdir. Eyni zamanda, i\u015f\u011faldan azad edil\u0259n \u0259razil\u0259rimizin ist\u0259r s\u0259naye, ist\u0259r turizm, ist\u0259rs\u0259 d\u0259 aqrar sektorda b\u00f6y\u00fck potensial\u0131 var. Bir s\u00f6zl\u0259, iqtisadi rayonlar\u0131n yeni b\u00f6lg\u00fcs\u00fc Az\u0259rbaycanda iqtisadi inki\u015faf\u0131n sistemliliyi bax\u0131m\u0131ndan \u0259n do\u011fru add\u0131md\u0131r v\u0259 bu da iqtisadi inki\u015faf\u0131n daha q\u0131sa zamanda formala\u015fmas\u0131na stimul yaradaca\u011f\u0131 z\u0259rr\u0259 q\u0259d\u0259r \u015f\u00fcbh\u0259 do\u011furmur.<\/p>\n<p>\u0130qtisadi rayonlar\u0131n yeni t\u0259snifat\u0131na yeni adda, y\u0259ni Qaraba\u011f v\u0259 el\u0259c\u0259 d\u0259 \u015e\u0259rqi Z\u0259ng\u0259zur iqtisadi rayonlar\u0131n\u0131n adlar\u0131n\u0131n daxil edilm\u0259si h\u0259m strateji,\u00a0 h\u0259m iqtisadi, h\u0259m d\u0259 t\u0259bii ki, tarixi bax\u0131mdan kifay\u0259t q\u0259d\u0259r vacib bir q\u0259rard\u0131r. \u015e\u0259rqi Z\u0259ng\u0259zur iqtisadi rayonunun yarad\u0131lmas\u0131 h\u0259m d\u0259 tarixi \u0259dal\u0259tin b\u0259rpas\u0131d\u0131r. Z\u0259ngilan, Qubadl\u0131, C\u0259bray\u0131l, La\u00e7\u0131n v\u0259 K\u0259lb\u0259c\u0259r rayonlar\u0131n\u0131n Z\u0259ng\u0259zur da\u011f silsil\u0259si il\u0259 \u0259hat\u0259 olunmas\u0131, La\u00e7\u0131n v\u0259 K\u0259lb\u0259c\u0259rd\u0259n Nax\u00e7\u0131vana q\u0259d\u0259r b\u00f6y\u00fck bir \u0259razini tutan Z\u0259ng\u0259zur yaylas\u0131n\u0131n \u015f\u0259rq hiss\u0259sind\u0259 yerl\u0259\u015fm\u0259si, eyni co\u011frafi m\u0259kanda olmas\u0131, 1861-ci ild\u0259 yarad\u0131lm\u0131\u015f Z\u0259ng\u0259zur q\u0259zas\u0131n\u0131n t\u0259rkibind\u0259, y\u0259ni tarix\u0259n birlikd\u0259 olmas\u0131 h\u0259min rayonlar\u0131n eyni iqtisadi zonada birl\u0259\u015fm\u0259sini \u0259sasland\u0131r\u0131r ki, bu, m\u0259hz tarixi \u0259dal\u0259tin b\u0259rpas\u0131 oldu\u011funu isbatlay\u0131r.<\/p>\n<p>\u015e\u0259rqi Z\u0259ng\u0259zur iqtisadi rayonunun yarad\u0131lmas\u0131 \u00a0art\u0131q b\u00fct\u00fcn d\u00fcnyaya verilmi\u015f v\u0259 q\u0259l\u0259b\u0259mizl\u0259 m\u00f6h\u00fcr\u00fc vurulmu\u015f \u00abQaraba\u011f Az\u0259rbaycand\u0131r!\u00bb \u015f\u00fcar\u0131n\u0131n n\u00f6vb\u0259ti r\u0259smi ifad\u0259si hesab edilir. F\u0259rman, h\u0259m\u00e7inin erm\u0259nil\u0259rin \u00abstatus\u00bb m\u0259s\u0259l\u0259sini bird\u0259f\u0259lik d\u0259fn etdi. Onlar\u0131n kabusuna \u00e7evril\u0259n m\u0259s\u0259l\u0259 odur ki, \u015e\u0259rqi Z\u0259ng\u0259zur iqtisadi rayonunu yaradan Az\u0259rbaycan\u00a0 tarixi torpaqlar\u0131 olan Q\u0259rbi Z\u0259ng\u0259zura da n\u0259 vaxtsa sahib olacaqd\u0131r. X\u00fcsusil\u0259 bu m\u0259s\u0259l\u0259d\u0259 Z\u0259ng\u0259zur d\u0259hlizinin a\u00e7\u0131lmas\u0131 Erm\u0259nistan \u00fc\u00e7\u00fcn bir \u00f6hd\u0259likdir v\u0259 erm\u0259nil\u0259r bundan imtina ke\u00e7\u0259 bilm\u0259y\u0259c\u0259kl\u0259r.<\/p>\n","protected":false},"excerpt":{"rendered":"<p>Bu, h\u0259m d\u0259 erm\u0259nil\u0259rin h\u0259l\u0259 d\u0259 x\u0259yal etdikl\u0259ri \u00abstatus\u00bb m\u0259s\u0259l\u0259sinin d\u0259fn edilm\u0259sidir 2020-ci il sentyabr\u0131n 27-d\u0259n Erm\u0259nistan\u0131n \u00f6lk\u0259miz\u0259 qar\u015f\u0131\u00a0 h\u0259rbi t\u0259cav\u00fcz\u00fcn\u0259 cavab olaraq, Az\u0259rbaycan Ordusu, \u00a0Ali Ba\u015f Komandan\u0131n r\u0259hb\u0259rliyi alt\u0131nda i\u015f\u011fal alt\u0131ndak\u0131 torpaqlar\u0131m\u0131z\u0131n azad edilm\u0259si m\u0259qs\u0259dil\u0259 V\u0259t\u0259n m\u00fcharib\u0259sin\u0259 ba\u015flad\u0131.\u00d6lk\u0259mizin suverenliyi v\u0259 \u0259razi b\u00fct\u00f6vl\u00fcy\u00fc u\u011frunda ged\u0259n m\u00fcbariz\u0259d\u0259 r\u0259\u015fad\u0259t g\u00f6st\u0259r\u0259n \u0259sg\u0259r v\u0259 zabitl\u0259rimiz, arxa c\u0259bh\u0259d\u0259 \u00e7al\u0131\u015fan m\u00fclki insanlar\u0131m\u0131z, b\u00fct\u00f6vl\u00fckd\u0259 xalq\u0131m\u0131z \u0259zm v\u0259 irad\u0259, bir yumruq kimi birlik v\u0259 h\u0259mr\u0259ylik n\u00fcmayi\u015f etdir\u0259r\u0259k, d\u00fc\u015fm\u0259n\u0259 sars\u0131d\u0131c\u0131 z\u0259rb\u0259l\u0259r endirdi. M\u00fcz\u0259ff\u0259r Az\u0259rbaycan Ordusunun z\u0259f\u0259r y\u00fcr\u00fc\u015f\u00fcn\u0259 d\u00f6z\u0259 bilm\u0259y\u0259n d\u00fc\u015fm\u0259n h\u0259r g\u00fcn geri \u00e7\u0259kilm\u0259y\u0259, i\u015f\u011faldak\u0131 torpaqlar\u0131m\u0131z\u0131 azad etm\u0259y\u0259 m\u0259cbur&hellip;<\/p>\n","protected":false},"author":2,"featured_media":383528,"comment_status":"closed","ping_status":"closed","sticky":false,"template":"","format":"standard","meta":{"om_disable_all_campaigns":false,"_monsterinsights_skip_tracking":false,"_monsterinsights_sitenote_active":false,"_monsterinsights_sitenote_note":"","_monsterinsights_sitenote_category":0},"categories":[19],"tags":[],"aioseo_notices":[],"gutentor_comment":0,"rttpg_featured_image_url":{"full":["https:\/\/arantv.az\/wp-content\/uploads\/2021\/09\/a891af9b161907228861552772610314384.jpg",975,540,false],"landscape":["https:\/\/arantv.az\/wp-content\/uploads\/2021\/09\/a891af9b161907228861552772610314384.jpg",975,540,false],"portraits":["https:\/\/arantv.az\/wp-content\/uploads\/2021\/09\/a891af9b161907228861552772610314384.jpg",975,540,false],"thumbnail":["https:\/\/arantv.az\/wp-content\/uploads\/2021\/09\/a891af9b161907228861552772610314384-500x280.jpg",500,280,true],"medium":["https:\/\/arantv.az\/wp-content\/uploads\/2021\/09\/a891af9b161907228861552772610314384-660x365.jpg",660,365,true],"large":["https:\/\/arantv.az\/wp-content\/uploads\/2021\/09\/a891af9b161907228861552772610314384-840x465.jpg",640,354,true],"1536x1536":["https:\/\/arantv.az\/wp-content\/uploads\/2021\/09\/a891af9b161907228861552772610314384.jpg",975,540,false],"2048x2048":["https:\/\/arantv.az\/wp-content\/uploads\/2021\/09\/a891af9b161907228861552772610314384.jpg",975,540,false],"post-thumbnail":["https:\/\/arantv.az\/wp-content\/uploads\/2021\/09\/a891af9b161907228861552772610314384-240x172.jpg",240,172,true],"advps-thumb-one":["https:\/\/arantv.az\/wp-content\/uploads\/2021\/09\/a891af9b161907228861552772610314384.jpg",975,540,false]},"rttpg_author":{"display_name":"V\u00fcsal Rafiqo\u011flu","author_link":"https:\/\/arantv.az\/?author=2"},"rttpg_comment":0,"rttpg_category":"<a href=\"https:\/\/arantv.az\/?cat=19\" rel=\"category\">G\u00fcnd\u0259m<\/a>","rttpg_excerpt":"Bu, h\u0259m d\u0259 erm\u0259nil\u0259rin h\u0259l\u0259 d\u0259 x\u0259yal etdikl\u0259ri \u00abstatus\u00bb m\u0259s\u0259l\u0259sinin d\u0259fn edilm\u0259sidir 2020-ci il sentyabr\u0131n 27-d\u0259n Erm\u0259nistan\u0131n \u00f6lk\u0259miz\u0259 qar\u015f\u0131\u00a0 h\u0259rbi t\u0259cav\u00fcz\u00fcn\u0259 cavab olaraq, Az\u0259rbaycan Ordusu, \u00a0Ali Ba\u015f Komandan\u0131n r\u0259hb\u0259rliyi alt\u0131nda i\u015f\u011fal alt\u0131ndak\u0131 torpaqlar\u0131m\u0131z\u0131n azad edilm\u0259si m\u0259qs\u0259dil\u0259 V\u0259t\u0259n m\u00fcharib\u0259sin\u0259 ba\u015flad\u0131.\u00d6lk\u0259mizin suverenliyi v\u0259 \u0259razi b\u00fct\u00f6vl\u00fcy\u00fc u\u011frunda ged\u0259n m\u00fcbariz\u0259d\u0259 r\u0259\u015fad\u0259t g\u00f6st\u0259r\u0259n \u0259sg\u0259r v\u0259 zabitl\u0259rimiz, arxa c\u0259bh\u0259d\u0259 \u00e7al\u0131\u015fan m\u00fclki&hellip;","_links":{"self":[{"href":"https:\/\/arantv.az\/index.php?rest_route=\/wp\/v2\/posts\/383527"}],"collection":[{"href":"https:\/\/arantv.az\/index.php?rest_route=\/wp\/v2\/posts"}],"about":[{"href":"https:\/\/arantv.az\/index.php?rest_route=\/wp\/v2\/types\/post"}],"author":[{"embeddable":true,"href":"https:\/\/arantv.az\/index.php?rest_route=\/wp\/v2\/users\/2"}],"replies":[{"embeddable":true,"href":"https:\/\/arantv.az\/index.php?rest_route=%2Fwp%2Fv2%2Fcomments&post=383527"}],"version-history":[{"count":0,"href":"https:\/\/arantv.az\/index.php?rest_route=\/wp\/v2\/posts\/383527\/revisions"}],"wp:featuredmedia":[{"embeddable":true,"href":"https:\/\/arantv.az\/index.php?rest_route=\/wp\/v2\/media\/383528"}],"wp:attachment":[{"href":"https:\/\/arantv.az\/index.php?rest_route=%2Fwp%2Fv2%2Fmedia&parent=383527"}],"wp:term":[{"taxonomy":"category","embeddable":true,"href":"https:\/\/arantv.az\/index.php?rest_route=%2Fwp%2Fv2%2Fcategories&post=383527"},{"taxonomy":"post_tag","embeddable":true,"href":"https:\/\/arantv.az\/index.php?rest_route=%2Fwp%2Fv2%2Ftags&post=383527"}],"curies":[{"name":"wp","href":"https:\/\/api.w.org\/{rel}","templated":true}]}}