{"id":383530,"date":"2021-09-28T11:54:43","date_gmt":"2021-09-28T08:54:43","guid":{"rendered":"http:\/\/arantv.az\/?p=383530"},"modified":"2021-09-28T11:54:43","modified_gmt":"2021-09-28T08:54:43","slug":"torpaq-%c9%99g%c9%99r-ugrunda-ol%c9%99n-varsa-v%c9%99t%c9%99ndir","status":"publish","type":"post","link":"https:\/\/arantv.az\/?p=383530","title":{"rendered":"Torpaq, \u0259g\u0259r u\u011frunda \u00f6l\u0259n varsa V\u0259t\u0259ndir!"},"content":{"rendered":"<p><em><strong>44 g\u00fcnl\u00fck V\u0259t\u0259n m\u00fcharib\u0259si \u015fanl\u0131 tariximiz, \u015f\u0259hid m\u0259zarlar\u0131 \u0259b\u0259di ziyar\u0259tgah\u0131m\u0131z, qazil\u0259rimiz q\u00fcrur m\u0259nb\u0259yimizdir<\/strong><\/em><\/p>\n<p>Sentyabr\u0131n 27-si Az\u0259rbaycanda An\u0131m G\u00fcn\u00fc kimi qeyd edilir. Prezident \u0130lham \u018fliyevin 2020-ci il 2 dekabr tarixli S\u0259r\u0259ncam\u0131na \u0259sas\u0259n t\u0259sis edil\u0259n An\u0131m G\u00fcn\u00fc 44 g\u00fcnl\u00fck V\u0259t\u0259n m\u00fcharib\u0259sind\u0259 q\u0259hr\u0259mancas\u0131na d\u00f6y\u00fc\u015fm\u00fc\u015f, \u00f6lk\u0259mizin \u0259razi b\u00fct\u00f6vl\u00fcy\u00fc u\u011frunda canlar\u0131ndan ke\u00e7mi\u015f etmi\u015f \u0259sg\u0259r v\u0259 zabitl\u0259rimiz\u0259, b\u00fct\u00fcn \u015f\u0259hidl\u0259rimiz\u0259 d\u0259rin ehtiram\u0131n ifad\u0259sidir. B\u00fct\u00fcn d\u00fcnya az\u0259rbaycanl\u0131lar\u0131 V\u0259t\u0259n u\u011frunda canlar\u0131n\u0131 f\u0259da etmi\u015f q\u0259hr\u0259man \u015f\u0259hidl\u0259rimizin xatir\u0259sini q\u00fcrurla yad edir. H\u0259r il\u00a0sentyabr\u0131n 27-d\u0259 saat 12:00-da \u00f6lk\u0259 \u0259razisind\u0259 \u015f\u0259hidl\u0259rin \u0259ziz xatir\u0259si bir d\u0259qiq\u0259lik s\u00fckutla yad edil\u0259c\u0259k.\u00a0Art\u0131q d\u00fcn\u0259n b\u00fct\u00fcn Az\u0259rbaycan \u0259razisind\u0259, o c\u00fcml\u0259d\u0259n i\u015f\u011faldan azad olunmu\u015f torpaqlarda bu aksiya h\u0259yata ke\u00e7irildi.<\/p>\n<p>Az\u0259rbaycan Prezidenti, M\u00fcz\u0259ff\u0259r Ali Ba\u015f Komandan \u0130lham \u018fliyevin r\u0259hb\u0259rliyi il\u0259 44 g\u00fcnl\u00fck V\u0259t\u0259n m\u00fcharib\u0259sind\u0259 q\u0259hr\u0259man ordumuzun qazand\u0131\u011f\u0131 tarixi Q\u0259l\u0259b\u0259 Az\u0259rbaycan\u0131n h\u0259rb tarixind\u0259 \u015fanl\u0131 bir s\u0259hif\u0259 a\u00e7d\u0131. Otuz il \u0259rzind\u0259 torpaqlar\u0131m\u0131z\u0131 i\u015f\u011fal alt\u0131nda saxlayan Erm\u0259nistan n\u0259hay\u0259t ki, \u00f6lk\u0259miz qar\u015f\u0131s\u0131nda diz \u00e7\u00f6kd\u00fc, kapitulyasiya akt\u0131na imza atd\u0131.\u00a0D\u00f6vl\u0259timizin q\u0259tiyy\u0259ti, xalq\u0131m\u0131z\u0131n irad\u0259si, ordumuzun g\u00fcc\u00fc, birliyimiz v\u0259 h\u0259mr\u0259yliyimiz say\u0259sind\u0259 \u0259ld\u0259 olunan bu tarixi Q\u0259l\u0259b\u0259 Az\u0259rbaycan\u0131n g\u00fcc\u00fcn\u00fc, q\u00fcdr\u0259tini b\u00fct\u00fcn d\u00fcnyaya s\u00fcbut etdi.<\/p>\n<p>2020-ci il sentyabr\u0131n 27-d\u0259n Erm\u0259nistan silahl\u0131 q\u00fcvv\u0259l\u0259rinin Az\u0259rbaycana qar\u015f\u0131 n\u00f6vb\u0259ti t\u0259cav\u00fcz\u00fc, Az\u0259rbaycan xalq\u0131n\u0131n \u00f6z torpaqlar\u0131n\u0131n azadl\u0131\u011f\u0131 u\u011frunda V\u0259t\u0259n m\u00fcharib\u0259sin\u0259 ba\u015flamas\u0131 d\u00fcnyada ya\u015fayan az\u0259rbaycanl\u0131lar\u0131 aya\u011fa qald\u0131rd\u0131. Bu a\u011f\u0131r v\u0259 \u015f\u0259r\u0259fli g\u00fcnl\u0259rd\u0259 d\u00fcnya az\u0259rbaycanl\u0131lar\u0131 Prezident, Ali Ba\u015f Komandan \u0130lham \u018fliyevin \u0259traf\u0131nda daha s\u0131x birl\u0259\u015fdi. \u00d6lk\u0259mizin suverenliyi v\u0259 \u0259razi b\u00fct\u00f6vl\u00fcy\u00fc u\u011frunda ged\u0259n m\u00fcbariz\u0259d\u0259 q\u0259hr\u0259manl\u0131q g\u00f6st\u0259r\u0259n \u0259sg\u0259r v\u0259 zabitl\u0259rimiz, arxa c\u0259bh\u0259d\u0259 \u00e7al\u0131\u015fan m\u00fclki insanlar\u0131m\u0131z, b\u00fct\u00f6vl\u00fckd\u0259 xalq\u0131m\u0131z \u0259zm v\u0259 irad\u0259, bir yumruq kimi birlik v\u0259 h\u0259mr\u0259ylik n\u00fcmayi\u015f etdir\u0259r\u0259k, d\u00fc\u015fm\u0259n\u0259 sars\u0131d\u0131c\u0131 z\u0259rb\u0259l\u0259r endirdi.\u00a0Az\u0259rbaycan tarixi \u0259dal\u0259ti b\u0259rpa etdi, m\u00f6ht\u0259\u015f\u0259m Q\u0259l\u0259b\u0259 qazand\u0131.<\/p>\n<p>B\u00fct\u00fcn d\u00fcnya yax\u015f\u0131 bilir ki, m\u0259hz d\u00f6vl\u0259timizin ba\u015f\u00e7\u0131s\u0131n\u0131n q\u0259tiyy\u0259ti say\u0259sind\u0259 Az\u0259rbaycan\u0131n \u0259razi b\u00fct\u00f6vl\u00fcy\u00fcn\u00fcn b\u0259rpas\u0131 \u00fc\u00e7\u00fcn Milli Ordumuz c\u0259sar\u0259tl\u0259 m\u00fcbariz\u0259 apard\u0131. T\u0259cav\u00fczkar Erm\u0259nistan\u0131n ba\u015f\u0131pozuq, \u00e7a\u015fq\u0131nl\u0131q v\u0259 vahim\u0259 i\u00e7ind\u0259 qalan, \u00fcmidsiz silahl\u0131 q\u00fcvv\u0259l\u0259ri art\u0131q arxalar\u0131na baxmadan bel\u0259 qa\u00e7\u0131rd\u0131lar. Erm\u0259nistan\u0131n i\u015f\u011fal edilmi\u015f \u0259razil\u0259rd\u0259 yerl\u0259\u015f\u0259n \u0259sas h\u0259rbi-texniki potensial\u0131 praktiki olaraq m\u0259hv edildi. T\u0259kc\u0259 PUA-larla i\u015f\u011fal\u00e7\u0131 \u00f6lk\u0259nin silahl\u0131 q\u00fcvv\u0259l\u0259rin\u0259 1 milyarddan \u00e7ox z\u0259r\u0259r vurdu. B\u00fct\u00f6vl\u00fckd\u0259 d\u00f6y\u00fc\u015fl\u0259rin ba\u015flad\u0131\u011f\u0131 vaxtdan bu g\u00fcn\u0259 q\u0259d\u0259r d\u00fc\u015fm\u0259n Erm\u0259nistan t\u0259r\u0259fin\u0259 t\u0259xmin\u0259n 2 milyarda yax\u0131n ziyan d\u0259yib. \u0130qtisad\u00e7\u0131lar\u0131n hesablamalar\u0131na g\u00f6r\u0259 Az\u0259rbaycan Ordusunun \u0259ks-h\u0259ml\u0259si t\u0259cav\u00fczkar \u00fc\u00e7\u00fcn a\u011f\u0131r ba\u015fa g\u0259lib. Bel\u0259 ki,\u00a0 44 g\u00fcn \u0259rzind\u0259 d\u00fc\u015fm\u0259n\u0259 endiril\u0259n z\u0259rb\u0259l\u0259r n\u0259tic\u0259sind\u0259 Erm\u0259nistan\u0131n t\u0259xmini 2 milyard dollardan \u00e7ox qiym\u0259ti olan h\u0259rbi texnika v\u0259 sursat\u0131 m\u0259hv edilib. \u00a0Bu, i\u015f\u011fal\u00e7\u0131 \u00f6lk\u0259nin strateji valyuta ehtiyatlar\u0131n\u0131n yar\u0131s\u0131na v\u0259 d\u00f6vl\u0259t b\u00fcdc\u0259sinin \u00fc\u00e7d\u0259birin\u0259 b\u0259rab\u0259rdir.<\/p>\n<p>R\u0259\u015fad\u0259tli Az\u0259rbaycan Ordusuna xalq\u0131m\u0131z, b\u00fct\u00fcn s\u00fclhsev\u0259r insanlar, d\u00fcnya az\u0259rbaycanl\u0131lar\u0131 h\u0259rt\u0259r\u0259fli d\u0259st\u0259k verdi. \u015eanl\u0131 Az\u0259rbaycan Ordusunun c\u0259bh\u0259d\u0259ki u\u011furlu \u0259m\u0259liyyatlar\u0131, torpaqlar\u0131m\u0131z\u0131n i\u015f\u011faldan azad edilm\u0259si v\u0259t\u0259nda\u015flar\u0131m\u0131z, el\u0259c\u0259 d\u0259 xaricd\u0259 ya\u015fayan soyda\u015flar\u0131m\u0131z t\u0259r\u0259find\u0259n b\u00f6y\u00fck sevincl\u0259 qar\u015f\u0131land\u0131. O a\u011f\u0131r v\u0259 \u015f\u0259r\u0259fli g\u00fcnl\u0259rd\u0259 b\u00fct\u00fcn d\u00fcnya az\u0259rbaycanl\u0131lar\u0131 xalq\u0131m\u0131za bu haqq i\u015find\u0259, \u015f\u0259r\u0259fli m\u00fcbariz\u0259d\u0259 z\u0259f\u0259r arzulay\u0131r, daim var q\u00fcvv\u0259si il\u0259 ba\u015fda Ali Ba\u015f Komandan\u0131m\u0131z olmaqla Az\u0259rbaycan d\u00f6vl\u0259tinin, ordusunun yan\u0131nda oldu\u011funu bildirir, q\u00fcrur hissi il\u0259 \u201cHam\u0131m\u0131z Qaraba\u011fl\u0131y\u0131q!\u201d deyirdi. Onlar sevinc hissl\u0259rini Prezident, Ali Ba\u015f Komandan \u0130lham \u018fliyev\u0259 \u00fcnvanlad\u0131qlar\u0131 m\u0259ktublarda bildirirdil\u0259r. M\u0259ktublardan birind\u0259 deyilirdi: \u201cH\u00f6rm\u0259tli c\u0259nab Prezident, Sizin u\u011furlu v\u0259 uzaqg\u00f6r\u0259n siyas\u0259tiniz n\u0259tic\u0259sind\u0259 bu g\u00fcn Az\u0259rbaycan Ordusu s\u00fcr\u0259tl\u0259 ir\u0259lil\u0259yir. Az\u0259rbaycan torpaqlar\u0131n\u0131n azadl\u0131\u011fa qovu\u015fdu\u011fu bu g\u00fcnl\u0259r tarix\u0259 q\u0131z\u0131l h\u0259rfl\u0259rl\u0259 yaz\u0131l\u0131r. Biz Sizinl\u0259 q\u00fcrur duyuruq, c\u0259nab Ali Ba\u015f Komandan! D\u00fcnyan\u0131n h\u0259r yerind\u0259 Az\u0259rbaycanla ba\u011fl\u0131l\u0131\u011f\u0131 olan h\u0259r bir k\u0259s Sizinl\u0259 f\u0259xr edir. Ya\u015fas\u0131n Az\u0259rbaycan, ya\u015fas\u0131n Prezidentimiz, Qaraba\u011f Az\u0259rbaycand\u0131r!\u201d.<\/p>\n<p>Az\u0259rbaycan\u0131n m\u00f6ht\u0259\u015f\u0259m Z\u0259f\u0259ri il\u0259 ba\u015fa \u00e7atan \u0130kinci Qaraba\u011f m\u00fcharib\u0259sind\u0259n sonra bu Q\u0259l\u0259b\u0259mizin ilhamvericisi, t\u0259\u015fkilat\u00e7\u0131s\u0131 olan Prezidentimizin r\u0259hb\u0259rliyi il\u0259 tarixi torpaqlar\u0131m\u0131zda h\u0259yata ke\u00e7iril\u0259n geni\u015fmiqyasl\u0131 b\u0259rpa-quruculuq i\u015fl\u0259rinin u\u011furla realla\u015fd\u0131r\u0131lmas\u0131 say\u0259sind\u0259 Qaraba\u011f \u0259n q\u0131sa zamanda \u00e7i\u00e7\u0259kl\u0259n\u0259n diyara \u00e7evril\u0259c\u0259k, \u0259vv\u0259lki \u015f\u00f6hr\u0259tin\u0259 qovu\u015facaq, soyda\u015flar\u0131m\u0131z \u00f6z ata-baba yurdlar\u0131na qay\u0131dacaqlar. O zaman\u00a0V\u0259t\u0259n qar\u015f\u0131s\u0131nda \u00f6z v\u0259zif\u0259sini layiqinc\u0259 yerin\u0259 yetir\u0259rk\u0259n d\u00fc\u015fm\u0259n g\u00fcll\u0259sin\u0259 tu\u015f g\u0259l\u0259r\u0259k \u015f\u0259hidlik zirv\u0259sin\u0259 ucalan q\u0259hr\u0259manlar\u0131m\u0131z\u0131n ruhu da \u015fad olacaq, \u00fc\u00e7r\u0259ngli bayra\u011f\u0131m\u0131z bu c\u0259nn\u0259tm\u0259kan diyar\u0131m\u0131zda, Az\u0259rbaycan\u0131n ruhunu ya\u015fadan Qaraba\u011fda \u0259b\u0259di dal\u011falanacaq.<\/p>\n<p>Prezident, M\u00fcz\u0259ff\u0259r Ali Ba\u015f Komandan \u0130lham \u018fliyev sentyabr\u0131n 27-d\u0259 An\u0131m G\u00fcn\u00fc il\u0259 \u0259laq\u0259dar xalqa m\u00fcraci\u0259tind\u0259\u00a0 bir daha vur\u011fulay\u0131b ki, biz bundan sonra qalib \u00f6lk\u0259, m\u00fcz\u0259ff\u0259r xalq kimi ya\u015fayaca\u011f\u0131q v\u0259 azad edilmi\u015f torpaqlar\u0131 quraca\u011f\u0131q, b\u0259rpa ed\u0259c\u0259yik: \u201cO torpaqlara art\u0131q h\u0259yat qay\u0131d\u0131r, insanlar qay\u0131d\u0131r. Bu qay\u0131d\u0131\u015f\u0131 \u0259n q\u0131sa m\u00fcdd\u0259t \u0259rzind\u0259 t\u0259min etm\u0259k bu g\u00fcn bizim ba\u015fl\u0131ca v\u0259zif\u0259mizdir. \u00d6z m\u00fcraci\u0259timi Q\u0259l\u0259b\u0259mizin ayr\u0131lmaz hiss\u0259si olan s\u00f6zl\u0259rl\u0259 tamamlamaq ist\u0259yir\u0259m: Qaraba\u011f bizimdir! Qaraba\u011f Az\u0259rbaycand\u0131r!\u201d 44 g\u00fcnl\u00fck V\u0259t\u0259n m\u00fcharib\u0259si Prezidentimizin dediyi kimi, milli irad\u0259, milli ruh, milli l\u0259yaq\u0259t t\u0259nt\u0259n\u0259si idi. Bu g\u00fcn Birinci v\u0259 \u0130kinci Qaraba\u011f m\u00fcharib\u0259l\u0259rinin \u015f\u0259hidl\u0259rinin \u0259ziz xatir\u0259si qar\u015f\u0131s\u0131nda bir daha ba\u015f \u0259yir, Allahdan onlara r\u0259hm\u0259t dil\u0259yirik.<\/p>\n","protected":false},"excerpt":{"rendered":"<p>44 g\u00fcnl\u00fck V\u0259t\u0259n m\u00fcharib\u0259si \u015fanl\u0131 tariximiz, \u015f\u0259hid m\u0259zarlar\u0131 \u0259b\u0259di ziyar\u0259tgah\u0131m\u0131z, qazil\u0259rimiz q\u00fcrur m\u0259nb\u0259yimizdir Sentyabr\u0131n 27-si Az\u0259rbaycanda An\u0131m G\u00fcn\u00fc kimi qeyd edilir. Prezident \u0130lham \u018fliyevin 2020-ci il 2 dekabr tarixli S\u0259r\u0259ncam\u0131na \u0259sas\u0259n t\u0259sis edil\u0259n An\u0131m G\u00fcn\u00fc 44 g\u00fcnl\u00fck V\u0259t\u0259n m\u00fcharib\u0259sind\u0259 q\u0259hr\u0259mancas\u0131na d\u00f6y\u00fc\u015fm\u00fc\u015f, \u00f6lk\u0259mizin \u0259razi b\u00fct\u00f6vl\u00fcy\u00fc u\u011frunda canlar\u0131ndan ke\u00e7mi\u015f etmi\u015f \u0259sg\u0259r v\u0259 zabitl\u0259rimiz\u0259, b\u00fct\u00fcn \u015f\u0259hidl\u0259rimiz\u0259 d\u0259rin ehtiram\u0131n ifad\u0259sidir. B\u00fct\u00fcn d\u00fcnya az\u0259rbaycanl\u0131lar\u0131 V\u0259t\u0259n u\u011frunda canlar\u0131n\u0131 f\u0259da etmi\u015f q\u0259hr\u0259man \u015f\u0259hidl\u0259rimizin xatir\u0259sini q\u00fcrurla yad edir. H\u0259r il\u00a0sentyabr\u0131n 27-d\u0259 saat 12:00-da \u00f6lk\u0259 \u0259razisind\u0259 \u015f\u0259hidl\u0259rin \u0259ziz xatir\u0259si bir d\u0259qiq\u0259lik s\u00fckutla yad edil\u0259c\u0259k.\u00a0Art\u0131q d\u00fcn\u0259n b\u00fct\u00fcn Az\u0259rbaycan \u0259razisind\u0259, o&hellip;<\/p>\n","protected":false},"author":2,"featured_media":383531,"comment_status":"closed","ping_status":"closed","sticky":false,"template":"","format":"standard","meta":{"om_disable_all_campaigns":false,"_monsterinsights_skip_tracking":false,"_monsterinsights_sitenote_active":false,"_monsterinsights_sitenote_note":"","_monsterinsights_sitenote_category":0},"categories":[8],"tags":[],"aioseo_notices":[],"gutentor_comment":0,"rttpg_featured_image_url":{"full":["https:\/\/arantv.az\/wp-content\/uploads\/2021\/09\/fcdbc4f5162860529277845194411002914.jpg",975,540,false],"landscape":["https:\/\/arantv.az\/wp-content\/uploads\/2021\/09\/fcdbc4f5162860529277845194411002914.jpg",975,540,false],"portraits":["https:\/\/arantv.az\/wp-content\/uploads\/2021\/09\/fcdbc4f5162860529277845194411002914.jpg",975,540,false],"thumbnail":["https:\/\/arantv.az\/wp-content\/uploads\/2021\/09\/fcdbc4f5162860529277845194411002914-500x280.jpg",500,280,true],"medium":["https:\/\/arantv.az\/wp-content\/uploads\/2021\/09\/fcdbc4f5162860529277845194411002914-660x365.jpg",660,365,true],"large":["https:\/\/arantv.az\/wp-content\/uploads\/2021\/09\/fcdbc4f5162860529277845194411002914-840x465.jpg",640,354,true],"1536x1536":["https:\/\/arantv.az\/wp-content\/uploads\/2021\/09\/fcdbc4f5162860529277845194411002914.jpg",975,540,false],"2048x2048":["https:\/\/arantv.az\/wp-content\/uploads\/2021\/09\/fcdbc4f5162860529277845194411002914.jpg",975,540,false],"post-thumbnail":["https:\/\/arantv.az\/wp-content\/uploads\/2021\/09\/fcdbc4f5162860529277845194411002914-240x172.jpg",240,172,true],"advps-thumb-one":["https:\/\/arantv.az\/wp-content\/uploads\/2021\/09\/fcdbc4f5162860529277845194411002914.jpg",975,540,false]},"rttpg_author":{"display_name":"V\u00fcsal Rafiqo\u011flu","author_link":"https:\/\/arantv.az\/?author=2"},"rttpg_comment":0,"rttpg_category":"<a href=\"https:\/\/arantv.az\/?cat=8\" rel=\"category\">\u018fsas s\u0259hif\u0259<\/a>","rttpg_excerpt":"44 g\u00fcnl\u00fck V\u0259t\u0259n m\u00fcharib\u0259si \u015fanl\u0131 tariximiz, \u015f\u0259hid m\u0259zarlar\u0131 \u0259b\u0259di ziyar\u0259tgah\u0131m\u0131z, qazil\u0259rimiz q\u00fcrur m\u0259nb\u0259yimizdir Sentyabr\u0131n 27-si Az\u0259rbaycanda An\u0131m G\u00fcn\u00fc kimi qeyd edilir. Prezident \u0130lham \u018fliyevin 2020-ci il 2 dekabr tarixli S\u0259r\u0259ncam\u0131na \u0259sas\u0259n t\u0259sis edil\u0259n An\u0131m G\u00fcn\u00fc 44 g\u00fcnl\u00fck V\u0259t\u0259n m\u00fcharib\u0259sind\u0259 q\u0259hr\u0259mancas\u0131na d\u00f6y\u00fc\u015fm\u00fc\u015f, \u00f6lk\u0259mizin \u0259razi b\u00fct\u00f6vl\u00fcy\u00fc u\u011frunda canlar\u0131ndan ke\u00e7mi\u015f etmi\u015f \u0259sg\u0259r v\u0259 zabitl\u0259rimiz\u0259, b\u00fct\u00fcn \u015f\u0259hidl\u0259rimiz\u0259 d\u0259rin ehtiram\u0131n&hellip;","_links":{"self":[{"href":"https:\/\/arantv.az\/index.php?rest_route=\/wp\/v2\/posts\/383530"}],"collection":[{"href":"https:\/\/arantv.az\/index.php?rest_route=\/wp\/v2\/posts"}],"about":[{"href":"https:\/\/arantv.az\/index.php?rest_route=\/wp\/v2\/types\/post"}],"author":[{"embeddable":true,"href":"https:\/\/arantv.az\/index.php?rest_route=\/wp\/v2\/users\/2"}],"replies":[{"embeddable":true,"href":"https:\/\/arantv.az\/index.php?rest_route=%2Fwp%2Fv2%2Fcomments&post=383530"}],"version-history":[{"count":0,"href":"https:\/\/arantv.az\/index.php?rest_route=\/wp\/v2\/posts\/383530\/revisions"}],"wp:featuredmedia":[{"embeddable":true,"href":"https:\/\/arantv.az\/index.php?rest_route=\/wp\/v2\/media\/383531"}],"wp:attachment":[{"href":"https:\/\/arantv.az\/index.php?rest_route=%2Fwp%2Fv2%2Fmedia&parent=383530"}],"wp:term":[{"taxonomy":"category","embeddable":true,"href":"https:\/\/arantv.az\/index.php?rest_route=%2Fwp%2Fv2%2Fcategories&post=383530"},{"taxonomy":"post_tag","embeddable":true,"href":"https:\/\/arantv.az\/index.php?rest_route=%2Fwp%2Fv2%2Ftags&post=383530"}],"curies":[{"name":"wp","href":"https:\/\/api.w.org\/{rel}","templated":true}]}}