{"id":383576,"date":"2021-09-28T12:44:07","date_gmt":"2021-09-28T09:44:07","guid":{"rendered":"http:\/\/arantv.az\/?p=383576"},"modified":"2021-09-28T12:44:07","modified_gmt":"2021-09-28T09:44:07","slug":"b%c9%99rd%c9%99-s%c9%99h%c9%99r-4-sayli-tam-orta-m%c9%99kt%c9%99b-d%c9%99-q%c9%99l%c9%99b%c9%99miz-namin%c9%99-%c9%99lind%c9%99n-g%c9%99l%c9%99ni-%c9%99sirg%c9%99m%c9%99yib-tofiq%c9%99-m","status":"publish","type":"post","link":"https:\/\/arantv.az\/?p=383576","title":{"rendered":"B\u0259rd\u0259 \u015f\u0259h\u0259r 4 sayl\u0131 tam orta m\u0259kt\u0259b d\u0259 q\u0259l\u0259b\u0259miz namin\u0259 \u0259lind\u0259n g\u0259l\u0259ni \u0259sirg\u0259m\u0259yib \u2013 Tofiq\u0259 M\u0259mm\u0259dova"},"content":{"rendered":"<p><strong>44 g\u00fcnl\u00fck m\u00fcharib\u0259nin ba\u015flanmas\u0131n\u0131n bir ili tamam olur. \u0130ndi 27 sentyabr d\u00f6vl\u0259timizin ba\u015f\u00e7\u0131s\u0131, prezidentimizin s\u0259r\u0259ncam\u0131 il\u0259 \u201cV\u0259t\u0259n m\u00fcharib\u0259si \u015f\u0259hidl\u0259rinin an\u0131m g\u00fcn\u00fc\u201d elan olunub.<\/strong><\/p>\n<p><strong>O g\u00fcnl\u0259ri\u00a0 B\u0259rd\u0259 \u015f\u0259h\u0259r Milli Q\u0259hr\u0259man Elgiz K\u0259rimov ad\u0131na 4 sayl\u0131 tam orta m\u0259kt\u0259bin direktoru Tofiq\u0259 M\u0259mm\u0259dova il\u0259 xat\u0131rlamal\u0131 oluruq.<\/strong><\/p>\n<p>\u201c27 sentyabr h\u0259yat\u0131m\u0131n \u0259n a\u011f\u0131r g\u00fcnl\u0259rind\u0259n biri olub. M\u00fcharib\u0259 qorxu,d\u0259h\u015f\u0259t dem\u0259kdir. Qorxu h\u0259r bir insan\u0131n ke\u00e7irdiyi hissdir. Bu hissi ya\u015fama\u011f\u0131m\u0131z da t\u0259biidir. Buna baxmayaraq\u00a0 o g\u00fcn\u00fc xat\u0131rlayanda q\u00fcrur hissi ke\u00e7irm\u0259li oluruq.\u00a0 H\u0259min g\u00fcn xalq\u0131m\u0131z prezidentimizin \u0259traf\u0131nda birl\u0259\u015f\u0259r\u0259k d\u0259mir yumruq kimi g\u00fcc\u00fcn\u00fc n\u00fcmayi\u015f etdirdi.\u201d-dey\u0259 Tofiq\u0259 xan\u0131m M\u0259mm\u0259dova vur\u011fulay\u0131b.<\/p>\n<figure class=\"wp-block-image size-large\"><img loading=\"lazy\" class=\"wp-image-14508 lazyloaded\" src=\"https:\/\/media1.az\/wp-content\/uploads\/2021\/09\/WhatsApp-Image-2021-09-28-at-13.31.13-1024x472.jpeg\" sizes=\"(max-width: 1024px) 100vw, 1024px\" srcset=\"https:\/\/media1.az\/wp-content\/uploads\/2021\/09\/WhatsApp-Image-2021-09-28-at-13.31.13-1024x472.jpeg 1024w, https:\/\/media1.az\/wp-content\/uploads\/2021\/09\/WhatsApp-Image-2021-09-28-at-13.31.13-300x138.jpeg 300w, https:\/\/media1.az\/wp-content\/uploads\/2021\/09\/WhatsApp-Image-2021-09-28-at-13.31.13-768x354.jpeg 768w, https:\/\/media1.az\/wp-content\/uploads\/2021\/09\/WhatsApp-Image-2021-09-28-at-13.31.13.jpeg 1280w\" alt=\"\" width=\"1024\" height=\"472\" data-srcset=\"https:\/\/media1.az\/wp-content\/uploads\/2021\/09\/WhatsApp-Image-2021-09-28-at-13.31.13-1024x472.jpeg 1024w, https:\/\/media1.az\/wp-content\/uploads\/2021\/09\/WhatsApp-Image-2021-09-28-at-13.31.13-300x138.jpeg 300w, https:\/\/media1.az\/wp-content\/uploads\/2021\/09\/WhatsApp-Image-2021-09-28-at-13.31.13-768x354.jpeg 768w, https:\/\/media1.az\/wp-content\/uploads\/2021\/09\/WhatsApp-Image-2021-09-28-at-13.31.13.jpeg 1280w\" data-src=\"https:\/\/media1.az\/wp-content\/uploads\/2021\/09\/WhatsApp-Image-2021-09-28-at-13.31.13-1024x472.jpeg\" data-sizes=\"(max-width: 1024px) 100vw, 1024px\" \/><\/figure>\n<p>M\u0259kt\u0259b direktoru Tofiq\u0259 M\u0259mm\u0259dova bildirir ki, o g\u00fcnl\u0259r ham\u0131l\u0131qla xalq\u0131m\u0131z \u0259sg\u0259rimiz\u0259 d\u0259st\u0259yin n\u00fcmayi\u015f etdirirdi. Maddi m\u0259n\u0259vi c\u0259h\u0259td\u0259n ordunun yan\u0131nda oldu. Xaricd\u0259 ya\u015fayanlar\u0131m\u0131za q\u0259d\u0259r milyonlarla az\u0259rbaycanl\u0131 \u201cQaraba\u011f Az\u0259rbaycand\u0131r\u201d-dedi. Dem\u0259kl\u0259 yana\u015f\u0131 k\u00f6m\u0259kliyin \u0259sirg\u0259m\u0259di. S\u00f6zd\u0259 yox,\u0259m\u0259lind\u0259 d\u0259 \u00a0v\u0259t\u0259nin m\u00fcdafi\u0259si \u00fc\u00e7\u00fcn kim nec\u0259 bacar\u0131rsa \u0259lind\u0259n g\u0259l\u0259ni \u0259sirg\u0259m\u0259di.<\/p>\n<p>\u201c1990-c\u0131 ild\u0259 Az\u0259rbaycan d\u00fcnya xalq\u0131 elan olunmu\u015fdu.44 g\u00fcnl\u00fck m\u00fcharib\u0259d\u0259 d\u0259 bir daha ilin xalq\u0131 oldu\u011funu s\u00fcbut etmi\u015f oldu. Ke\u00e7mi\u015f SSR\u0130 m\u0259kan\u0131nda separatizml\u0259 \u00fczl\u0259\u015fmi\u015f xalq kimi yegan\u0259 az\u0259rbaycanl\u0131lar oldu ki, \u0259razi b\u00fct\u00f6vl\u00fcy\u00fcn\u00fcn b\u0259rpas\u0131na nail olub. Bu da t\u0259bii ki, Ali Ba\u015f Komandan\u0131m\u0131z,Prezidentimiz \u0130lham \u018fliyevin daxili v\u0259 xarici siyas\u0259ti say\u0259sind\u0259 m\u00fcmk\u00fcn olmu\u015fdur.\u201d-dey\u0259 m\u0259kt\u0259b direktoru fikrini q\u0259til\u0259\u015fdirir.<\/p>\n<figure class=\"wp-block-image size-large\"><img loading=\"lazy\" class=\"wp-image-14509 lazyloaded\" src=\"https:\/\/media1.az\/wp-content\/uploads\/2021\/09\/WhatsApp-Image-2021-09-28-at-13.31.12-1024x472.jpeg\" sizes=\"(max-width: 1024px) 100vw, 1024px\" srcset=\"https:\/\/media1.az\/wp-content\/uploads\/2021\/09\/WhatsApp-Image-2021-09-28-at-13.31.12-1024x472.jpeg 1024w, https:\/\/media1.az\/wp-content\/uploads\/2021\/09\/WhatsApp-Image-2021-09-28-at-13.31.12-300x138.jpeg 300w, https:\/\/media1.az\/wp-content\/uploads\/2021\/09\/WhatsApp-Image-2021-09-28-at-13.31.12-768x354.jpeg 768w, https:\/\/media1.az\/wp-content\/uploads\/2021\/09\/WhatsApp-Image-2021-09-28-at-13.31.12.jpeg 1280w\" alt=\"\" width=\"1024\" height=\"472\" data-srcset=\"https:\/\/media1.az\/wp-content\/uploads\/2021\/09\/WhatsApp-Image-2021-09-28-at-13.31.12-1024x472.jpeg 1024w, https:\/\/media1.az\/wp-content\/uploads\/2021\/09\/WhatsApp-Image-2021-09-28-at-13.31.12-300x138.jpeg 300w, https:\/\/media1.az\/wp-content\/uploads\/2021\/09\/WhatsApp-Image-2021-09-28-at-13.31.12-768x354.jpeg 768w, https:\/\/media1.az\/wp-content\/uploads\/2021\/09\/WhatsApp-Image-2021-09-28-at-13.31.12.jpeg 1280w\" data-src=\"https:\/\/media1.az\/wp-content\/uploads\/2021\/09\/WhatsApp-Image-2021-09-28-at-13.31.12-1024x472.jpeg\" data-sizes=\"(max-width: 1024px) 100vw, 1024px\" \/><\/figure>\n<p>O g\u00fcnl\u0259r B\u0259rd\u0259 t\u0259hsilinin bir m\u0259kt\u0259bi kimi B\u0259rd\u0259 \u015f\u0259h\u0259r Milli Q\u0259hr\u0259man Elgiz K\u0259rimov ad\u0131na 4 sayl\u0131 tam orta m\u0259kt\u0259b d\u0259 q\u0259l\u0259b\u0259miz namin\u0259 \u0259lind\u0259n g\u0259l\u0259ni \u0259sirg\u0259m\u0259yib. C\u0259bh\u0259d\u0259n g\u0259l\u0259n \u015f\u0259hidl\u0259rimizi qar\u015f\u0131lamaq, son m\u0259nzil\u0259 yola salmaq m\u0259rasiml\u0259rind\u0259 layiqinc\u0259 i\u015ftirak edib.Rayon r\u0259hb\u0259rliyi, YAP f\u0259allar\u0131 il\u0259 m\u00fcnt\u0259z\u0259m olaraq \u015f\u0259hid ail\u0259l\u0259rin\u0259 ba\u015f \u00e7\u0259kilib.\u015e\u0259hidl\u0259rimizin xatir\u0259si adlar\u0131na layiq \u015f\u0259kild\u0259 etiramla an\u0131l\u0131b.<\/p>\n<p>Bu g\u00fcnd\u0259 \u015f\u0259hidl\u0259rin do\u011fum g\u00fcnl\u0259rini, \u015f\u0259hid olduqlar\u0131 g\u00fcn\u00fc yad edir,t\u0259dbirl\u0259r davam edir.<\/p>\n<p>M\u0259kt\u0259b direktoru Tofiq\u0259 M\u0259mm\u0259dova sonda bir daha qeyd edir ki, he\u00e7 \u015f\u00fcbh\u0259siz ki, daim bu \u0259n\u0259n\u0259miz\u0259 sadiq qalaca\u011f\u0131q.\u015e\u0259hidl\u0259rin ad\u0131n\u0131 q\u0259lbimizd\u0259 ya\u015fadaca\u011f\u0131q.<\/p>\n<p><strong>Niluf\u0259r \u018fliyeva\u00a0\u00a0 \u00a0<\/strong><\/p>\n","protected":false},"excerpt":{"rendered":"<p>44 g\u00fcnl\u00fck m\u00fcharib\u0259nin ba\u015flanmas\u0131n\u0131n bir ili tamam olur. \u0130ndi 27 sentyabr d\u00f6vl\u0259timizin ba\u015f\u00e7\u0131s\u0131, prezidentimizin s\u0259r\u0259ncam\u0131 il\u0259 \u201cV\u0259t\u0259n m\u00fcharib\u0259si \u015f\u0259hidl\u0259rinin an\u0131m g\u00fcn\u00fc\u201d elan olunub. O g\u00fcnl\u0259ri\u00a0 B\u0259rd\u0259 \u015f\u0259h\u0259r Milli Q\u0259hr\u0259man Elgiz K\u0259rimov ad\u0131na 4 sayl\u0131 tam orta m\u0259kt\u0259bin direktoru Tofiq\u0259 M\u0259mm\u0259dova il\u0259 xat\u0131rlamal\u0131 oluruq. \u201c27 sentyabr h\u0259yat\u0131m\u0131n \u0259n a\u011f\u0131r g\u00fcnl\u0259rind\u0259n biri olub. M\u00fcharib\u0259 qorxu,d\u0259h\u015f\u0259t dem\u0259kdir. Qorxu h\u0259r bir insan\u0131n ke\u00e7irdiyi hissdir. Bu hissi ya\u015fama\u011f\u0131m\u0131z da t\u0259biidir. Buna baxmayaraq\u00a0 o g\u00fcn\u00fc xat\u0131rlayanda q\u00fcrur hissi ke\u00e7irm\u0259li oluruq.\u00a0 H\u0259min g\u00fcn xalq\u0131m\u0131z prezidentimizin \u0259traf\u0131nda birl\u0259\u015f\u0259r\u0259k d\u0259mir yumruq kimi g\u00fcc\u00fcn\u00fc n\u00fcmayi\u015f etdirdi.\u201d-dey\u0259 Tofiq\u0259 xan\u0131m M\u0259mm\u0259dova vur\u011fulay\u0131b.&hellip;<\/p>\n","protected":false},"author":2,"featured_media":383577,"comment_status":"closed","ping_status":"closed","sticky":false,"template":"","format":"standard","meta":{"om_disable_all_campaigns":false,"_monsterinsights_skip_tracking":false,"_monsterinsights_sitenote_active":false,"_monsterinsights_sitenote_note":"","_monsterinsights_sitenote_category":0},"categories":[19,23],"tags":[],"aioseo_notices":[],"gutentor_comment":0,"rttpg_featured_image_url":{"full":["https:\/\/arantv.az\/wp-content\/uploads\/2021\/09\/9a8f5294-69af-40c6-91c8-8057c07e4357.jpg",866,894,false],"landscape":["https:\/\/arantv.az\/wp-content\/uploads\/2021\/09\/9a8f5294-69af-40c6-91c8-8057c07e4357.jpg",866,894,false],"portraits":["https:\/\/arantv.az\/wp-content\/uploads\/2021\/09\/9a8f5294-69af-40c6-91c8-8057c07e4357.jpg",866,894,false],"thumbnail":["https:\/\/arantv.az\/wp-content\/uploads\/2021\/09\/9a8f5294-69af-40c6-91c8-8057c07e4357-500x280.jpg",500,280,true],"medium":["https:\/\/arantv.az\/wp-content\/uploads\/2021\/09\/9a8f5294-69af-40c6-91c8-8057c07e4357-354x365.jpg",354,365,true],"large":["https:\/\/arantv.az\/wp-content\/uploads\/2021\/09\/9a8f5294-69af-40c6-91c8-8057c07e4357-814x840.jpg",640,660,true],"1536x1536":["https:\/\/arantv.az\/wp-content\/uploads\/2021\/09\/9a8f5294-69af-40c6-91c8-8057c07e4357.jpg",866,894,false],"2048x2048":["https:\/\/arantv.az\/wp-content\/uploads\/2021\/09\/9a8f5294-69af-40c6-91c8-8057c07e4357.jpg",866,894,false],"post-thumbnail":["https:\/\/arantv.az\/wp-content\/uploads\/2021\/09\/9a8f5294-69af-40c6-91c8-8057c07e4357-240x172.jpg",240,172,true],"advps-thumb-one":["https:\/\/arantv.az\/wp-content\/uploads\/2021\/09\/9a8f5294-69af-40c6-91c8-8057c07e4357-866x620.jpg",866,620,true]},"rttpg_author":{"display_name":"V\u00fcsal Rafiqo\u011flu","author_link":"https:\/\/arantv.az\/?author=2"},"rttpg_comment":0,"rttpg_category":"<a href=\"https:\/\/arantv.az\/?cat=19\" rel=\"category\">G\u00fcnd\u0259m<\/a> <a href=\"https:\/\/arantv.az\/?cat=23\" rel=\"category\">T\u0259hsil<\/a>","rttpg_excerpt":"44 g\u00fcnl\u00fck m\u00fcharib\u0259nin ba\u015flanmas\u0131n\u0131n bir ili tamam olur. \u0130ndi 27 sentyabr d\u00f6vl\u0259timizin ba\u015f\u00e7\u0131s\u0131, prezidentimizin s\u0259r\u0259ncam\u0131 il\u0259 \u201cV\u0259t\u0259n m\u00fcharib\u0259si \u015f\u0259hidl\u0259rinin an\u0131m g\u00fcn\u00fc\u201d elan olunub. O g\u00fcnl\u0259ri\u00a0 B\u0259rd\u0259 \u015f\u0259h\u0259r Milli Q\u0259hr\u0259man Elgiz K\u0259rimov ad\u0131na 4 sayl\u0131 tam orta m\u0259kt\u0259bin direktoru Tofiq\u0259 M\u0259mm\u0259dova il\u0259 xat\u0131rlamal\u0131 oluruq. \u201c27 sentyabr h\u0259yat\u0131m\u0131n \u0259n a\u011f\u0131r g\u00fcnl\u0259rind\u0259n biri olub. M\u00fcharib\u0259 qorxu,d\u0259h\u015f\u0259t dem\u0259kdir. Qorxu&hellip;","_links":{"self":[{"href":"https:\/\/arantv.az\/index.php?rest_route=\/wp\/v2\/posts\/383576"}],"collection":[{"href":"https:\/\/arantv.az\/index.php?rest_route=\/wp\/v2\/posts"}],"about":[{"href":"https:\/\/arantv.az\/index.php?rest_route=\/wp\/v2\/types\/post"}],"author":[{"embeddable":true,"href":"https:\/\/arantv.az\/index.php?rest_route=\/wp\/v2\/users\/2"}],"replies":[{"embeddable":true,"href":"https:\/\/arantv.az\/index.php?rest_route=%2Fwp%2Fv2%2Fcomments&post=383576"}],"version-history":[{"count":0,"href":"https:\/\/arantv.az\/index.php?rest_route=\/wp\/v2\/posts\/383576\/revisions"}],"wp:featuredmedia":[{"embeddable":true,"href":"https:\/\/arantv.az\/index.php?rest_route=\/wp\/v2\/media\/383577"}],"wp:attachment":[{"href":"https:\/\/arantv.az\/index.php?rest_route=%2Fwp%2Fv2%2Fmedia&parent=383576"}],"wp:term":[{"taxonomy":"category","embeddable":true,"href":"https:\/\/arantv.az\/index.php?rest_route=%2Fwp%2Fv2%2Fcategories&post=383576"},{"taxonomy":"post_tag","embeddable":true,"href":"https:\/\/arantv.az\/index.php?rest_route=%2Fwp%2Fv2%2Ftags&post=383576"}],"curies":[{"name":"wp","href":"https:\/\/api.w.org\/{rel}","templated":true}]}}