{"id":383580,"date":"2021-09-28T15:25:05","date_gmt":"2021-09-28T12:25:05","guid":{"rendered":"https:\/\/arantv.az\/?p=383580"},"modified":"2021-09-28T15:25:05","modified_gmt":"2021-09-28T12:25:05","slug":"eldar-h%c9%99s%c9%99novun-sabiq-musaviri-ifad%c9%99-verdi-m%c9%99hk%c9%99m%c9%99","status":"publish","type":"post","link":"https:\/\/arantv.az\/?p=383580","title":{"rendered":"Eldar H\u0259s\u0259novun sabiq m\u00fc\u015faviri ifad\u0259 verdi &#8211; M\u018fHK\u018fM\u018f"},"content":{"rendered":"<p>Az\u0259rbaycan\u0131n Serbiya, Monteneqro, Bosniya v\u0259 Herseqovinadak\u0131 sabiq f\u00f6vq\u0259lad\u0259 v\u0259 s\u0259lahiyy\u0259tli s\u0259firi olmu\u015f Eldar H\u0259s\u0259novun cinay\u0259t i\u015fi \u00fczr\u0259 m\u0259hk\u0259m\u0259 iclas\u0131 davam etdirilib.<\/p>\n<p><strong>ARANTV.AZ<\/strong> x\u0259b\u0259r verir ki, Bak\u0131 A\u011f\u0131r Cinay\u0259tl\u0259r M\u0259hk\u0259m\u0259sinin hakimi \u018ffqan Hac\u0131yevin s\u0259drliyi il\u0259 ke\u00e7iril\u0259n prosesd\u0259 \u015fahid qismind\u0259 Az\u0259rbaycan\u0131n Serbiyadak\u0131 s\u0259firliyind\u0259 m\u00fc\u015favir i\u015fl\u0259mi\u015f Qabil K\u00f6\u00e7\u0259rli ifad\u0259 verib.<\/p>\n<p>O bildirib ki, 2010-cu ild\u0259 Az\u0259rbaycan\u0131n Serbiyadak\u0131 s\u0259firinin m\u00fc\u015faviri t\u0259yin edilib:<\/p>\n<div id=\"AdviadNativeVideo0\" class=\"AdviadNativeVideo\"><\/div>\n<p>\u201cS\u0259firlik \u00fc\u00e7\u00fcn al\u0131nan binan\u0131n alq\u0131-satq\u0131s\u0131nda i\u015ftirak etmi\u015f\u0259m. Binan\u0131n al\u0131nmas\u0131 il\u0259 ba\u011fl\u0131 Serbiya Xarici \u0130\u015fl\u0259r Nazirliyi biz\u0259 \u201cAmbasador\u201d alq\u0131-satq\u0131 \u015firk\u0259tini t\u0259klif etdi. Binan\u0131 da h\u0259min \u015firk\u0259t tapd\u0131 v\u0259 komissiya se\u00e7ib biz\u0259 t\u0259qdim etdi. \u018fmlak sahibi il\u0259 alq\u0131-satq\u0131 m\u00fcqavil\u0259sini m\u0259n imzalam\u0131\u015fd\u0131m. H\u0259min vaxt Eldar H\u0259s\u0259nov Buxarestd\u0259 idi, m\u0259n\u0259 etibarnam\u0259 vermi\u015fdi\u201d.<\/p>\n<p>Q.K\u00f6\u00e7\u0259rli deyib ki, binan\u0131n pulunun verilm\u0259sind\u0259 i\u015ftirak etm\u0259yib, ancaq qeydiyyat prosesind\u0259 olub.<\/p>\n<p>Daha sonra \u015fahid prokuror v\u0259 v\u0259kill\u0259rin suallar\u0131n\u0131 cavabland\u0131r\u0131b.<\/p>\n<p>M\u0259hk\u0259m\u0259nin n\u00f6vb\u0259ti iclas\u0131 oktyabr\u0131n 1-n\u0259 t\u0259yin edilib.<\/p>\n<p>Xat\u0131rladaq ki, apar\u0131lm\u0131\u015f istintaqla H\u0259s\u0259nov Eldar H\u00fcmb\u0259t o\u011flunun Az\u0259rbaycan Respublikas\u0131n\u0131n Rum\u0131niya, Serbiya Respublikas\u0131, Bosniya v\u0259 Herseqovina v\u0259 Monteneqroda f\u00f6vq\u0259lad\u0259 v\u0259 s\u0259lahiyy\u0259tli s\u0259firi kimi f\u0259aliyy\u0259t g\u00f6st\u0259rdiyi 2010-2020-ci ill\u0259rd\u0259 qabaqcadan \u0259lbir olan bir qrup \u015f\u0259xs hal\u0131nda 17.931.316 manat (16.893.868 avro) pul v\u0259saitini s\u0259firlikl\u0259r \u00fc\u00e7\u00fcn yeni inzibati binalar\u0131n al\u0131nmas\u0131, habel\u0259 t\u0259mir-tikinti i\u015fl\u0259ri il\u0259 \u0259laq\u0259dar israf etm\u0259 v\u0259 m\u0259nims\u0259m\u0259sin\u0259, cinay\u0259t yolu il\u0259 \u0259ld\u0259 edildiyini bil\u0259-bil\u0259 11.804.661 manat (11.156.716 avro) m\u0259bl\u0259\u011find\u0259 pul v\u0259saitini leqalla\u015fd\u0131rmas\u0131na, r\u0259smi s\u0259n\u0259dl\u0259r\u0259 bil\u0259-bil\u0259 yalan m\u0259lumatlar daxil ed\u0259r\u0259k v\u0259zif\u0259 saxtakarl\u0131\u011f\u0131 t\u00f6r\u0259tm\u0259sin\u0259, v\u0259zif\u0259li \u015f\u0259xs kimi v\u0259zif\u0259 s\u0259lahiyy\u0259tl\u0259rind\u0259n sui-istifad\u0259 etm\u0259kl\u0259 d\u00f6vl\u0259tin qanunla qorunan m\u0259nafel\u0259rin\u0259 a\u011f\u0131r n\u0259tic\u0259l\u0259r\u0259 s\u0259b\u0259b olan 327.373 manat (180.728 avro) m\u0259bl\u0259\u011find\u0259 m\u00fch\u00fcm z\u0259r\u0259r vurmas\u0131na v\u0259 d\u00f6vl\u0259t b\u00fcdc\u0259sinin xeyli miqdar t\u0259\u015fkil ed\u0259n 192.387 manat (101.761 avro) pul v\u0259saitind\u0259n t\u0259yinat\u0131 \u00fczr\u0259 istifad\u0259 etm\u0259m\u0259sin\u0259 \u0259sasl\u0131 \u015f\u00fcbh\u0259l\u0259r m\u00fc\u0259yy\u0259n edilib.<\/p>\n<p>Buna g\u00f6r\u0259, E.H\u0259s\u0259nova Az\u0259rbaycan Respublikas\u0131 Cinay\u0259t M\u0259c\u0259ll\u0259sinin 179.3.2 (m\u0259nims\u0259m\u0259 v\u0259 ya israfetm\u0259, k\u00fclli miqdarda t\u00f6r\u0259dildikd\u0259), 193-1.3.2 (cinay\u0259t yolu il\u0259 \u0259ld\u0259 edilmi\u015f pul v\u0259saitl\u0259rini v\u0259 ya dig\u0259r \u0259mlak\u0131 leqalla\u015fd\u0131rma, k\u00fclli miqdarda t\u00f6r\u0259dildikd\u0259) 308.2 (v\u0259zif\u0259 s\u0259lahiyy\u0259tl\u0259rind\u0259n sui-istifad\u0259 etm\u0259, a\u011f\u0131r n\u0259tic\u0259l\u0259r\u0259 s\u0259b\u0259b olduqda) 308-1.1 (D\u00f6vl\u0259t b\u00fcdc\u0259sinin v\u0259saitind\u0259n t\u0259yinat\u0131 \u00fczr\u0259 istifad\u0259 etm\u0259m\u0259) v\u0259 313-c\u00fc (v\u0259zif\u0259 saxtakarl\u0131\u011f\u0131) madd\u0259l\u0259ri il\u0259 ittiham elan olunub.<\/p>\n<p>Qeyd ed\u0259k ki, E.H\u0259s\u0259novun birg\u0259 ittiham olundu\u011fu cinay\u0259tl\u0259rin dig\u0259r i\u015ftirak\u00e7\u0131lar\u0131 bar\u0259sind\u0259 cinay\u0259t i\u015fi ayr\u0131ca icraata ayr\u0131laraq istintaq\u0131 davam etdirilir.<\/p>\n","protected":false},"excerpt":{"rendered":"<p>Az\u0259rbaycan\u0131n Serbiya, Monteneqro, Bosniya v\u0259 Herseqovinadak\u0131 sabiq f\u00f6vq\u0259lad\u0259 v\u0259 s\u0259lahiyy\u0259tli s\u0259firi olmu\u015f Eldar H\u0259s\u0259novun cinay\u0259t i\u015fi \u00fczr\u0259 m\u0259hk\u0259m\u0259 iclas\u0131 davam etdirilib. ARANTV.AZ x\u0259b\u0259r verir ki, Bak\u0131 A\u011f\u0131r Cinay\u0259tl\u0259r M\u0259hk\u0259m\u0259sinin hakimi \u018ffqan Hac\u0131yevin s\u0259drliyi il\u0259 ke\u00e7iril\u0259n prosesd\u0259 \u015fahid qismind\u0259 Az\u0259rbaycan\u0131n Serbiyadak\u0131 s\u0259firliyind\u0259 m\u00fc\u015favir i\u015fl\u0259mi\u015f Qabil K\u00f6\u00e7\u0259rli ifad\u0259 verib. O bildirib ki, 2010-cu ild\u0259 Az\u0259rbaycan\u0131n Serbiyadak\u0131 s\u0259firinin m\u00fc\u015faviri t\u0259yin edilib: \u201cS\u0259firlik \u00fc\u00e7\u00fcn al\u0131nan binan\u0131n alq\u0131-satq\u0131s\u0131nda i\u015ftirak etmi\u015f\u0259m. Binan\u0131n al\u0131nmas\u0131 il\u0259 ba\u011fl\u0131 Serbiya Xarici \u0130\u015fl\u0259r Nazirliyi biz\u0259 \u201cAmbasador\u201d alq\u0131-satq\u0131 \u015firk\u0259tini t\u0259klif etdi. Binan\u0131 da h\u0259min \u015firk\u0259t tapd\u0131 v\u0259 komissiya se\u00e7ib biz\u0259 t\u0259qdim etdi.&hellip;<\/p>\n","protected":false},"author":2,"featured_media":383581,"comment_status":"closed","ping_status":"closed","sticky":false,"template":"","format":"standard","meta":{"om_disable_all_campaigns":false,"_monsterinsights_skip_tracking":false,"_monsterinsights_sitenote_active":false,"_monsterinsights_sitenote_note":"","_monsterinsights_sitenote_category":0},"categories":[26],"tags":[],"aioseo_notices":[],"gutentor_comment":0,"rttpg_featured_image_url":{"full":["https:\/\/arantv.az\/wp-content\/uploads\/2021\/09\/FotoJet-63-2.jpg",620,413,false],"landscape":["https:\/\/arantv.az\/wp-content\/uploads\/2021\/09\/FotoJet-63-2.jpg",620,413,false],"portraits":["https:\/\/arantv.az\/wp-content\/uploads\/2021\/09\/FotoJet-63-2.jpg",620,413,false],"thumbnail":["https:\/\/arantv.az\/wp-content\/uploads\/2021\/09\/FotoJet-63-2-500x280.jpg",500,280,true],"medium":["https:\/\/arantv.az\/wp-content\/uploads\/2021\/09\/FotoJet-63-2-548x365.jpg",548,365,true],"large":["https:\/\/arantv.az\/wp-content\/uploads\/2021\/09\/FotoJet-63-2.jpg",620,413,false],"1536x1536":["https:\/\/arantv.az\/wp-content\/uploads\/2021\/09\/FotoJet-63-2.jpg",620,413,false],"2048x2048":["https:\/\/arantv.az\/wp-content\/uploads\/2021\/09\/FotoJet-63-2.jpg",620,413,false],"post-thumbnail":["https:\/\/arantv.az\/wp-content\/uploads\/2021\/09\/FotoJet-63-2-240x172.jpg",240,172,true],"advps-thumb-one":["https:\/\/arantv.az\/wp-content\/uploads\/2021\/09\/FotoJet-63-2.jpg",620,413,false]},"rttpg_author":{"display_name":"V\u00fcsal Rafiqo\u011flu","author_link":"https:\/\/arantv.az\/?author=2"},"rttpg_comment":0,"rttpg_category":"<a href=\"https:\/\/arantv.az\/?cat=26\" rel=\"category\">Sosial<\/a>","rttpg_excerpt":"Az\u0259rbaycan\u0131n Serbiya, Monteneqro, Bosniya v\u0259 Herseqovinadak\u0131 sabiq f\u00f6vq\u0259lad\u0259 v\u0259 s\u0259lahiyy\u0259tli s\u0259firi olmu\u015f Eldar H\u0259s\u0259novun cinay\u0259t i\u015fi \u00fczr\u0259 m\u0259hk\u0259m\u0259 iclas\u0131 davam etdirilib. ARANTV.AZ x\u0259b\u0259r verir ki, Bak\u0131 A\u011f\u0131r Cinay\u0259tl\u0259r M\u0259hk\u0259m\u0259sinin hakimi \u018ffqan Hac\u0131yevin s\u0259drliyi il\u0259 ke\u00e7iril\u0259n prosesd\u0259 \u015fahid qismind\u0259 Az\u0259rbaycan\u0131n Serbiyadak\u0131 s\u0259firliyind\u0259 m\u00fc\u015favir i\u015fl\u0259mi\u015f Qabil K\u00f6\u00e7\u0259rli ifad\u0259 verib. O bildirib ki, 2010-cu ild\u0259 Az\u0259rbaycan\u0131n Serbiyadak\u0131 s\u0259firinin&hellip;","_links":{"self":[{"href":"https:\/\/arantv.az\/index.php?rest_route=\/wp\/v2\/posts\/383580"}],"collection":[{"href":"https:\/\/arantv.az\/index.php?rest_route=\/wp\/v2\/posts"}],"about":[{"href":"https:\/\/arantv.az\/index.php?rest_route=\/wp\/v2\/types\/post"}],"author":[{"embeddable":true,"href":"https:\/\/arantv.az\/index.php?rest_route=\/wp\/v2\/users\/2"}],"replies":[{"embeddable":true,"href":"https:\/\/arantv.az\/index.php?rest_route=%2Fwp%2Fv2%2Fcomments&post=383580"}],"version-history":[{"count":0,"href":"https:\/\/arantv.az\/index.php?rest_route=\/wp\/v2\/posts\/383580\/revisions"}],"wp:featuredmedia":[{"embeddable":true,"href":"https:\/\/arantv.az\/index.php?rest_route=\/wp\/v2\/media\/383581"}],"wp:attachment":[{"href":"https:\/\/arantv.az\/index.php?rest_route=%2Fwp%2Fv2%2Fmedia&parent=383580"}],"wp:term":[{"taxonomy":"category","embeddable":true,"href":"https:\/\/arantv.az\/index.php?rest_route=%2Fwp%2Fv2%2Fcategories&post=383580"},{"taxonomy":"post_tag","embeddable":true,"href":"https:\/\/arantv.az\/index.php?rest_route=%2Fwp%2Fv2%2Ftags&post=383580"}],"curies":[{"name":"wp","href":"https:\/\/api.w.org\/{rel}","templated":true}]}}