{"id":383586,"date":"2021-09-28T15:28:04","date_gmt":"2021-09-28T12:28:04","guid":{"rendered":"https:\/\/arantv.az\/?p=383586"},"modified":"2021-09-28T15:28:05","modified_gmt":"2021-09-28T12:28:05","slug":"anim-gunund%c9%99-al-qirmizi-geyin%c9%99n-mehriban-qaralova-kimdir-foto","status":"publish","type":"post","link":"https:\/\/arantv.az\/?p=383586","title":{"rendered":"An\u0131m G\u00fcn\u00fcnd\u0259 al q\u0131rm\u0131z\u0131 geyin\u0259n Mehriban Qaralova kimdir? &#8211; FOTO"},"content":{"rendered":"<p>V\u0259t\u0259n m\u00fcharib\u0259si \u015f\u0259hidl\u0259rinin An\u0131m G\u00fcn\u00fcnd\u0259\u00a0xo\u015fag\u0259lm\u0259z bir hadis\u0259nin ya\u015fand\u0131\u011f\u0131 bar\u0259d\u0259 x\u0259b\u0259r yay\u0131l\u0131b.<\/p>\n<p>Sosial \u015f\u0259b\u0259k\u0259l\u0259rd\u0259 yay\u0131lan h\u0259min m\u0259lumatda iddia edilir ki, 27 sentyabrda al q\u0131rm\u0131z\u0131 geyin\u0259n Ab\u015feron Rayon M\u0259rk\u0259zi X\u0259st\u0259xanas\u0131n\u0131n ba\u015f h\u0259kimi Mehriban Qaralova bu libasda an\u0131m t\u0259dbirin\u0259 qat\u0131lmaqla ham\u0131n\u0131 t\u0259\u0259cc\u00fcbl\u0259ndirib. Onun fotolar\u0131 sosial \u015f\u0259b\u0259k\u0259l\u0259rd\u0259 payla\u015f\u0131l\u0131b, n\u0259tic\u0259d\u0259 ba\u015f h\u0259kim\u00a0m\u00fczakir\u0259 m\u00f6vzusuna v\u0259 q\u0131naq obyektin\u0259 \u00e7evirilib.<\/p>\n<p>Yay\u0131lan \u015f\u0259kill\u0259rd\u0259n g\u00f6r\u00fcn\u00fcr ki, Mehriban Qaralovan\u0131n t\u0259kc\u0259 paltar\u0131 q\u0131rm\u0131z\u0131 deyil, ayaqqab\u0131s\u0131, h\u0259tta maskas\u0131 da eyni r\u0259ngd\u0259dir.<\/p>\n<div id=\"AdviadNativeVideo0\" class=\"AdviadNativeVideo\"><\/div>\n<p>Sosial \u015f\u0259b\u0259k\u0259 istifad\u0259\u00e7il\u0259ri Mehriban Qaralovan\u0131n An\u0131m G\u00fcn\u00fcn\u0259 ba\u015fdan-aya\u011fa al q\u0131rm\u0131z\u0131 geyimd\u0259 g\u0259lm\u0259sini \u015f\u0259hidl\u0259r\u0259 h\u00f6rm\u0259tsizlik kimi qiym\u0259tl\u0259ndirib, ondan \u00fczr ist\u0259m\u0259yi t\u0259l\u0259b edibl\u0259r.<\/p>\n<p>Tibbi \u018frazi B\u00f6lm\u0259l\u0259rini \u0130dar\u0259etm\u0259 Birliyinin (T\u018fB\u0130B) \u0259m\u0259kda\u015f\u0131 Elnar\u0259 Bax\u0131\u015fova Mehriban Qaralovan\u0131n quruma m\u0259xsus s\u0259hiyy\u0259 m\u00fc\u0259ssis\u0259sind\u0259\u00a0\u00e7al\u0131\u015fd\u0131\u011f\u0131n\u0131 t\u0259sdiql\u0259s\u0259 d\u0259, \u0259trafl\u0131 m\u0259lumat verm\u0259yib:<\/p>\n<p>\u201cMehriban Qaralova x\u0259st\u0259xanada \u00e7al\u0131\u015f\u0131r. M\u0259s\u0259l\u0259 il\u0259 ba\u011fl\u0131 \u00f6z\u00fc il\u0259 \u0259laq\u0259 saxlamaq m\u00fcmk\u00fcn olmay\u0131b\u201d.<\/p>\n<p>Qeyd ed\u0259k ki, Mehriban Qaralova YAP funksioneri, ke\u00e7mi\u015f deputat Zahid Qaralovun q\u0131z\u0131, sabiq ba\u015f prokuror Zakir Qaralovun \u0259misi q\u0131z\u0131d\u0131r.<\/p>\n<p>&nbsp;<\/p>\n<div class=\"gallery\">\n<div class=\"gallery-i\"><img src=\"https:\/\/cdn.oxu.az\/uploads\/W1siZiIsIjIwMjEvMDkvMjgvMTQvNTMvMDIvZjhkMjRlODctZTg5Ny00ZTMyLWFhZTYtMTJjZjQ0ZTY3ZDIwL21laHJpYmFubSByLXFhcmFsb3YtMS5qcGVnIl0sWyJwIiwiZW5jb2RlIiwianBnIiwiLXF1YWxpdHkgODAiXSxbInAiLCJ0aHVtYiIsIjU5MHg1OTBcdTAwM2UiXV0?sha=60ba9b67b97c9cfb\" alt=\"\" \/><\/p>\n<div class=\"gallery-i-caption\"><\/div>\n<\/div>\n<\/div>\n<p>Modern.az<\/p>\n","protected":false},"excerpt":{"rendered":"<p>V\u0259t\u0259n m\u00fcharib\u0259si \u015f\u0259hidl\u0259rinin An\u0131m G\u00fcn\u00fcnd\u0259\u00a0xo\u015fag\u0259lm\u0259z bir hadis\u0259nin ya\u015fand\u0131\u011f\u0131 bar\u0259d\u0259 x\u0259b\u0259r yay\u0131l\u0131b. Sosial \u015f\u0259b\u0259k\u0259l\u0259rd\u0259 yay\u0131lan h\u0259min m\u0259lumatda iddia edilir ki, 27 sentyabrda al q\u0131rm\u0131z\u0131 geyin\u0259n Ab\u015feron Rayon M\u0259rk\u0259zi X\u0259st\u0259xanas\u0131n\u0131n ba\u015f h\u0259kimi Mehriban Qaralova bu libasda an\u0131m t\u0259dbirin\u0259 qat\u0131lmaqla ham\u0131n\u0131 t\u0259\u0259cc\u00fcbl\u0259ndirib. Onun fotolar\u0131 sosial \u015f\u0259b\u0259k\u0259l\u0259rd\u0259 payla\u015f\u0131l\u0131b, n\u0259tic\u0259d\u0259 ba\u015f h\u0259kim\u00a0m\u00fczakir\u0259 m\u00f6vzusuna v\u0259 q\u0131naq obyektin\u0259 \u00e7evirilib. Yay\u0131lan \u015f\u0259kill\u0259rd\u0259n g\u00f6r\u00fcn\u00fcr ki, Mehriban Qaralovan\u0131n t\u0259kc\u0259 paltar\u0131 q\u0131rm\u0131z\u0131 deyil, ayaqqab\u0131s\u0131, h\u0259tta maskas\u0131 da eyni r\u0259ngd\u0259dir. Sosial \u015f\u0259b\u0259k\u0259 istifad\u0259\u00e7il\u0259ri Mehriban Qaralovan\u0131n An\u0131m G\u00fcn\u00fcn\u0259 ba\u015fdan-aya\u011fa al q\u0131rm\u0131z\u0131 geyimd\u0259 g\u0259lm\u0259sini \u015f\u0259hidl\u0259r\u0259 h\u00f6rm\u0259tsizlik kimi qiym\u0259tl\u0259ndirib, ondan \u00fczr ist\u0259m\u0259yi t\u0259l\u0259b edibl\u0259r. Tibbi&hellip;<\/p>\n","protected":false},"author":2,"featured_media":383587,"comment_status":"closed","ping_status":"closed","sticky":false,"template":"","format":"standard","meta":{"om_disable_all_campaigns":false,"_monsterinsights_skip_tracking":false,"_monsterinsights_sitenote_active":false,"_monsterinsights_sitenote_note":"","_monsterinsights_sitenote_category":0},"categories":[26],"tags":[],"aioseo_notices":[],"gutentor_comment":0,"rttpg_featured_image_url":{"full":["https:\/\/arantv.az\/wp-content\/uploads\/2021\/09\/84c0da56-e458-40c7-8daf-f260b3c50293.jpg",620,415,false],"landscape":["https:\/\/arantv.az\/wp-content\/uploads\/2021\/09\/84c0da56-e458-40c7-8daf-f260b3c50293.jpg",620,415,false],"portraits":["https:\/\/arantv.az\/wp-content\/uploads\/2021\/09\/84c0da56-e458-40c7-8daf-f260b3c50293.jpg",620,415,false],"thumbnail":["https:\/\/arantv.az\/wp-content\/uploads\/2021\/09\/84c0da56-e458-40c7-8daf-f260b3c50293-500x280.jpg",500,280,true],"medium":["https:\/\/arantv.az\/wp-content\/uploads\/2021\/09\/84c0da56-e458-40c7-8daf-f260b3c50293-545x365.jpg",545,365,true],"large":["https:\/\/arantv.az\/wp-content\/uploads\/2021\/09\/84c0da56-e458-40c7-8daf-f260b3c50293.jpg",620,415,false],"1536x1536":["https:\/\/arantv.az\/wp-content\/uploads\/2021\/09\/84c0da56-e458-40c7-8daf-f260b3c50293.jpg",620,415,false],"2048x2048":["https:\/\/arantv.az\/wp-content\/uploads\/2021\/09\/84c0da56-e458-40c7-8daf-f260b3c50293.jpg",620,415,false],"post-thumbnail":["https:\/\/arantv.az\/wp-content\/uploads\/2021\/09\/84c0da56-e458-40c7-8daf-f260b3c50293-240x172.jpg",240,172,true],"advps-thumb-one":["https:\/\/arantv.az\/wp-content\/uploads\/2021\/09\/84c0da56-e458-40c7-8daf-f260b3c50293.jpg",620,415,false]},"rttpg_author":{"display_name":"V\u00fcsal Rafiqo\u011flu","author_link":"https:\/\/arantv.az\/?author=2"},"rttpg_comment":0,"rttpg_category":"<a href=\"https:\/\/arantv.az\/?cat=26\" rel=\"category\">Sosial<\/a>","rttpg_excerpt":"V\u0259t\u0259n m\u00fcharib\u0259si \u015f\u0259hidl\u0259rinin An\u0131m G\u00fcn\u00fcnd\u0259\u00a0xo\u015fag\u0259lm\u0259z bir hadis\u0259nin ya\u015fand\u0131\u011f\u0131 bar\u0259d\u0259 x\u0259b\u0259r yay\u0131l\u0131b. Sosial \u015f\u0259b\u0259k\u0259l\u0259rd\u0259 yay\u0131lan h\u0259min m\u0259lumatda iddia edilir ki, 27 sentyabrda al q\u0131rm\u0131z\u0131 geyin\u0259n Ab\u015feron Rayon M\u0259rk\u0259zi X\u0259st\u0259xanas\u0131n\u0131n ba\u015f h\u0259kimi Mehriban Qaralova bu libasda an\u0131m t\u0259dbirin\u0259 qat\u0131lmaqla ham\u0131n\u0131 t\u0259\u0259cc\u00fcbl\u0259ndirib. Onun fotolar\u0131 sosial \u015f\u0259b\u0259k\u0259l\u0259rd\u0259 payla\u015f\u0131l\u0131b, n\u0259tic\u0259d\u0259 ba\u015f h\u0259kim\u00a0m\u00fczakir\u0259 m\u00f6vzusuna v\u0259 q\u0131naq obyektin\u0259 \u00e7evirilib. Yay\u0131lan \u015f\u0259kill\u0259rd\u0259n g\u00f6r\u00fcn\u00fcr&hellip;","_links":{"self":[{"href":"https:\/\/arantv.az\/index.php?rest_route=\/wp\/v2\/posts\/383586"}],"collection":[{"href":"https:\/\/arantv.az\/index.php?rest_route=\/wp\/v2\/posts"}],"about":[{"href":"https:\/\/arantv.az\/index.php?rest_route=\/wp\/v2\/types\/post"}],"author":[{"embeddable":true,"href":"https:\/\/arantv.az\/index.php?rest_route=\/wp\/v2\/users\/2"}],"replies":[{"embeddable":true,"href":"https:\/\/arantv.az\/index.php?rest_route=%2Fwp%2Fv2%2Fcomments&post=383586"}],"version-history":[{"count":0,"href":"https:\/\/arantv.az\/index.php?rest_route=\/wp\/v2\/posts\/383586\/revisions"}],"wp:featuredmedia":[{"embeddable":true,"href":"https:\/\/arantv.az\/index.php?rest_route=\/wp\/v2\/media\/383587"}],"wp:attachment":[{"href":"https:\/\/arantv.az\/index.php?rest_route=%2Fwp%2Fv2%2Fmedia&parent=383586"}],"wp:term":[{"taxonomy":"category","embeddable":true,"href":"https:\/\/arantv.az\/index.php?rest_route=%2Fwp%2Fv2%2Fcategories&post=383586"},{"taxonomy":"post_tag","embeddable":true,"href":"https:\/\/arantv.az\/index.php?rest_route=%2Fwp%2Fv2%2Ftags&post=383586"}],"curies":[{"name":"wp","href":"https:\/\/api.w.org\/{rel}","templated":true}]}}