{"id":383883,"date":"2021-09-29T09:54:02","date_gmt":"2021-09-29T06:54:02","guid":{"rendered":"http:\/\/arantv.az\/?p=383883"},"modified":"2021-09-29T09:54:02","modified_gmt":"2021-09-29T06:54:02","slug":"az%c9%99rbaycanin-muharib%c9%99d%c9%99-q%c9%99l%c9%99b%c9%99sinin-%c9%99sas-amill%c9%99rind%c9%99n-biri-bu-idi-konstantin-pominov","status":"publish","type":"post","link":"https:\/\/arantv.az\/?p=383883","title":{"rendered":"Az\u0259rbaycan\u0131n m\u00fcharib\u0259d\u0259 q\u0259l\u0259b\u0259sinin \u0259sas amill\u0259rind\u0259n biri bu idi &#8211; Konstantin Pominov"},"content":{"rendered":"<p><strong>Hakimiyy\u0259tin v\u0259 xalq\u0131n birliyi Az\u0259rbaycan\u0131n 44 g\u00fcnl\u00fck V\u0259t\u0259n m\u00fcharib\u0259sind\u0259 q\u0259l\u0259b\u0259sinin \u0259sas amill\u0259rind\u0259n biri olub.<\/strong><\/p>\n<p>Bunu\u00a0<a href=\"http:\/\/trend.az\/\" target=\"_blank\" rel=\"noopener\">Trend<\/a>-\u0259 Rus Pravloslav kils\u0259sinin Bak\u0131 v\u0259 Az\u0259rbaycan yeparxiyas\u0131n\u0131n m\u0259tbuat katibi, protoierey Konstantin Pominov deyib.<\/p>\n<p>O bildirib ki, sentyabr\u0131n 27-i An\u0131m g\u00fcn\u00fcnd\u0259 Az\u0259rbaycan\u0131n b\u00fct\u00fcn kils\u0259l\u0259rind\u0259, Bak\u0131, G\u0259nc\u0259, Sumqay\u0131t, Xa\u00e7mazda V\u0259t\u0259n m\u00fcharib\u0259sinin i\u015ftirak\u00e7\u0131lar\u0131, \u00f6z canlar\u0131n\u0131 erm\u0259ni i\u015f\u011fal\u0131n\u0131n bitirilm\u0259si \u00fc\u00e7\u00fcn f\u0259da ed\u0259nl\u0259rin xatir\u0259l\u0259ri yad edilib:<\/p>\n<p>&#8220;\u0130kinci Qaraba\u011f m\u00fcharib\u0259sind\u0259 q\u0259l\u0259b\u0259 sevincli hadis\u0259dir, \u00e7\u00fcnki Az\u0259rbaycan \u00f6z \u0259razi b\u00fct\u00f6vl\u00fcy\u00fcn\u00fc b\u0259rpa etdi. Amma bu, h\u0259m d\u0259 \u00f6z\u00fcnd\u0259 itkil\u0259rin a\u011fr\u0131-ac\u0131s\u0131n\u0131 da\u015f\u0131y\u0131r, \u00e7\u00fcnki g\u0259nc o\u011flanlar, \u0259sg\u0259r v\u0259 zabitl\u0259r h\u0259lak oldu. Onlar\u0131n q\u0259hr\u0259manl\u0131qlar\u0131 \u0259b\u0259s deyil, bu say\u0259d\u0259 Az\u0259rbaycan Qaraba\u011f\u0131 qaytard\u0131. Bu qurbanlar Az\u0259rbaycana tarixi torpaqlar\u0131 qaytarma\u011fa imkan verdi v\u0259 indi \u00f6lk\u0259ni g\u00f6z\u0259l inki\u015faf g\u00f6zl\u0259yir. \u018flb\u0259tt\u0259, biz onlar\u0131n ruhlar\u0131na dua edirik, bizim \u00fc\u00e7\u00fcn bu insanlar\u0131n milliy\u0259ti v\u0259 inanc\u0131 \u0259h\u0259miyy\u0259tli deyil. \u00c7\u00fcnki \u0130ncild\u0259 deyilir ki, \u00f6z yax\u0131nlar\u0131 u\u011frunda can\u0131n\u0131 qoymaqdan daha b\u00f6y\u00fck sevgi yoxdur. Bu q\u0259hr\u0259manlar t\u0259kc\u0259 \u00f6z yax\u0131nlar\u0131 \u00fc\u00e7\u00fcn deyil, \u00f6lk\u0259nin v\u0259t\u0259nda\u015flar\u0131, \u00f6z torpa\u011f\u0131 v\u0259 V\u0259t\u0259ni \u00fc\u00e7\u00fcn canlar\u0131n\u0131 qoydu&#8221;.<\/p>\n<p>K.Pominov Az\u0259rbaycanda b\u00fct\u00fcn v\u0259t\u0259nda\u015flar\u0131n bir ail\u0259 kimi ya\u015fad\u0131\u011f\u0131 tolerantl\u0131q v\u0259 multikulturalizm \u0259n\u0259n\u0259l\u0259rini qeyd edib:<\/p>\n<p>&#8220;V\u0259t\u0259n m\u00fcharib\u0259si g\u00fcnl\u0259rind\u0259 h\u0259r k\u0259s \u00f6z do\u011fma torpaqlar\u0131n\u0131 erm\u0259ni t\u0259cav\u00fczkarlar\u0131ndan qoruma\u011fa qalxd\u0131. Xalq birliyi \u00f6z b\u0259hr\u0259sini verir. M\u00fcst\u0259qillik d\u00f6vr\u00fcnd\u0259 Az\u0259rbaycanda he\u00e7 bir mill\u0259tl\u0259raras\u0131 v\u0259 m\u0259zh\u0259bl\u0259raras\u0131 m\u00fcnaqi\u015f\u0259 ba\u015f verm\u0259yib. Az\u0259rbaycan s\u00fclh i\u00e7ind\u0259 ya\u015fay\u0131r, \u00f6lk\u0259d\u0259 b\u00fct\u00fcn dinl\u0259rin v\u0259 mill\u0259ttl\u0259rin n\u00fcmamay\u0259nd\u0259lri aras\u0131nda dostluq v\u0259 mehriban qon\u015fuluq m\u00fchiti h\u00f6km s\u00fcr\u00fcr, \u00f6lk\u0259nin b\u00fct\u00fcn icmalar\u0131 aras\u0131nda \u00e7ox yax\u015f\u0131 m\u00fcnasib\u0259tl\u0259r m\u00f6vcuddur. Ham\u0131m\u0131z bir il \u0259vv\u0259l milliy\u0259tind\u0259n v\u0259 inanc\u0131ndan as\u0131l\u0131 olmayaraq b\u00fct\u00fcn v\u0259t\u0259nda\u015flar\u0131n \u00f6z torpaqlar\u0131n\u0131n t\u0259cav\u00fczkarlardan qoruma\u011fa qalxd\u0131\u011f\u0131n\u0131 xat\u0131rlay\u0131r\u0131q. H\u0259rbi komissarl\u0131qlarda k\u00f6n\u00fcll\u00fcl\u0259rd\u0259n ibar\u0259t iri n\u00f6vb\u0259l\u0259r var idi. Az\u0259rbaycan ordusunun h\u0259rb\u00e7il\u0259ri son damla qanlar\u0131na q\u0259d\u0259r d\u00f6y\u00fc\u015f\u0259r\u0259l do\u011fma torpaqlar\u0131 m\u00fcdafi\u0259 edirdi&#8221;.<\/p>\n<p>O xat\u0131rlad\u0131b ki, birinci Qaraba\u011f m\u00fcharib\u0259sind\u0259 \u00f6z V\u0259t\u0259nl\u0259ri, Az\u0259rbaycan \u00fc\u00e7\u00fcn \u00e7ox sayda rus, pravoslav xristian d\u00f6y\u00fc\u015f\u00fcrd\u00fc. Onlar\u0131n s\u0131ras\u0131nda Az\u0259rbaycan\u0131n Milli q\u0259hr\u0259manlar\u0131 olmu\u015f Yuri Kovalyov v\u0259 \u0130qor Makeyev olub. \u0130kinci Qaraba\u011f m\u00fcharib\u0259sind\u0259 Denis Pronin v\u0259 Dmitri Solntsev h\u0259lak olub, dig\u0259r q\u0259hr\u0259manlar d\u00f6y\u00fc\u015f medallar\u0131 il\u0259 t\u0259ltif edilib:<\/p>\n<p>&#8220;Milliy\u0259tind\u0259n v\u0259 inanc\u0131ndan as\u0131l\u0131 olmayaraq h\u0259lak olmu\u015f b\u00fct\u00fcn d\u00f6y\u00fc\u015f\u00e7\u00fcl\u0259r, V\u0259t\u0259n u\u011frunda can\u0131n\u0131 vermi\u015f h\u0259r k\u0259s bizim q\u0259lbimizd\u0259 \u0259b\u0259di ya\u015fayacaq. Biz h\u0259r zaman onlar\u0131n ruhuna dua ed\u0259c\u0259yik, onlar indiki g\u0259nclik v\u0259 g\u0259l\u0259c\u0259k n\u0259sill\u0259r \u00fc\u00e7\u00fcn n\u00fcmun\u0259 olacaq. \u015e\u0259hidl\u0259rin, V\u0259t\u0259n m\u00fcharib\u0259sinin q\u0259hr\u0259manlar\u0131n\u0131n xatir\u0259si \u0259b\u0259di ya\u015fayacaq&#8221;.<\/p>\n","protected":false},"excerpt":{"rendered":"<p>Hakimiyy\u0259tin v\u0259 xalq\u0131n birliyi Az\u0259rbaycan\u0131n 44 g\u00fcnl\u00fck V\u0259t\u0259n m\u00fcharib\u0259sind\u0259 q\u0259l\u0259b\u0259sinin \u0259sas amill\u0259rind\u0259n biri olub. Bunu\u00a0Trend-\u0259 Rus Pravloslav kils\u0259sinin Bak\u0131 v\u0259 Az\u0259rbaycan yeparxiyas\u0131n\u0131n m\u0259tbuat katibi, protoierey Konstantin Pominov deyib. O bildirib ki, sentyabr\u0131n 27-i An\u0131m g\u00fcn\u00fcnd\u0259 Az\u0259rbaycan\u0131n b\u00fct\u00fcn kils\u0259l\u0259rind\u0259, Bak\u0131, G\u0259nc\u0259, Sumqay\u0131t, Xa\u00e7mazda V\u0259t\u0259n m\u00fcharib\u0259sinin i\u015ftirak\u00e7\u0131lar\u0131, \u00f6z canlar\u0131n\u0131 erm\u0259ni i\u015f\u011fal\u0131n\u0131n bitirilm\u0259si \u00fc\u00e7\u00fcn f\u0259da ed\u0259nl\u0259rin xatir\u0259l\u0259ri yad edilib: &#8220;\u0130kinci Qaraba\u011f m\u00fcharib\u0259sind\u0259 q\u0259l\u0259b\u0259 sevincli hadis\u0259dir, \u00e7\u00fcnki Az\u0259rbaycan \u00f6z \u0259razi b\u00fct\u00f6vl\u00fcy\u00fcn\u00fc b\u0259rpa etdi. Amma bu, h\u0259m d\u0259 \u00f6z\u00fcnd\u0259 itkil\u0259rin a\u011fr\u0131-ac\u0131s\u0131n\u0131 da\u015f\u0131y\u0131r, \u00e7\u00fcnki g\u0259nc o\u011flanlar, \u0259sg\u0259r v\u0259 zabitl\u0259r h\u0259lak oldu. Onlar\u0131n q\u0259hr\u0259manl\u0131qlar\u0131 \u0259b\u0259s deyil, bu&hellip;<\/p>\n","protected":false},"author":2,"featured_media":383884,"comment_status":"closed","ping_status":"closed","sticky":false,"template":"","format":"standard","meta":{"om_disable_all_campaigns":false,"_monsterinsights_skip_tracking":false,"_monsterinsights_sitenote_active":false,"_monsterinsights_sitenote_note":"","_monsterinsights_sitenote_category":0},"categories":[4],"tags":[],"aioseo_notices":[],"gutentor_comment":0,"rttpg_featured_image_url":{"full":["https:\/\/arantv.az\/wp-content\/uploads\/2021\/09\/983482.jpg",800,600,false],"landscape":["https:\/\/arantv.az\/wp-content\/uploads\/2021\/09\/983482.jpg",800,600,false],"portraits":["https:\/\/arantv.az\/wp-content\/uploads\/2021\/09\/983482.jpg",800,600,false],"thumbnail":["https:\/\/arantv.az\/wp-content\/uploads\/2021\/09\/983482-500x280.jpg",500,280,true],"medium":["https:\/\/arantv.az\/wp-content\/uploads\/2021\/09\/983482-487x365.jpg",487,365,true],"large":["https:\/\/arantv.az\/wp-content\/uploads\/2021\/09\/983482.jpg",640,480,false],"1536x1536":["https:\/\/arantv.az\/wp-content\/uploads\/2021\/09\/983482.jpg",800,600,false],"2048x2048":["https:\/\/arantv.az\/wp-content\/uploads\/2021\/09\/983482.jpg",800,600,false],"post-thumbnail":["https:\/\/arantv.az\/wp-content\/uploads\/2021\/09\/983482-240x172.jpg",240,172,true],"advps-thumb-one":["https:\/\/arantv.az\/wp-content\/uploads\/2021\/09\/983482.jpg",800,600,false]},"rttpg_author":{"display_name":"V\u00fcsal Rafiqo\u011flu","author_link":"https:\/\/arantv.az\/?author=2"},"rttpg_comment":0,"rttpg_category":"<a href=\"https:\/\/arantv.az\/?cat=4\" rel=\"category\">Siyas\u0259t<\/a>","rttpg_excerpt":"Hakimiyy\u0259tin v\u0259 xalq\u0131n birliyi Az\u0259rbaycan\u0131n 44 g\u00fcnl\u00fck V\u0259t\u0259n m\u00fcharib\u0259sind\u0259 q\u0259l\u0259b\u0259sinin \u0259sas amill\u0259rind\u0259n biri olub. Bunu\u00a0Trend-\u0259 Rus Pravloslav kils\u0259sinin Bak\u0131 v\u0259 Az\u0259rbaycan yeparxiyas\u0131n\u0131n m\u0259tbuat katibi, protoierey Konstantin Pominov deyib. O bildirib ki, sentyabr\u0131n 27-i An\u0131m g\u00fcn\u00fcnd\u0259 Az\u0259rbaycan\u0131n b\u00fct\u00fcn kils\u0259l\u0259rind\u0259, Bak\u0131, G\u0259nc\u0259, Sumqay\u0131t, Xa\u00e7mazda V\u0259t\u0259n m\u00fcharib\u0259sinin i\u015ftirak\u00e7\u0131lar\u0131, \u00f6z canlar\u0131n\u0131 erm\u0259ni i\u015f\u011fal\u0131n\u0131n bitirilm\u0259si \u00fc\u00e7\u00fcn f\u0259da ed\u0259nl\u0259rin xatir\u0259l\u0259ri yad&hellip;","_links":{"self":[{"href":"https:\/\/arantv.az\/index.php?rest_route=\/wp\/v2\/posts\/383883"}],"collection":[{"href":"https:\/\/arantv.az\/index.php?rest_route=\/wp\/v2\/posts"}],"about":[{"href":"https:\/\/arantv.az\/index.php?rest_route=\/wp\/v2\/types\/post"}],"author":[{"embeddable":true,"href":"https:\/\/arantv.az\/index.php?rest_route=\/wp\/v2\/users\/2"}],"replies":[{"embeddable":true,"href":"https:\/\/arantv.az\/index.php?rest_route=%2Fwp%2Fv2%2Fcomments&post=383883"}],"version-history":[{"count":0,"href":"https:\/\/arantv.az\/index.php?rest_route=\/wp\/v2\/posts\/383883\/revisions"}],"wp:featuredmedia":[{"embeddable":true,"href":"https:\/\/arantv.az\/index.php?rest_route=\/wp\/v2\/media\/383884"}],"wp:attachment":[{"href":"https:\/\/arantv.az\/index.php?rest_route=%2Fwp%2Fv2%2Fmedia&parent=383883"}],"wp:term":[{"taxonomy":"category","embeddable":true,"href":"https:\/\/arantv.az\/index.php?rest_route=%2Fwp%2Fv2%2Fcategories&post=383883"},{"taxonomy":"post_tag","embeddable":true,"href":"https:\/\/arantv.az\/index.php?rest_route=%2Fwp%2Fv2%2Ftags&post=383883"}],"curies":[{"name":"wp","href":"https:\/\/api.w.org\/{rel}","templated":true}]}}