{"id":383932,"date":"2021-09-29T10:32:19","date_gmt":"2021-09-29T07:32:19","guid":{"rendered":"http:\/\/arantv.az\/?p=383932"},"modified":"2021-09-29T10:32:19","modified_gmt":"2021-09-29T07:32:19","slug":"ramiz-mehdiyevin-iscisind%c9%99n-imam-aciqlamasi-h%c9%99r-basdanxaraba-cavab-vermirik","status":"publish","type":"post","link":"https:\/\/arantv.az\/?p=383932","title":{"rendered":"Ramiz Mehdiyevin i\u015f\u00e7isind\u0259n \u201cimam\u201d a\u00e7\u0131qlamas\u0131: \u201cH\u0259r ba\u015fdanxaraba cavab vermirik\u201d"},"content":{"rendered":"<p>Az\u0259rbaycan Milli Elml\u0259r Akademiyas\u0131n\u0131n (AMEA) i\u015f\u00e7isi olan xan\u0131ma 13-c\u00fc imam oldu\u011funu \u201ct\u0259sdiql\u0259y\u0259n\u201d \u201csertifikat\u201d verilm\u0259si il\u0259 ba\u011fl\u0131 m\u0259s\u0259l\u0259y\u0259 AMEA-n\u0131n m\u00fcnasib\u0259ti b\u0259lli olub.<\/p>\n<p><strong>ARANTV.AZ<\/strong>\u00a0x\u0259b\u0259r verir ki, AMEA-n\u0131n \u0130ctimaiyy\u0259tl\u0259 \u0259laq\u0259l\u0259r v\u0259 analitik informasiya sektoruna m\u00fcdiri Leyli Namiqq\u0131z\u0131 Oxu.Az-a a\u00e7\u0131qlamas\u0131nda bildirib ki, m\u0259s\u0259l\u0259 il\u0259 ba\u011fl\u0131 he\u00e7 bir a\u00e7\u0131qlama verilm\u0259y\u0259c\u0259k:<\/p>\n<p>\u201cH\u0259r ba\u015fdanxarab durub bir \u015fey yazacaq v\u0259 bu boyda akademiya ona cavab verm\u0259k m\u0259cburiyy\u0259tind\u0259 deyil\u201d.<\/p>\n<p><strong>Qeyd ed\u0259k ki,<\/strong>\u00a0v\u0259kil Aqil Lay\u0131c bildirib ki, AMEA-n\u0131n i\u015f\u00e7isi olan xan\u0131ma 13-c\u00fc imam oldu\u011funu \u201ct\u0259sdiql\u0259y\u0259n\u201d \u201csertifikat\u201d verilib.<\/p>\n<p>M\u0259lumata g\u00f6r\u0259, \u00f6nc\u0259 xan\u0131m\u0131 inand\u0131r\u0131blar ki, s\u0259nd\u0259 qeyri-adi s\u0259mavi istedad var, adi insan deyils\u0259n. Xan\u0131m da do\u011fru oldu\u011funu d\u00fc\u015f\u00fcn\u00fcb, buna inan\u0131b. R\u0259smil\u0259\u015fdirm\u0259ni t\u0259l\u0259b edib, n\u0259tic\u0259d\u0259 sertifikasiya edibl\u0259r.<\/p>\n<p>\u201cHaz\u0131rda i\u015f \u00fczr\u0259 istintaq apar\u0131l\u0131r. Qad\u0131na qar\u015f\u0131 d\u0259l\u0259duzluq ed\u0259n \u015f\u0259xsl\u0259rin i\u015fi m\u0259hk\u0259m\u0259y\u0259 g\u00f6nd\u0259ril\u0259c\u0259k. \u201cSertifikat\u201d\u0131n verilm\u0259si \u00fc\u00e7\u00fcn AMEA i\u015f\u00e7isind\u0259n m\u00fc\u0259yy\u0259n miqdarda pul da al\u0131blar\u201d, &#8211; A.Lay\u0131c qeyd edib.<\/p>\n<p>Xat\u0131rladaq ki, AMEA-n\u0131n prezidenti Ramiz Mehdiyevdir.<\/p>\n","protected":false},"excerpt":{"rendered":"<p>Az\u0259rbaycan Milli Elml\u0259r Akademiyas\u0131n\u0131n (AMEA) i\u015f\u00e7isi olan xan\u0131ma 13-c\u00fc imam oldu\u011funu \u201ct\u0259sdiql\u0259y\u0259n\u201d \u201csertifikat\u201d verilm\u0259si il\u0259 ba\u011fl\u0131 m\u0259s\u0259l\u0259y\u0259 AMEA-n\u0131n m\u00fcnasib\u0259ti b\u0259lli olub. ARANTV.AZ\u00a0x\u0259b\u0259r verir ki, AMEA-n\u0131n \u0130ctimaiyy\u0259tl\u0259 \u0259laq\u0259l\u0259r v\u0259 analitik informasiya sektoruna m\u00fcdiri Leyli Namiqq\u0131z\u0131 Oxu.Az-a a\u00e7\u0131qlamas\u0131nda bildirib ki, m\u0259s\u0259l\u0259 il\u0259 ba\u011fl\u0131 he\u00e7 bir a\u00e7\u0131qlama verilm\u0259y\u0259c\u0259k: \u201cH\u0259r ba\u015fdanxarab durub bir \u015fey yazacaq v\u0259 bu boyda akademiya ona cavab verm\u0259k m\u0259cburiyy\u0259tind\u0259 deyil\u201d. Qeyd ed\u0259k ki,\u00a0v\u0259kil Aqil Lay\u0131c bildirib ki, AMEA-n\u0131n i\u015f\u00e7isi olan xan\u0131ma 13-c\u00fc imam oldu\u011funu \u201ct\u0259sdiql\u0259y\u0259n\u201d \u201csertifikat\u201d verilib. M\u0259lumata g\u00f6r\u0259, \u00f6nc\u0259 xan\u0131m\u0131 inand\u0131r\u0131blar ki, s\u0259nd\u0259 qeyri-adi s\u0259mavi istedad var, adi insan&hellip;<\/p>\n","protected":false},"author":2,"featured_media":383933,"comment_status":"closed","ping_status":"closed","sticky":false,"template":"","format":"standard","meta":{"om_disable_all_campaigns":false,"_monsterinsights_skip_tracking":false,"_monsterinsights_sitenote_active":false,"_monsterinsights_sitenote_note":"","_monsterinsights_sitenote_category":0},"categories":[19],"tags":[],"aioseo_notices":[],"gutentor_comment":0,"rttpg_featured_image_url":{"full":["https:\/\/arantv.az\/wp-content\/uploads\/2021\/09\/ee8057687959824208800d601d26a548.jpg",450,300,false],"landscape":["https:\/\/arantv.az\/wp-content\/uploads\/2021\/09\/ee8057687959824208800d601d26a548.jpg",450,300,false],"portraits":["https:\/\/arantv.az\/wp-content\/uploads\/2021\/09\/ee8057687959824208800d601d26a548.jpg",450,300,false],"thumbnail":["https:\/\/arantv.az\/wp-content\/uploads\/2021\/09\/ee8057687959824208800d601d26a548-450x280.jpg",450,280,true],"medium":["https:\/\/arantv.az\/wp-content\/uploads\/2021\/09\/ee8057687959824208800d601d26a548.jpg",450,300,false],"large":["https:\/\/arantv.az\/wp-content\/uploads\/2021\/09\/ee8057687959824208800d601d26a548.jpg",450,300,false],"1536x1536":["https:\/\/arantv.az\/wp-content\/uploads\/2021\/09\/ee8057687959824208800d601d26a548.jpg",450,300,false],"2048x2048":["https:\/\/arantv.az\/wp-content\/uploads\/2021\/09\/ee8057687959824208800d601d26a548.jpg",450,300,false],"post-thumbnail":["https:\/\/arantv.az\/wp-content\/uploads\/2021\/09\/ee8057687959824208800d601d26a548-240x172.jpg",240,172,true],"advps-thumb-one":["https:\/\/arantv.az\/wp-content\/uploads\/2021\/09\/ee8057687959824208800d601d26a548.jpg",450,300,false]},"rttpg_author":{"display_name":"V\u00fcsal Rafiqo\u011flu","author_link":"https:\/\/arantv.az\/?author=2"},"rttpg_comment":0,"rttpg_category":"<a href=\"https:\/\/arantv.az\/?cat=19\" rel=\"category\">G\u00fcnd\u0259m<\/a>","rttpg_excerpt":"Az\u0259rbaycan Milli Elml\u0259r Akademiyas\u0131n\u0131n (AMEA) i\u015f\u00e7isi olan xan\u0131ma 13-c\u00fc imam oldu\u011funu \u201ct\u0259sdiql\u0259y\u0259n\u201d \u201csertifikat\u201d verilm\u0259si il\u0259 ba\u011fl\u0131 m\u0259s\u0259l\u0259y\u0259 AMEA-n\u0131n m\u00fcnasib\u0259ti b\u0259lli olub. ARANTV.AZ\u00a0x\u0259b\u0259r verir ki, AMEA-n\u0131n \u0130ctimaiyy\u0259tl\u0259 \u0259laq\u0259l\u0259r v\u0259 analitik informasiya sektoruna m\u00fcdiri Leyli Namiqq\u0131z\u0131 Oxu.Az-a a\u00e7\u0131qlamas\u0131nda bildirib ki, m\u0259s\u0259l\u0259 il\u0259 ba\u011fl\u0131 he\u00e7 bir a\u00e7\u0131qlama verilm\u0259y\u0259c\u0259k: \u201cH\u0259r ba\u015fdanxarab durub bir \u015fey yazacaq v\u0259 bu boyda akademiya&hellip;","_links":{"self":[{"href":"https:\/\/arantv.az\/index.php?rest_route=\/wp\/v2\/posts\/383932"}],"collection":[{"href":"https:\/\/arantv.az\/index.php?rest_route=\/wp\/v2\/posts"}],"about":[{"href":"https:\/\/arantv.az\/index.php?rest_route=\/wp\/v2\/types\/post"}],"author":[{"embeddable":true,"href":"https:\/\/arantv.az\/index.php?rest_route=\/wp\/v2\/users\/2"}],"replies":[{"embeddable":true,"href":"https:\/\/arantv.az\/index.php?rest_route=%2Fwp%2Fv2%2Fcomments&post=383932"}],"version-history":[{"count":0,"href":"https:\/\/arantv.az\/index.php?rest_route=\/wp\/v2\/posts\/383932\/revisions"}],"wp:featuredmedia":[{"embeddable":true,"href":"https:\/\/arantv.az\/index.php?rest_route=\/wp\/v2\/media\/383933"}],"wp:attachment":[{"href":"https:\/\/arantv.az\/index.php?rest_route=%2Fwp%2Fv2%2Fmedia&parent=383932"}],"wp:term":[{"taxonomy":"category","embeddable":true,"href":"https:\/\/arantv.az\/index.php?rest_route=%2Fwp%2Fv2%2Fcategories&post=383932"},{"taxonomy":"post_tag","embeddable":true,"href":"https:\/\/arantv.az\/index.php?rest_route=%2Fwp%2Fv2%2Ftags&post=383932"}],"curies":[{"name":"wp","href":"https:\/\/api.w.org\/{rel}","templated":true}]}}