{"id":383961,"date":"2021-09-29T10:54:03","date_gmt":"2021-09-29T07:54:03","guid":{"rendered":"http:\/\/arantv.az\/?p=383961"},"modified":"2021-09-29T10:54:03","modified_gmt":"2021-09-29T07:54:03","slug":"daha-bir-universitetd%c9%99-covid-19-pasportu-izdihami-aciqlama-video","status":"publish","type":"post","link":"https:\/\/arantv.az\/?p=383961","title":{"rendered":"Daha bir universitetd\u0259 COVID-19 pasportu izdiham\u0131 &#8211; A\u00c7IQLAMA + V\u0130DEO"},"content":{"rendered":"<p>Daha bir universitetin qar\u015f\u0131s\u0131nda t\u0259l\u0259b\u0259l\u0259rin v\u0259 \u0259m\u0259kda\u015flar\u0131n COVID-19 pasportunun yoxlan\u0131lmas\u0131 zaman\u0131 qap\u0131da s\u0131xl\u0131q yaran\u0131b.<\/p>\n<p><strong>ARANTV.AZ-<\/strong>\u0131n m\u0259lumat\u0131na g\u00f6r\u0259, sosial \u015f\u0259b\u0259k\u0259l\u0259rd\u0259 Az\u0259rbaycan Dill\u0259r Universitetinin qar\u015f\u0131s\u0131nda s\u0131xl\u0131\u011f\u0131n yaranmas\u0131 bar\u0259d\u0259 videog\u00f6r\u00fcnt\u00fc yay\u0131l\u0131b.<\/p>\n<p>Az\u0259rbaycan Dill\u0259r Universitetind\u0259n sayt\u0131m\u0131za bildirilib ki, payla\u015f\u0131lan g\u00f6r\u00fcnt\u00fcl\u0259rd\u0259ki \u015f\u0259xsl\u0259r universitetin inzibati binas\u0131na burax\u0131lmayan valideynl\u0259rdir.<\/p>\n<div id=\"AdviadNativeVideo0\" class=\"AdviadNativeVideo\"><\/div>\n<p>Qeyd ed\u0259k ki, sentyabr\u0131n 29-dan Az\u0259rbaycanda f\u0259aliyy\u0259t g\u00f6st\u0259r\u0259n ali t\u0259hsil m\u00fc\u0259ssis\u0259l\u0259rind\u0259 \u0259n\u0259n\u0259vi \u015f\u0259kild\u0259 t\u0259dris\u0259 ba\u015flan\u0131l\u0131r. Universitetl\u0259rd\u0259 t\u0259l\u0259b\u0259l\u0259rin v\u0259 \u0259m\u0259kda\u015flar\u0131n COVID-19 pasportunun yoxlan\u0131lmas\u0131 prosesi qap\u0131da xaosun yaranmas\u0131na s\u0259b\u0259b olub.<\/p>\n<p>Xat\u0131rladaq ki, ali v\u0259 orta-ixtisas t\u0259hsili m\u00fc\u0259ssis\u0259sind\u0259 t\u0259hsil alan ya\u015f\u0131 18-d\u0259n yuxar\u0131 olan b\u00fct\u00fcn \u015f\u0259xsl\u0259rd\u0259n COVID-19 pasportu, COVID-19-a qar\u015f\u0131 peyv\u0259nd sertifikat\u0131 v\u0259 ya COVID-19-a qar\u015f\u0131 immunitet sertifikat\u0131 t\u0259l\u0259b edilir.<\/p>\n<div><iframe loading=\"lazy\" src=\"https:\/\/www.facebook.com\/plugins\/video.php?height=308&amp;href=https%3A%2F%2Fwww.facebook.com%2Fazxeberler%2Fvideos%2F549648856096451%2F&amp;show_text=false&amp;width=560&amp;t=0\" width=\"560\" height=\"308\" frameborder=\"0\" scrolling=\"no\" allowfullscreen=\"allowfullscreen\" data-mce-fragment=\"1\"><\/iframe><\/div>\n<p>&nbsp;<\/p>\n","protected":false},"excerpt":{"rendered":"<p>Daha bir universitetin qar\u015f\u0131s\u0131nda t\u0259l\u0259b\u0259l\u0259rin v\u0259 \u0259m\u0259kda\u015flar\u0131n COVID-19 pasportunun yoxlan\u0131lmas\u0131 zaman\u0131 qap\u0131da s\u0131xl\u0131q yaran\u0131b. ARANTV.AZ-\u0131n m\u0259lumat\u0131na g\u00f6r\u0259, sosial \u015f\u0259b\u0259k\u0259l\u0259rd\u0259 Az\u0259rbaycan Dill\u0259r Universitetinin qar\u015f\u0131s\u0131nda s\u0131xl\u0131\u011f\u0131n yaranmas\u0131 bar\u0259d\u0259 videog\u00f6r\u00fcnt\u00fc yay\u0131l\u0131b. Az\u0259rbaycan Dill\u0259r Universitetind\u0259n sayt\u0131m\u0131za bildirilib ki, payla\u015f\u0131lan g\u00f6r\u00fcnt\u00fcl\u0259rd\u0259ki \u015f\u0259xsl\u0259r universitetin inzibati binas\u0131na burax\u0131lmayan valideynl\u0259rdir. Qeyd ed\u0259k ki, sentyabr\u0131n 29-dan Az\u0259rbaycanda f\u0259aliyy\u0259t g\u00f6st\u0259r\u0259n ali t\u0259hsil m\u00fc\u0259ssis\u0259l\u0259rind\u0259 \u0259n\u0259n\u0259vi \u015f\u0259kild\u0259 t\u0259dris\u0259 ba\u015flan\u0131l\u0131r. Universitetl\u0259rd\u0259 t\u0259l\u0259b\u0259l\u0259rin v\u0259 \u0259m\u0259kda\u015flar\u0131n COVID-19 pasportunun yoxlan\u0131lmas\u0131 prosesi qap\u0131da xaosun yaranmas\u0131na s\u0259b\u0259b olub. Xat\u0131rladaq ki, ali v\u0259 orta-ixtisas t\u0259hsili m\u00fc\u0259ssis\u0259sind\u0259 t\u0259hsil alan ya\u015f\u0131 18-d\u0259n yuxar\u0131 olan b\u00fct\u00fcn \u015f\u0259xsl\u0259rd\u0259n COVID-19 pasportu, COVID-19-a qar\u015f\u0131 peyv\u0259nd&hellip;<\/p>\n","protected":false},"author":2,"featured_media":383962,"comment_status":"closed","ping_status":"closed","sticky":false,"template":"","format":"standard","meta":{"om_disable_all_campaigns":false,"_monsterinsights_skip_tracking":false,"_monsterinsights_sitenote_active":false,"_monsterinsights_sitenote_note":"","_monsterinsights_sitenote_category":0},"categories":[26],"tags":[],"aioseo_notices":[],"gutentor_comment":0,"rttpg_featured_image_url":{"full":["https:\/\/arantv.az\/wp-content\/uploads\/2021\/09\/243230256_3056068494671840_1048798393019280158_n.jpg",590,465,false],"landscape":["https:\/\/arantv.az\/wp-content\/uploads\/2021\/09\/243230256_3056068494671840_1048798393019280158_n.jpg",590,465,false],"portraits":["https:\/\/arantv.az\/wp-content\/uploads\/2021\/09\/243230256_3056068494671840_1048798393019280158_n.jpg",590,465,false],"thumbnail":["https:\/\/arantv.az\/wp-content\/uploads\/2021\/09\/243230256_3056068494671840_1048798393019280158_n-500x280.jpg",500,280,true],"medium":["https:\/\/arantv.az\/wp-content\/uploads\/2021\/09\/243230256_3056068494671840_1048798393019280158_n-463x365.jpg",463,365,true],"large":["https:\/\/arantv.az\/wp-content\/uploads\/2021\/09\/243230256_3056068494671840_1048798393019280158_n.jpg",590,465,false],"1536x1536":["https:\/\/arantv.az\/wp-content\/uploads\/2021\/09\/243230256_3056068494671840_1048798393019280158_n.jpg",590,465,false],"2048x2048":["https:\/\/arantv.az\/wp-content\/uploads\/2021\/09\/243230256_3056068494671840_1048798393019280158_n.jpg",590,465,false],"post-thumbnail":["https:\/\/arantv.az\/wp-content\/uploads\/2021\/09\/243230256_3056068494671840_1048798393019280158_n-240x172.jpg",240,172,true],"advps-thumb-one":["https:\/\/arantv.az\/wp-content\/uploads\/2021\/09\/243230256_3056068494671840_1048798393019280158_n.jpg",590,465,false]},"rttpg_author":{"display_name":"V\u00fcsal Rafiqo\u011flu","author_link":"https:\/\/arantv.az\/?author=2"},"rttpg_comment":0,"rttpg_category":"<a href=\"https:\/\/arantv.az\/?cat=26\" rel=\"category\">Sosial<\/a>","rttpg_excerpt":"Daha bir universitetin qar\u015f\u0131s\u0131nda t\u0259l\u0259b\u0259l\u0259rin v\u0259 \u0259m\u0259kda\u015flar\u0131n COVID-19 pasportunun yoxlan\u0131lmas\u0131 zaman\u0131 qap\u0131da s\u0131xl\u0131q yaran\u0131b. ARANTV.AZ-\u0131n m\u0259lumat\u0131na g\u00f6r\u0259, sosial \u015f\u0259b\u0259k\u0259l\u0259rd\u0259 Az\u0259rbaycan Dill\u0259r Universitetinin qar\u015f\u0131s\u0131nda s\u0131xl\u0131\u011f\u0131n yaranmas\u0131 bar\u0259d\u0259 videog\u00f6r\u00fcnt\u00fc yay\u0131l\u0131b. Az\u0259rbaycan Dill\u0259r Universitetind\u0259n sayt\u0131m\u0131za bildirilib ki, payla\u015f\u0131lan g\u00f6r\u00fcnt\u00fcl\u0259rd\u0259ki \u015f\u0259xsl\u0259r universitetin inzibati binas\u0131na burax\u0131lmayan valideynl\u0259rdir. Qeyd ed\u0259k ki, sentyabr\u0131n 29-dan Az\u0259rbaycanda f\u0259aliyy\u0259t g\u00f6st\u0259r\u0259n ali t\u0259hsil m\u00fc\u0259ssis\u0259l\u0259rind\u0259 \u0259n\u0259n\u0259vi \u015f\u0259kild\u0259&hellip;","_links":{"self":[{"href":"https:\/\/arantv.az\/index.php?rest_route=\/wp\/v2\/posts\/383961"}],"collection":[{"href":"https:\/\/arantv.az\/index.php?rest_route=\/wp\/v2\/posts"}],"about":[{"href":"https:\/\/arantv.az\/index.php?rest_route=\/wp\/v2\/types\/post"}],"author":[{"embeddable":true,"href":"https:\/\/arantv.az\/index.php?rest_route=\/wp\/v2\/users\/2"}],"replies":[{"embeddable":true,"href":"https:\/\/arantv.az\/index.php?rest_route=%2Fwp%2Fv2%2Fcomments&post=383961"}],"version-history":[{"count":0,"href":"https:\/\/arantv.az\/index.php?rest_route=\/wp\/v2\/posts\/383961\/revisions"}],"wp:featuredmedia":[{"embeddable":true,"href":"https:\/\/arantv.az\/index.php?rest_route=\/wp\/v2\/media\/383962"}],"wp:attachment":[{"href":"https:\/\/arantv.az\/index.php?rest_route=%2Fwp%2Fv2%2Fmedia&parent=383961"}],"wp:term":[{"taxonomy":"category","embeddable":true,"href":"https:\/\/arantv.az\/index.php?rest_route=%2Fwp%2Fv2%2Fcategories&post=383961"},{"taxonomy":"post_tag","embeddable":true,"href":"https:\/\/arantv.az\/index.php?rest_route=%2Fwp%2Fv2%2Ftags&post=383961"}],"curies":[{"name":"wp","href":"https:\/\/api.w.org\/{rel}","templated":true}]}}