{"id":383967,"date":"2021-09-29T10:56:11","date_gmt":"2021-09-29T07:56:11","guid":{"rendered":"http:\/\/arantv.az\/?p=383967"},"modified":"2021-09-29T10:56:11","modified_gmt":"2021-09-29T07:56:11","slug":"az%c9%99rbaycandan-turkiy%c9%99y%c9%99-diri-heyvan-v%c9%99-heyvan-m%c9%99hsullari-ixrac-edil%c9%99-bil%c9%99r","status":"publish","type":"post","link":"https:\/\/arantv.az\/?p=383967","title":{"rendered":"Az\u0259rbaycandan T\u00fcrkiy\u0259y\u0259 diri heyvan v\u0259 heyvan m\u0259hsullar\u0131 ixrac edil\u0259 bil\u0259r"},"content":{"rendered":"<p>Az\u0259rbaycandan T\u00fcrkiy\u0259y\u0259 diri heyvan v\u0259 heyvan m\u0259hsullar\u0131n\u0131n ixrac imkanlar\u0131 il\u0259 ba\u011fl\u0131 m\u00fczakir\u0259 olunub.<\/p>\n<p>AQTA-dan &#8220;\u0130ki sahil&#8221;\u0259 veril\u0259n m\u0259lumata g\u00f6r\u0259, bu bar\u0259d\u0259 m\u00fczakir\u0259l\u0259r Az\u0259rbaycan Qida T\u0259hl\u00fck\u0259sizliyi Agentliyinin (AQTA) s\u0259dri Qo\u015fqar T\u0259hm\u0259zlinin r\u0259hb\u0259rlik etdiyi n\u00fcmay\u0259nd\u0259 hey\u0259tinin T\u00fcrkiy\u0259y\u0259 r\u0259smi s\u0259f\u0259ri \u00e7\u0259r\u00e7iv\u0259sind\u0259 bu \u00f6lk\u0259nin k\u0259nd t\u0259s\u0259rr\u00fcfat\u0131 v\u0259 me\u015f\u0259\u00e7ilik naziri il\u0259 g\u00f6r\u00fc\u015f\u00fcnd\u0259 apar\u0131l\u0131b.<\/p>\n<p>G\u00f6r\u00fc\u015f \u00e7\u0259r\u00e7iv\u0259sind\u0259 qida t\u0259hl\u00fck\u0259sizliyi sah\u0259sind\u0259 iki \u00f6lk\u0259 aras\u0131nda \u0259m\u0259kda\u015fl\u0131\u011f\u0131n daha da geni\u015fl\u0259ndirilm\u0259si m\u0259qs\u0259dil\u0259 normativ h\u00fcquqi bazan\u0131n t\u0259kmill\u0259\u015fdirilm\u0259si, \u201cAz\u0259rbaycan Respublikas\u0131 H\u00f6kum\u0259ti il\u0259 T\u00fcrkiy\u0259 Respublikas\u0131 H\u00f6kum\u0259ti aras\u0131nda baytarl\u0131q sah\u0259sind\u0259 \u0259m\u0259kda\u015fl\u0131q \u00fczr\u0259 Sazi\u015f\u201din v\u0259 \u201cAz\u0259rbaycan Respublikas\u0131 H\u00f6kum\u0259ti il\u0259 T\u00fcrkiy\u0259 Respublikas\u0131 H\u00f6kum\u0259ti aras\u0131nda bitki m\u00fchafiz\u0259si v\u0259 karantini sah\u0259sind\u0259 \u0259m\u0259kda\u015fl\u0131q \u00fczr\u0259 Sazi\u015f\u201din imzalanmas\u0131 prosesinin s\u00fcr\u0259tl\u0259ndirilm\u0259si m\u0259s\u0259l\u0259l\u0259ri \u0259traf\u0131nda fikir m\u00fcbadil\u0259si apar\u0131l\u0131b.<\/p>\n<p>\u00d6lk\u0259d\u0259 heyvan sa\u011flaml\u0131\u011f\u0131n\u0131n t\u0259min olunmas\u0131 v\u0259 baytarl\u0131q n\u0259zar\u0259ti sah\u0259sind\u0259 i\u015fin daha s\u0259m\u0259r\u0259li t\u0259\u015fkili, h\u0259m\u00e7inin heyvanlar\u0131n identifikasiyas\u0131 sisteminin qurulmas\u0131 il\u0259 ba\u011fl\u0131 m\u0259s\u0259l\u0259l\u0259ri diqq\u0259t\u0259 \u00e7atd\u0131ran AQTA s\u0259dri Q.T\u0259hm\u0259zli qida t\u0259hl\u00fck\u0259sizliyi, heyvan v\u0259 bitki sa\u011flaml\u0131\u011f\u0131 sah\u0259l\u0259rind\u0259 birg\u0259 \u0259m\u0259kda\u015fl\u0131\u011f\u0131n bundan sonra da geni\u015fl\u0259ndiril\u0259c\u0259yini vur\u011fulay\u0131b.<\/p>\n<p>T\u00fcrkiy\u0259nin k\u0259nd t\u0259s\u0259rr\u00fcfat\u0131 v\u0259 me\u015f\u0259\u00e7ilik naziri Bekir Pakdemirli qeyd edib ki, Az\u0259rbaycan v\u0259 T\u00fcrkiy\u0259 aras\u0131nda qida v\u0259 k\u0259nd t\u0259s\u0259rr\u00fcfat\u0131 m\u0259hsullar\u0131 \u00fczr\u0259 ticar\u0259t \u0259laq\u0259l\u0259rinin geni\u015fl\u0259ndirilm\u0259si m\u0259qs\u0259dil\u0259 iki \u00f6lk\u0259nin m\u00fcvafiq qurumlar\u0131 aras\u0131nda s\u0259m\u0259r\u0259li \u0259m\u0259kda\u015fl\u0131q qurulub.<\/p>\n<p>T\u0259r\u0259fl\u0259r qida m\u0259hsullar\u0131n\u0131n idxal-ixrac\u0131na n\u0259zar\u0259t prosesini s\u00fcr\u0259tl\u0259ndirm\u0259k m\u0259qs\u0259dil\u0259 elektron sisteml\u0259rin uy\u011funla\u015fd\u0131r\u0131lmas\u0131 v\u0259 elektron sertifikatlar\u0131n tan\u0131nmas\u0131 \u00fczr\u0259 i\u015fl\u0259rin h\u0259yata ke\u00e7irilm\u0259si, qida m\u0259hsullar\u0131n\u0131n izl\u0259nilm\u0259si sah\u0259sind\u0259 T\u00fcrkiy\u0259 t\u0259cr\u00fcb\u0259sinin \u00f6yr\u0259nilm\u0259si istiqam\u0259tind\u0259 m\u00fczakir\u0259l\u0259r apar\u0131b.<\/p>\n<p>G\u00f6r\u00fc\u015fd\u0259 h\u0259m\u00e7inin i\u015f\u011faldan azad olunmu\u015f rayonlarda heyvan x\u0259st\u0259likl\u0259rind\u0259n azad zonan\u0131n (HXAZ) yarad\u0131lmas\u0131 \u00fczr\u0259 \u0259m\u0259kda\u015fl\u0131q, x\u0259st\u0259likd\u0259n azad zona yarad\u0131lana q\u0259d\u0259r x\u00fcsusi karantin prosedurlar\u0131n\u0131 t\u0259tbiq etm\u0259kl\u0259 diri heyvan v\u0259 heyvan m\u0259n\u015f\u0259li m\u0259hsullar\u0131n T\u00fcrkiy\u0259y\u0259 ixrac imkanlar\u0131n\u0131n n\u0259z\u0259rd\u0259n ke\u00e7irilm\u0259si m\u0259s\u0259l\u0259l\u0259ri \u0259traf\u0131nda fikir m\u00fcbadil\u0259si apar\u0131l\u0131b.<\/p>\n<p>G\u00f6r\u00fc\u015f \u00e7\u0259r\u00e7iv\u0259sind\u0259 \u201cAz\u0259rbaycan Respublikas\u0131 H\u00f6kum\u0259ti il\u0259 T\u00fcrkiy\u0259 Respublikas\u0131 H\u00f6kum\u0259ti aras\u0131nda qida t\u0259hl\u00fck\u0259sizliyi sah\u0259sind\u0259 \u0259m\u0259kda\u015fl\u0131q haqq\u0131nda Sazi\u015f\u201d, \u201cAz\u0259rbaycan Respublikas\u0131n\u0131n Qida T\u0259hl\u00fck\u0259sizliyi Agentliyi il\u0259 T\u00fcrkiy\u0259 Respublikas\u0131n\u0131n K\u0259nd T\u0259s\u0259rr\u00fcfat\u0131 v\u0259 Me\u015f\u0259\u00e7ilik Nazirliyi aras\u0131nda qida t\u0259hl\u00fck\u0259sizliyi sah\u0259sind\u0259 \u0259m\u0259kda\u015fl\u0131q haqq\u0131nda Niyy\u0259t B\u0259yannam\u0259si\u201d, el\u0259c\u0259 d\u0259 \u201cQida t\u0259hl\u00fck\u0259sizliyi sah\u0259sind\u0259 \u0259m\u0259kda\u015fl\u0131q \u00fczr\u0259 Birg\u0259 F\u0259aliyy\u0259t Plan\u0131\u201d v\u0259 bir s\u0131ra dig\u0259r memorandum v\u0259 sazi\u015f layih\u0259l\u0259ri imzalan\u0131b.<\/p>\n","protected":false},"excerpt":{"rendered":"<p>Az\u0259rbaycandan T\u00fcrkiy\u0259y\u0259 diri heyvan v\u0259 heyvan m\u0259hsullar\u0131n\u0131n ixrac imkanlar\u0131 il\u0259 ba\u011fl\u0131 m\u00fczakir\u0259 olunub. AQTA-dan &#8220;\u0130ki sahil&#8221;\u0259 veril\u0259n m\u0259lumata g\u00f6r\u0259, bu bar\u0259d\u0259 m\u00fczakir\u0259l\u0259r Az\u0259rbaycan Qida T\u0259hl\u00fck\u0259sizliyi Agentliyinin (AQTA) s\u0259dri Qo\u015fqar T\u0259hm\u0259zlinin r\u0259hb\u0259rlik etdiyi n\u00fcmay\u0259nd\u0259 hey\u0259tinin T\u00fcrkiy\u0259y\u0259 r\u0259smi s\u0259f\u0259ri \u00e7\u0259r\u00e7iv\u0259sind\u0259 bu \u00f6lk\u0259nin k\u0259nd t\u0259s\u0259rr\u00fcfat\u0131 v\u0259 me\u015f\u0259\u00e7ilik naziri il\u0259 g\u00f6r\u00fc\u015f\u00fcnd\u0259 apar\u0131l\u0131b. G\u00f6r\u00fc\u015f \u00e7\u0259r\u00e7iv\u0259sind\u0259 qida t\u0259hl\u00fck\u0259sizliyi sah\u0259sind\u0259 iki \u00f6lk\u0259 aras\u0131nda \u0259m\u0259kda\u015fl\u0131\u011f\u0131n daha da geni\u015fl\u0259ndirilm\u0259si m\u0259qs\u0259dil\u0259 normativ h\u00fcquqi bazan\u0131n t\u0259kmill\u0259\u015fdirilm\u0259si, \u201cAz\u0259rbaycan Respublikas\u0131 H\u00f6kum\u0259ti il\u0259 T\u00fcrkiy\u0259 Respublikas\u0131 H\u00f6kum\u0259ti aras\u0131nda baytarl\u0131q sah\u0259sind\u0259 \u0259m\u0259kda\u015fl\u0131q \u00fczr\u0259 Sazi\u015f\u201din v\u0259 \u201cAz\u0259rbaycan Respublikas\u0131 H\u00f6kum\u0259ti il\u0259 T\u00fcrkiy\u0259 Respublikas\u0131 H\u00f6kum\u0259ti aras\u0131nda bitki m\u00fchafiz\u0259si v\u0259&hellip;<\/p>\n","protected":false},"author":2,"featured_media":383968,"comment_status":"closed","ping_status":"closed","sticky":false,"template":"","format":"standard","meta":{"om_disable_all_campaigns":false,"_monsterinsights_skip_tracking":false,"_monsterinsights_sitenote_active":false,"_monsterinsights_sitenote_note":"","_monsterinsights_sitenote_category":0},"categories":[19],"tags":[],"aioseo_notices":[],"gutentor_comment":0,"rttpg_featured_image_url":{"full":["https:\/\/arantv.az\/wp-content\/uploads\/2021\/09\/a1d7311f163290167054104294310719072.jpg",975,540,false],"landscape":["https:\/\/arantv.az\/wp-content\/uploads\/2021\/09\/a1d7311f163290167054104294310719072.jpg",975,540,false],"portraits":["https:\/\/arantv.az\/wp-content\/uploads\/2021\/09\/a1d7311f163290167054104294310719072.jpg",975,540,false],"thumbnail":["https:\/\/arantv.az\/wp-content\/uploads\/2021\/09\/a1d7311f163290167054104294310719072-500x280.jpg",500,280,true],"medium":["https:\/\/arantv.az\/wp-content\/uploads\/2021\/09\/a1d7311f163290167054104294310719072-660x365.jpg",660,365,true],"large":["https:\/\/arantv.az\/wp-content\/uploads\/2021\/09\/a1d7311f163290167054104294310719072-840x465.jpg",640,354,true],"1536x1536":["https:\/\/arantv.az\/wp-content\/uploads\/2021\/09\/a1d7311f163290167054104294310719072.jpg",975,540,false],"2048x2048":["https:\/\/arantv.az\/wp-content\/uploads\/2021\/09\/a1d7311f163290167054104294310719072.jpg",975,540,false],"post-thumbnail":["https:\/\/arantv.az\/wp-content\/uploads\/2021\/09\/a1d7311f163290167054104294310719072-240x172.jpg",240,172,true],"advps-thumb-one":["https:\/\/arantv.az\/wp-content\/uploads\/2021\/09\/a1d7311f163290167054104294310719072.jpg",975,540,false]},"rttpg_author":{"display_name":"V\u00fcsal Rafiqo\u011flu","author_link":"https:\/\/arantv.az\/?author=2"},"rttpg_comment":0,"rttpg_category":"<a href=\"https:\/\/arantv.az\/?cat=19\" rel=\"category\">G\u00fcnd\u0259m<\/a>","rttpg_excerpt":"Az\u0259rbaycandan T\u00fcrkiy\u0259y\u0259 diri heyvan v\u0259 heyvan m\u0259hsullar\u0131n\u0131n ixrac imkanlar\u0131 il\u0259 ba\u011fl\u0131 m\u00fczakir\u0259 olunub. AQTA-dan &#8220;\u0130ki sahil&#8221;\u0259 veril\u0259n m\u0259lumata g\u00f6r\u0259, bu bar\u0259d\u0259 m\u00fczakir\u0259l\u0259r Az\u0259rbaycan Qida T\u0259hl\u00fck\u0259sizliyi Agentliyinin (AQTA) s\u0259dri Qo\u015fqar T\u0259hm\u0259zlinin r\u0259hb\u0259rlik etdiyi n\u00fcmay\u0259nd\u0259 hey\u0259tinin T\u00fcrkiy\u0259y\u0259 r\u0259smi s\u0259f\u0259ri \u00e7\u0259r\u00e7iv\u0259sind\u0259 bu \u00f6lk\u0259nin k\u0259nd t\u0259s\u0259rr\u00fcfat\u0131 v\u0259 me\u015f\u0259\u00e7ilik naziri il\u0259 g\u00f6r\u00fc\u015f\u00fcnd\u0259 apar\u0131l\u0131b. G\u00f6r\u00fc\u015f \u00e7\u0259r\u00e7iv\u0259sind\u0259 qida t\u0259hl\u00fck\u0259sizliyi sah\u0259sind\u0259 iki \u00f6lk\u0259&hellip;","_links":{"self":[{"href":"https:\/\/arantv.az\/index.php?rest_route=\/wp\/v2\/posts\/383967"}],"collection":[{"href":"https:\/\/arantv.az\/index.php?rest_route=\/wp\/v2\/posts"}],"about":[{"href":"https:\/\/arantv.az\/index.php?rest_route=\/wp\/v2\/types\/post"}],"author":[{"embeddable":true,"href":"https:\/\/arantv.az\/index.php?rest_route=\/wp\/v2\/users\/2"}],"replies":[{"embeddable":true,"href":"https:\/\/arantv.az\/index.php?rest_route=%2Fwp%2Fv2%2Fcomments&post=383967"}],"version-history":[{"count":0,"href":"https:\/\/arantv.az\/index.php?rest_route=\/wp\/v2\/posts\/383967\/revisions"}],"wp:featuredmedia":[{"embeddable":true,"href":"https:\/\/arantv.az\/index.php?rest_route=\/wp\/v2\/media\/383968"}],"wp:attachment":[{"href":"https:\/\/arantv.az\/index.php?rest_route=%2Fwp%2Fv2%2Fmedia&parent=383967"}],"wp:term":[{"taxonomy":"category","embeddable":true,"href":"https:\/\/arantv.az\/index.php?rest_route=%2Fwp%2Fv2%2Fcategories&post=383967"},{"taxonomy":"post_tag","embeddable":true,"href":"https:\/\/arantv.az\/index.php?rest_route=%2Fwp%2Fv2%2Ftags&post=383967"}],"curies":[{"name":"wp","href":"https:\/\/api.w.org\/{rel}","templated":true}]}}