{"id":384291,"date":"2021-09-30T10:07:02","date_gmt":"2021-09-30T07:07:02","guid":{"rendered":"http:\/\/arantv.az\/?p=384291"},"modified":"2021-09-30T10:07:02","modified_gmt":"2021-09-30T07:07:02","slug":"%c9%99rdogan-turkiy%c9%99nin-niy%c9%99-rusiyadan-s-400-l%c9%99r-aldigini-izah-etdi","status":"publish","type":"post","link":"https:\/\/arantv.az\/?p=384291","title":{"rendered":"\u018frdo\u011fan T\u00fcrkiy\u0259nin niy\u0259 Rusiyadan S-400-l\u0259r ald\u0131\u011f\u0131n\u0131 izah etdi"},"content":{"rendered":"<p>\u201cAB\u015e \u201cPatriot\u201d kompleksl\u0259rini satsayd\u0131, T\u00fcrkiy\u0259 Rusiyadan S-400 hava m\u00fcdafi\u0259 sisteml\u0259rini almazd\u0131\u201d.<\/p>\n<p>Bu s\u00f6zl\u0259ri T\u00fcrkiy\u0259 Prezidenti R\u0259c\u0259b Tayyib \u018frdo\u011fan deyib.<\/p>\n<p>T\u00fcrkiy\u0259 lideri h\u0259m\u00e7inin Rusiyan\u0131n hava h\u00fccumundan m\u00fcdafi\u0259 sisteml\u0259rinin al\u0131nmas\u0131n\u0131n AB\u015e-la m\u00fcnasib\u0259tl\u0259rin\u0259 t\u0259sirl\u0259rind\u0259n d\u0259 dan\u0131\u015f\u0131b.<\/p>\n<p>\u201cD\u00fc\u015f\u00fcn\u00fcr\u0259m ki, buna d\u0259y\u0259rdi&#8230; \u0130st\u0259diyimiz kimi m\u00fcdafi\u0259mizi g\u00fccl\u0259ndirm\u0259k haqq\u0131m\u0131z var\u201d, &#8211; dey\u0259 \u018frdo\u011fan vur\u011fulay\u0131b.<\/p>\n<p>Eyni zamanda o, r\u0259smi Va\u015finqton il\u0259 m\u00fcnasib\u0259tl\u0259ri qoruma\u011f\u0131n v\u0259 g\u00fccl\u0259ndirm\u0259yin\u00a0lehin\u0259 oldu\u011funu a\u00e7\u0131qlay\u0131b.<\/p>\n<p>M\u0259nb\u0259: \u201cNew York Times\u201d<\/p>\n","protected":false},"excerpt":{"rendered":"<p>\u201cAB\u015e \u201cPatriot\u201d kompleksl\u0259rini satsayd\u0131, T\u00fcrkiy\u0259 Rusiyadan S-400 hava m\u00fcdafi\u0259 sisteml\u0259rini almazd\u0131\u201d. Bu s\u00f6zl\u0259ri T\u00fcrkiy\u0259 Prezidenti R\u0259c\u0259b Tayyib \u018frdo\u011fan deyib. T\u00fcrkiy\u0259 lideri h\u0259m\u00e7inin Rusiyan\u0131n hava h\u00fccumundan m\u00fcdafi\u0259 sisteml\u0259rinin al\u0131nmas\u0131n\u0131n AB\u015e-la m\u00fcnasib\u0259tl\u0259rin\u0259 t\u0259sirl\u0259rind\u0259n d\u0259 dan\u0131\u015f\u0131b. \u201cD\u00fc\u015f\u00fcn\u00fcr\u0259m ki, buna d\u0259y\u0259rdi&#8230; \u0130st\u0259diyimiz kimi m\u00fcdafi\u0259mizi g\u00fccl\u0259ndirm\u0259k haqq\u0131m\u0131z var\u201d, &#8211; dey\u0259 \u018frdo\u011fan vur\u011fulay\u0131b. Eyni zamanda o, r\u0259smi Va\u015finqton il\u0259 m\u00fcnasib\u0259tl\u0259ri qoruma\u011f\u0131n v\u0259 g\u00fccl\u0259ndirm\u0259yin\u00a0lehin\u0259 oldu\u011funu a\u00e7\u0131qlay\u0131b. M\u0259nb\u0259: \u201cNew York Times\u201d<\/p>\n","protected":false},"author":2,"featured_media":384292,"comment_status":"closed","ping_status":"closed","sticky":false,"template":"","format":"standard","meta":{"om_disable_all_campaigns":false,"_monsterinsights_skip_tracking":false,"_monsterinsights_sitenote_active":false,"_monsterinsights_sitenote_note":"","_monsterinsights_sitenote_category":0},"categories":[7],"tags":[],"aioseo_notices":[],"gutentor_comment":0,"rttpg_featured_image_url":{"full":["https:\/\/arantv.az\/wp-content\/uploads\/2021\/09\/FotoJet-88-1.jpg",620,415,false],"landscape":["https:\/\/arantv.az\/wp-content\/uploads\/2021\/09\/FotoJet-88-1.jpg",620,415,false],"portraits":["https:\/\/arantv.az\/wp-content\/uploads\/2021\/09\/FotoJet-88-1.jpg",620,415,false],"thumbnail":["https:\/\/arantv.az\/wp-content\/uploads\/2021\/09\/FotoJet-88-1-500x280.jpg",500,280,true],"medium":["https:\/\/arantv.az\/wp-content\/uploads\/2021\/09\/FotoJet-88-1-545x365.jpg",545,365,true],"large":["https:\/\/arantv.az\/wp-content\/uploads\/2021\/09\/FotoJet-88-1.jpg",620,415,false],"1536x1536":["https:\/\/arantv.az\/wp-content\/uploads\/2021\/09\/FotoJet-88-1.jpg",620,415,false],"2048x2048":["https:\/\/arantv.az\/wp-content\/uploads\/2021\/09\/FotoJet-88-1.jpg",620,415,false],"post-thumbnail":["https:\/\/arantv.az\/wp-content\/uploads\/2021\/09\/FotoJet-88-1-240x172.jpg",240,172,true],"advps-thumb-one":["https:\/\/arantv.az\/wp-content\/uploads\/2021\/09\/FotoJet-88-1.jpg",620,415,false]},"rttpg_author":{"display_name":"V\u00fcsal Rafiqo\u011flu","author_link":"https:\/\/arantv.az\/?author=2"},"rttpg_comment":0,"rttpg_category":"<a href=\"https:\/\/arantv.az\/?cat=7\" rel=\"category\">D\u00fcnya<\/a>","rttpg_excerpt":"\u201cAB\u015e \u201cPatriot\u201d kompleksl\u0259rini satsayd\u0131, T\u00fcrkiy\u0259 Rusiyadan S-400 hava m\u00fcdafi\u0259 sisteml\u0259rini almazd\u0131\u201d. Bu s\u00f6zl\u0259ri T\u00fcrkiy\u0259 Prezidenti R\u0259c\u0259b Tayyib \u018frdo\u011fan deyib. T\u00fcrkiy\u0259 lideri h\u0259m\u00e7inin Rusiyan\u0131n hava h\u00fccumundan m\u00fcdafi\u0259 sisteml\u0259rinin al\u0131nmas\u0131n\u0131n AB\u015e-la m\u00fcnasib\u0259tl\u0259rin\u0259 t\u0259sirl\u0259rind\u0259n d\u0259 dan\u0131\u015f\u0131b. \u201cD\u00fc\u015f\u00fcn\u00fcr\u0259m ki, buna d\u0259y\u0259rdi&#8230; \u0130st\u0259diyimiz kimi m\u00fcdafi\u0259mizi g\u00fccl\u0259ndirm\u0259k haqq\u0131m\u0131z var\u201d, &#8211; dey\u0259 \u018frdo\u011fan vur\u011fulay\u0131b. Eyni zamanda o, r\u0259smi Va\u015finqton il\u0259 m\u00fcnasib\u0259tl\u0259ri qoruma\u011f\u0131n&hellip;","_links":{"self":[{"href":"https:\/\/arantv.az\/index.php?rest_route=\/wp\/v2\/posts\/384291"}],"collection":[{"href":"https:\/\/arantv.az\/index.php?rest_route=\/wp\/v2\/posts"}],"about":[{"href":"https:\/\/arantv.az\/index.php?rest_route=\/wp\/v2\/types\/post"}],"author":[{"embeddable":true,"href":"https:\/\/arantv.az\/index.php?rest_route=\/wp\/v2\/users\/2"}],"replies":[{"embeddable":true,"href":"https:\/\/arantv.az\/index.php?rest_route=%2Fwp%2Fv2%2Fcomments&post=384291"}],"version-history":[{"count":0,"href":"https:\/\/arantv.az\/index.php?rest_route=\/wp\/v2\/posts\/384291\/revisions"}],"wp:featuredmedia":[{"embeddable":true,"href":"https:\/\/arantv.az\/index.php?rest_route=\/wp\/v2\/media\/384292"}],"wp:attachment":[{"href":"https:\/\/arantv.az\/index.php?rest_route=%2Fwp%2Fv2%2Fmedia&parent=384291"}],"wp:term":[{"taxonomy":"category","embeddable":true,"href":"https:\/\/arantv.az\/index.php?rest_route=%2Fwp%2Fv2%2Fcategories&post=384291"},{"taxonomy":"post_tag","embeddable":true,"href":"https:\/\/arantv.az\/index.php?rest_route=%2Fwp%2Fv2%2Ftags&post=384291"}],"curies":[{"name":"wp","href":"https:\/\/api.w.org\/{rel}","templated":true}]}}