{"id":384481,"date":"2021-09-30T14:47:25","date_gmt":"2021-09-30T11:47:25","guid":{"rendered":"http:\/\/arantv.az\/?p=384481"},"modified":"2021-09-30T14:47:25","modified_gmt":"2021-09-30T11:47:25","slug":"%c9%99rdogan-putini-turkiy%c9%99y%c9%99-d%c9%99v%c9%99t-edib","status":"publish","type":"post","link":"https:\/\/arantv.az\/?p=384481","title":{"rendered":"\u018frdo\u011fan Putini T\u00fcrkiy\u0259y\u0259 d\u0259v\u0259t edib"},"content":{"rendered":"<p>T\u00fcrkiy\u0259 Prezidenti R\u0259c\u0259b Tayyib \u018frdo\u011fan So\u00e7i dan\u0131\u015f\u0131qlar\u0131 zaman\u0131 rusiyal\u0131 h\u0259mkar\u0131 Vladimir Putini T\u00fcrkiy\u0259y\u0259 cavab s\u0259f\u0259rin\u0259 d\u0259v\u0259t edib.<\/p>\n<div id=\"AdviadNativeVideo0\" class=\"AdviadNativeVideo\"><\/div>\n<p>Bu bar\u0259d\u0259\u00a0\u201cHaber Global\u201d m\u0259lumat yay\u0131b.<\/p>\n<p>\u201cYax\u0131n g\u0259l\u0259c\u0259kd\u0259 ona (Putin\u0259) cavab s\u0259f\u0259rini etm\u0259yi t\u0259klif etdim. Buna m\u00fcsb\u0259t reaksiya verdi. H\u0259m\u00e7inin, bu ilin sonuna q\u0259d\u0259r T\u00fcrkiy\u0259d\u0259 (Rusiya-T\u00fcrkiy\u0259) Y\u00fcks\u0259k S\u0259viyy\u0259li \u018fm\u0259kda\u015fl\u0131q \u015euras\u0131n\u0131n ke\u00e7irilm\u0259sini t\u0259klif etdim. O buna da m\u00fcsb\u0259t reaksiya verdi\u201d, &#8211; dey\u0259 \u018frdo\u011fan So\u00e7id\u0259n qay\u0131dandan sonra jurnalistl\u0259r\u0259 a\u00e7\u0131qlamas\u0131nda bildirib.<\/p>\n","protected":false},"excerpt":{"rendered":"<p>T\u00fcrkiy\u0259 Prezidenti R\u0259c\u0259b Tayyib \u018frdo\u011fan So\u00e7i dan\u0131\u015f\u0131qlar\u0131 zaman\u0131 rusiyal\u0131 h\u0259mkar\u0131 Vladimir Putini T\u00fcrkiy\u0259y\u0259 cavab s\u0259f\u0259rin\u0259 d\u0259v\u0259t edib. Bu bar\u0259d\u0259\u00a0\u201cHaber Global\u201d m\u0259lumat yay\u0131b. \u201cYax\u0131n g\u0259l\u0259c\u0259kd\u0259 ona (Putin\u0259) cavab s\u0259f\u0259rini etm\u0259yi t\u0259klif etdim. Buna m\u00fcsb\u0259t reaksiya verdi. H\u0259m\u00e7inin, bu ilin sonuna q\u0259d\u0259r T\u00fcrkiy\u0259d\u0259 (Rusiya-T\u00fcrkiy\u0259) Y\u00fcks\u0259k S\u0259viyy\u0259li \u018fm\u0259kda\u015fl\u0131q \u015euras\u0131n\u0131n ke\u00e7irilm\u0259sini t\u0259klif etdim. O buna da m\u00fcsb\u0259t reaksiya verdi\u201d, &#8211; dey\u0259 \u018frdo\u011fan So\u00e7id\u0259n qay\u0131dandan sonra jurnalistl\u0259r\u0259 a\u00e7\u0131qlamas\u0131nda bildirib.<\/p>\n","protected":false},"author":2,"featured_media":384482,"comment_status":"closed","ping_status":"closed","sticky":false,"template":"","format":"standard","meta":{"om_disable_all_campaigns":false,"_monsterinsights_skip_tracking":false,"_monsterinsights_sitenote_active":false,"_monsterinsights_sitenote_note":"","_monsterinsights_sitenote_category":0},"categories":[7],"tags":[],"aioseo_notices":[],"gutentor_comment":0,"rttpg_featured_image_url":{"full":["https:\/\/arantv.az\/wp-content\/uploads\/2021\/09\/243277899_284725580155085_5316784876488718523_n.jpg",620,413,false],"landscape":["https:\/\/arantv.az\/wp-content\/uploads\/2021\/09\/243277899_284725580155085_5316784876488718523_n.jpg",620,413,false],"portraits":["https:\/\/arantv.az\/wp-content\/uploads\/2021\/09\/243277899_284725580155085_5316784876488718523_n.jpg",620,413,false],"thumbnail":["https:\/\/arantv.az\/wp-content\/uploads\/2021\/09\/243277899_284725580155085_5316784876488718523_n-500x280.jpg",500,280,true],"medium":["https:\/\/arantv.az\/wp-content\/uploads\/2021\/09\/243277899_284725580155085_5316784876488718523_n-548x365.jpg",548,365,true],"large":["https:\/\/arantv.az\/wp-content\/uploads\/2021\/09\/243277899_284725580155085_5316784876488718523_n.jpg",620,413,false],"1536x1536":["https:\/\/arantv.az\/wp-content\/uploads\/2021\/09\/243277899_284725580155085_5316784876488718523_n.jpg",620,413,false],"2048x2048":["https:\/\/arantv.az\/wp-content\/uploads\/2021\/09\/243277899_284725580155085_5316784876488718523_n.jpg",620,413,false],"post-thumbnail":["https:\/\/arantv.az\/wp-content\/uploads\/2021\/09\/243277899_284725580155085_5316784876488718523_n-240x172.jpg",240,172,true],"advps-thumb-one":["https:\/\/arantv.az\/wp-content\/uploads\/2021\/09\/243277899_284725580155085_5316784876488718523_n.jpg",620,413,false]},"rttpg_author":{"display_name":"V\u00fcsal Rafiqo\u011flu","author_link":"https:\/\/arantv.az\/?author=2"},"rttpg_comment":0,"rttpg_category":"<a href=\"https:\/\/arantv.az\/?cat=7\" rel=\"category\">D\u00fcnya<\/a>","rttpg_excerpt":"T\u00fcrkiy\u0259 Prezidenti R\u0259c\u0259b Tayyib \u018frdo\u011fan So\u00e7i dan\u0131\u015f\u0131qlar\u0131 zaman\u0131 rusiyal\u0131 h\u0259mkar\u0131 Vladimir Putini T\u00fcrkiy\u0259y\u0259 cavab s\u0259f\u0259rin\u0259 d\u0259v\u0259t edib. Bu bar\u0259d\u0259\u00a0\u201cHaber Global\u201d m\u0259lumat yay\u0131b. \u201cYax\u0131n g\u0259l\u0259c\u0259kd\u0259 ona (Putin\u0259) cavab s\u0259f\u0259rini etm\u0259yi t\u0259klif etdim. Buna m\u00fcsb\u0259t reaksiya verdi. H\u0259m\u00e7inin, bu ilin sonuna q\u0259d\u0259r T\u00fcrkiy\u0259d\u0259 (Rusiya-T\u00fcrkiy\u0259) Y\u00fcks\u0259k S\u0259viyy\u0259li \u018fm\u0259kda\u015fl\u0131q \u015euras\u0131n\u0131n ke\u00e7irilm\u0259sini t\u0259klif etdim. O buna da m\u00fcsb\u0259t reaksiya verdi\u201d,&hellip;","_links":{"self":[{"href":"https:\/\/arantv.az\/index.php?rest_route=\/wp\/v2\/posts\/384481"}],"collection":[{"href":"https:\/\/arantv.az\/index.php?rest_route=\/wp\/v2\/posts"}],"about":[{"href":"https:\/\/arantv.az\/index.php?rest_route=\/wp\/v2\/types\/post"}],"author":[{"embeddable":true,"href":"https:\/\/arantv.az\/index.php?rest_route=\/wp\/v2\/users\/2"}],"replies":[{"embeddable":true,"href":"https:\/\/arantv.az\/index.php?rest_route=%2Fwp%2Fv2%2Fcomments&post=384481"}],"version-history":[{"count":0,"href":"https:\/\/arantv.az\/index.php?rest_route=\/wp\/v2\/posts\/384481\/revisions"}],"wp:featuredmedia":[{"embeddable":true,"href":"https:\/\/arantv.az\/index.php?rest_route=\/wp\/v2\/media\/384482"}],"wp:attachment":[{"href":"https:\/\/arantv.az\/index.php?rest_route=%2Fwp%2Fv2%2Fmedia&parent=384481"}],"wp:term":[{"taxonomy":"category","embeddable":true,"href":"https:\/\/arantv.az\/index.php?rest_route=%2Fwp%2Fv2%2Fcategories&post=384481"},{"taxonomy":"post_tag","embeddable":true,"href":"https:\/\/arantv.az\/index.php?rest_route=%2Fwp%2Fv2%2Ftags&post=384481"}],"curies":[{"name":"wp","href":"https:\/\/api.w.org\/{rel}","templated":true}]}}