{"id":384484,"date":"2021-09-30T14:48:53","date_gmt":"2021-09-30T11:48:53","guid":{"rendered":"http:\/\/arantv.az\/?p=384484"},"modified":"2021-09-30T14:48:53","modified_gmt":"2021-09-30T11:48:53","slug":"dogum-gunu-olan-s%c9%99hidl%c9%99r-foto","status":"publish","type":"post","link":"https:\/\/arantv.az\/?p=384484","title":{"rendered":"Do\u011fum g\u00fcn\u00fc olan \u015f\u0259hidl\u0259r &#8211; FOTO"},"content":{"rendered":"<p>Bu g\u00fcn Az\u0259rbaycan\u0131n \u0259razi b\u00fct\u00f6vl\u00fcy\u00fc u\u011frunda 27 sentyabrda ba\u015flanan\u00a0V\u0259t\u0259n m\u00fcharib\u0259sind\u0259 i\u015ftirak ed\u0259n q\u0259hr\u0259man \u015f\u0259hidl\u0259rimizd\u0259n be\u015f n\u0259f\u0259rin do\u011fum g\u00fcn\u00fcd\u00fcr.<\/p>\n<p><strong>ARANTV.AZ <\/strong>V\u0259t\u0259n m\u00fcharib\u0259si \u015f\u0259hidl\u0259rinin \u0259ziz xatir\u0259sini ehtiram v\u0259 h\u00f6rm\u0259tl\u0259 yad edir:<\/p>\n<p>\u018fsg\u0259r\u00a0<strong>C\u0259f\u0259rzad\u0259 \u0130sray\u0131l Namiq o\u011flu<\/strong>\u00a02000-ci ild\u0259 Bak\u0131 \u015f\u0259h\u0259ri Sabun\u00e7u rayonunda anadan olub. \u018fsl\u0259n A\u011fsu rayonundan olan \u0130.C\u0259f\u0259rzad\u0259 2007-ci ild\u0259 Akif Qambayzad\u0259 ad\u0131na Sabun\u00e7u rayon 148 n\u00f6mr\u0259li m\u0259kt\u0259bd\u0259 1-ci sinif\u0259 daxil olub. O, s\u0259rb\u0259st g\u00fcl\u0259\u015f idman n\u00f6v\u00fc il\u0259 d\u0259 m\u0259\u015f\u011ful olub. Rayonlararas\u0131 ke\u00e7iril\u0259n yar\u0131\u015flarda 1-ci, 2-ci v\u0259 3-c\u00fc yerl\u0259ri tutaraq, m\u00fcxt\u0259lif diplomlar v\u0259 medallarla t\u0259ltif olunub. T\u0259hsilini bitirdikd\u0259n sonra 2019-cu ild\u0259 h\u0259rbi xidm\u0259t\u0259 yollan\u0131b.<\/p>\n<div id=\"AdviadNativeVideo0\" class=\"AdviadNativeVideo\"><\/div>\n<p>H\u0259rbi xidm\u0259t zaman\u0131 da f\u0259all\u0131\u011f\u0131na g\u00f6r\u0259 m\u00fcxt\u0259lif m\u0259zmunlu f\u0259xri f\u0259rmanlar v\u0259 t\u0259\u015f\u0259kk\u00fcrnam\u0259l\u0259rl\u0259 t\u0259ltif olunan \u0130sray\u0131l 2020-ci ilin 28 may tarixind\u0259 \u00e7avu\u015f r\u00fctb\u0259si al\u0131b.<\/p>\n<p><img src=\"https:\/\/cdn.oxu.az\/uploads\/W1siZiIsIjIwMjEvMDkvMzAvMTMvNDQvMTgvYjgxMjIyOWEtOWQ0YS00NGFlLWFhM2YtMTMwNTRhNmExMTAwL2PJmWbJmXJ6YWTJmSBpc3JhecSxbC5qcGciXSxbInAiLCJlbmNvZGUiLCJqcGciLCItcXVhbGl0eSA4MCJdLFsicCIsInRodW1iIiwiNTkweDU5MFx1MDAzZSJdXQ?sha=b82f64c9d978acc7\" alt=\"\" \/><\/p>\n<p>V\u0259t\u0259n m\u00fcharib\u0259sind\u0259 i\u015ftirak ed\u0259n \u0130.C\u0259f\u0259rzad\u0259 F\u00fczulinin v\u0259 Suqovu\u015fan\u0131n azadl\u0131\u011f\u0131 u\u011frunda ged\u0259n d\u00f6y\u00fc\u015fl\u0259rd\u0259 vuru\u015fub. 16 oktyabr T\u0259rt\u0259r rayonunun Suqovu\u015fan q\u0259s\u0259b\u0259si istiqam\u0259tind\u0259 ged\u0259n d\u00f6y\u00fc\u015fl\u0259rd\u0259 d\u00f6y\u00fc\u015f tap\u015f\u0131r\u0131\u011f\u0131n\u0131 yerin\u0259 yetir\u0259rk\u0259n \u015f\u0259hid olub. Bak\u0131xanov q\u0259s\u0259b\u0259sind\u0259 yerl\u0259\u015f\u0259n \u015e\u0259hidl\u0259r xiyaban\u0131nda torpa\u011fa tap\u015f\u0131r\u0131l\u0131b.<\/p>\n<p>Prezident \u0130lham \u018fliyevin m\u00fcvafiq s\u0259r\u0259ncamlar\u0131na \u0259sas\u0259n, \u0130sray\u0131l C\u0259f\u0259rzad\u0259 \u00f6l\u00fcm\u00fcnd\u0259n sonra \u201cV\u0259t\u0259n u\u011frunda\u201d v\u0259\u00a0\u201c\u0130gidliy\u0259 g\u00f6r\u0259\u201d medallar\u0131 il\u0259 t\u0259ltif edilib.<\/p>\n<p>\u018fsg\u0259r\u00a0<strong>Eylasov C\u0259f\u0259r Yav\u0259r o\u011flu<\/strong>\u00a02000-ci ild\u0259 Ming\u0259\u00e7evir \u015f\u0259h\u0259rind\u0259 anadan olub. 2006-2015-ci ill\u0259rd\u0259 Ming\u0259\u00e7evir \u015f\u0259h\u0259rind\u0259 14 n\u00f6mr\u0259li tam orta m\u0259kt\u0259bd\u0259 t\u0259hsil al\u0131b. C.Eylasov 2019-2020-ci ill\u0259rd\u0259 Az\u0259rbaycan Silahl\u0131 Q\u00fcvv\u0259l\u0259rinin Ab\u015feron rayonunda yerl\u0259\u015f\u0259n \u201cN\u201d sayl\u0131 h\u0259rbi hiss\u0259sind\u0259 m\u00fcdd\u0259tli h\u0259qiqi h\u0259rbi xidm\u0259td\u0259 olub. V\u0259t\u0259n m\u00fcharib\u0259si zaman\u0131 F\u00fczulinin azadl\u0131\u011f\u0131 u\u011frunda ged\u0259n d\u00f6y\u00fc\u015fl\u0259rd\u0259 sava\u015f\u0131b. C\u0259f\u0259r Eylasov oktyabr\u0131n 30-da F\u00fczuli d\u00f6y\u00fc\u015fl\u0259ri zaman\u0131 \u015f\u0259hid olub. Ming\u0259\u00e7evir \u015f\u0259h\u0259rind\u0259 torpa\u011fa tap\u015f\u0131r\u0131l\u0131b.<\/p>\n<p><img src=\"https:\/\/cdn.oxu.az\/uploads\/W1siZiIsIjIwMjEvMDkvMzAvMTMvNTEvNDUvNDE4Yzc1MGQtMDNkOS00OTMyLWI1ZTktNmNkMDc3NTAwMWE3LzI0Mzg3ODY2Nl81ODU1ODEyMzkyNTUxMTBfNjk5ODQ3MzkxMjUyNTUzNTI2NV9uLnBuZyJdLFsicCIsImVuY29kZSIsImpwZyIsIi1xdWFsaXR5IDgwIl0sWyJwIiwidGh1bWIiLCI1OTB4NTkwXHUwMDNlIl1d?sha=486e9800139c3930\" alt=\"\" \/><\/p>\n<p>Prezident \u0130lham \u018fliyevin m\u00fcvafiq s\u0259r\u0259ncam\u0131na \u0259sas\u0259n, C\u0259f\u0259r Eylasov \u00f6l\u00fcm\u00fcnd\u0259n sonra \u201cV\u0259t\u0259n u\u011frunda\u201d medal\u0131 il\u0259 t\u0259ltif edilib.<\/p>\n<p>MAHHXHQ \u0259sg\u0259r\u00a0<strong>H\u00fcseynov N\u0259c\u0259f \u0130lqar o\u011flu<\/strong>\u00a01992-ci ild\u0259 G\u0259d\u0259b\u0259y rayonunun Ar\u0131q\u0131ran k\u0259ndind\u0259 anadan olub. N\u0259c\u0259f H\u00fcseynov 2020-ci il sentyabr\u0131n 27-d\u0259 Az\u0259rbaycan Silahl\u0131 Q\u00fcvv\u0259l\u0259ri t\u0259r\u0259find\u0259n Erm\u0259nistan i\u015f\u011fal\u0131 alt\u0131nda olan \u0259razil\u0259rin azad edilm\u0259si v\u0259 Az\u0259rbaycan\u0131n \u0259razi b\u00fct\u00f6vl\u00fcy\u00fcn\u00fcn b\u0259rpa olunmas\u0131 \u00fc\u00e7\u00fcn ba\u015flanan V\u0259t\u0259n m\u00fcharib\u0259si zaman\u0131 Murovda\u011f istiqam\u0259tind\u0259 ged\u0259n d\u00f6y\u00fc\u015fl\u0259rd\u0259 i\u015ftirak edib. N\u0259c\u0259f H\u00fcseynov sentyabr\u0131n 30-da Murovda\u011f d\u00f6y\u00fc\u015fl\u0259ri zaman\u0131 \u015f\u0259hid olub. G\u0259d\u0259b\u0259y rayonunda torpa\u011fa tap\u015f\u0131r\u0131l\u0131b.<\/p>\n<p><img src=\"https:\/\/cdn.oxu.az\/uploads\/W1siZiIsIjIwMjEvMDkvMzAvMTMvNTAvNTEvY2EwMzhmMDUtYjgxNi00ODliLTllNDQtNzg5Y2Y0YTlhODViLzI0MzQzNTkyMl8xOTI1NDkwMjI5OTkyMDJfNTgzMjQ4Mzc0NDEwNjk5NzM1M19uLnBuZyJdLFsicCIsImVuY29kZSIsImpwZyIsIi1xdWFsaXR5IDgwIl0sWyJwIiwidGh1bWIiLCI1OTB4NTkwXHUwMDNlIl1d?sha=94079d178d78fbaf\" alt=\"\" \/><\/p>\n<p>Prezident \u0130lham \u018fliyevin m\u00fcvafiq s\u0259r\u0259ncamlar\u0131na \u0259sas\u0259n, N\u0259c\u0259f H\u00fcseynov \u00f6l\u00fcm\u00fcnd\u0259n sonra \u201cK\u0259lb\u0259c\u0259rin azad olunmas\u0131na g\u00f6r\u0259\u201d v\u0259 \u201cV\u0259t\u0259n u\u011frunda\u201d medallar\u0131 il\u0259 t\u0259ltif edilib.<\/p>\n<p>\u018fsg\u0259r\u00a0<strong>Mikay\u0131lzad\u0259 R\u0259\u015fad \u0130lham o\u011flu<\/strong>\u00a01995-ci ild\u0259 Lerik rayonunun Cama\u015f\u0259ir k\u0259ndind\u0259 anadan olub. Orta t\u0259hsilini Bak\u0131 \u015f\u0259h\u0259ri 240 n\u00f6mr\u0259li tam orta m\u0259kt\u0259bd\u0259 ald\u0131qdan sonra R\u0259\u015fad Sumqay\u0131t D\u00f6vl\u0259t Universitetind\u0259 ali t\u0259hsil al\u0131b. Ali t\u0259hsilini bitirdikd\u0259n sonra Qazaxda h\u0259qiqi h\u0259rbi xidm\u0259t edib.<\/p>\n<p>2020-ci ild\u0259 R\u0259\u015fad Mikay\u0131lzad\u0259 yenid\u0259n s\u0259f\u0259rb\u0259r olunub, h\u0259min ilin sentyabr\u0131n\u0131n 27-d\u0259n Az\u0259rbaycan Silahl\u0131 Q\u00fcvv\u0259l\u0259ri t\u0259r\u0259find\u0259n Erm\u0259nistan i\u015f\u011fal\u0131 alt\u0131nda olan \u0259razil\u0259rin azad edilm\u0259si v\u0259 Az\u0259rbaycan\u0131n \u0259razi b\u00fct\u00f6vl\u00fcy\u00fcn\u00fcn b\u0259rpa olunmas\u0131 \u00fc\u00e7\u00fcn ba\u015flanan V\u0259t\u0259n m\u00fcharib\u0259sind\u0259 k\u00f6n\u00fcll\u00fc \u0259sg\u0259r kimi i\u015ftirak edib. F\u00fczulinin v\u0259 Xocav\u0259ndin azad olunmas\u0131 u\u011frunda ged\u0259n d\u00f6y\u00fc\u015fl\u0259rd\u0259 vuru\u015fub. K\u00f6n\u00fcll\u00fc \u0259sg\u0259r R\u0259\u015fad Mikay\u0131lzad\u0259 9 noyabr 2020-ci ild\u0259 \u015eu\u015fan\u0131n azad olunmas\u0131 u\u011frunda ged\u0259n d\u00f6y\u00fc\u015fl\u0259rd\u0259 komandirini xilas ed\u0259rk\u0259n snayperl\u0259 a\u00e7\u0131lan at\u0259\u015f n\u0259tic\u0259sind\u0259 \u015f\u0259hid olub.<\/p>\n<p><img src=\"https:\/\/cdn.oxu.az\/uploads\/W1siZiIsIjIwMjEvMDkvMzAvMTMvNDQvMTgvYTJmYjgxMjUtMDY1NC00MDI0LWIzM2YtNWJmYTRiYTRhZWI4L1LJmcWfYWRfTWlrYXnEsWx6YWTJmS5qcGciXSxbInAiLCJlbmNvZGUiLCJqcGciLCItcXVhbGl0eSA4MCJdLFsicCIsInRodW1iIiwiNTkweDU5MFx1MDAzZSJdXQ?sha=f5b489116ab41775\" alt=\"\" \/><\/p>\n<p>Prezident \u0130lham \u018fliyevin m\u00fcvafiq s\u0259r\u0259ncamlar\u0131na \u0259sas\u0259n, R\u0259\u015fad Mikay\u0131lzad\u0259 \u00f6l\u00fcm\u00fcnd\u0259n sonra \u201cV\u0259t\u0259n u\u011frunda\u201d, \u201cD\u00f6y\u00fc\u015fd\u0259 f\u0259rql\u0259nm\u0259y\u0259 g\u00f6r\u0259\u201d v\u0259 \u201cXocav\u0259ndin azad olunmas\u0131na g\u00f6r\u0259\u201d medallar\u0131 il\u0259 t\u0259ltif edilib.<\/p>\n<p>Leytenant\u00a0<strong>Quliyev H\u0259s\u0259n \u0130brahim o\u011flu<\/strong>\u00a01996-c\u0131 ild\u0259 \u015e\u0259rur rayonunun Qarah\u0259s\u0259nli k\u0259ndind\u0259 anadan olub. 2015-2019-cu ill\u0259rd\u0259 Heyd\u0259r \u018fliyev ad\u0131na Az\u0259rbaycan Ali H\u0259rbi M\u0259kt\u0259bind\u0259 (AAHM) ali h\u0259rbi t\u0259hsil al\u0131b. V\u0259t\u0259n m\u00fcharib\u0259si zaman\u0131 T\u0259rt\u0259r rayonunun Suqovu\u015fan q\u0259s\u0259b\u0259sinin azadl\u0131\u011f\u0131 u\u011frunda ged\u0259n d\u00f6y\u00fc\u015fl\u0259rd\u0259 sava\u015f\u0131b. H\u0259s\u0259n Quliyev oktyabr\u0131n 12-d\u0259 Suqovu\u015fan d\u00f6y\u00fc\u015fl\u0259ri zaman\u0131 \u015f\u0259hidlik zirv\u0259sin\u0259 ucal\u0131b.<\/p>\n<p><img src=\"https:\/\/cdn.oxu.az\/uploads\/W1siZiIsIjIwMjEvMDkvMzAvMTMvNTMvMTYvMTQzZGJhMDItY2Y1Yy00OGVhLWIyOTItZTIwYTQ1NTE1YWEwLzE4MDI1NV9uams2dnlhZXdpLmpwZyJdLFsicCIsImVuY29kZSIsImpwZyIsIi1xdWFsaXR5IDgwIl0sWyJwIiwidGh1bWIiLCI1OTB4NTkwXHUwMDNlIl1d?sha=8ad417c7945e6951\" alt=\"\" \/><\/p>\n<p>Prezident \u0130lham \u018fliyevin m\u00fcvafiq s\u0259r\u0259ncam\u0131na \u0259sas\u0259n, H\u0259s\u0259n Quliyev \u00f6l\u00fcm\u00fcnd\u0259n sonra \u201cV\u0259t\u0259n u\u011frunda\u201d medal\u0131 il\u0259 t\u0259ltif olunub.<\/p>\n","protected":false},"excerpt":{"rendered":"<p>Bu g\u00fcn Az\u0259rbaycan\u0131n \u0259razi b\u00fct\u00f6vl\u00fcy\u00fc u\u011frunda 27 sentyabrda ba\u015flanan\u00a0V\u0259t\u0259n m\u00fcharib\u0259sind\u0259 i\u015ftirak ed\u0259n q\u0259hr\u0259man \u015f\u0259hidl\u0259rimizd\u0259n be\u015f n\u0259f\u0259rin do\u011fum g\u00fcn\u00fcd\u00fcr. ARANTV.AZ V\u0259t\u0259n m\u00fcharib\u0259si \u015f\u0259hidl\u0259rinin \u0259ziz xatir\u0259sini ehtiram v\u0259 h\u00f6rm\u0259tl\u0259 yad edir: \u018fsg\u0259r\u00a0C\u0259f\u0259rzad\u0259 \u0130sray\u0131l Namiq o\u011flu\u00a02000-ci ild\u0259 Bak\u0131 \u015f\u0259h\u0259ri Sabun\u00e7u rayonunda anadan olub. \u018fsl\u0259n A\u011fsu rayonundan olan \u0130.C\u0259f\u0259rzad\u0259 2007-ci ild\u0259 Akif Qambayzad\u0259 ad\u0131na Sabun\u00e7u rayon 148 n\u00f6mr\u0259li m\u0259kt\u0259bd\u0259 1-ci sinif\u0259 daxil olub. O, s\u0259rb\u0259st g\u00fcl\u0259\u015f idman n\u00f6v\u00fc il\u0259 d\u0259 m\u0259\u015f\u011ful olub. Rayonlararas\u0131 ke\u00e7iril\u0259n yar\u0131\u015flarda 1-ci, 2-ci v\u0259 3-c\u00fc yerl\u0259ri tutaraq, m\u00fcxt\u0259lif diplomlar v\u0259 medallarla t\u0259ltif olunub. T\u0259hsilini bitirdikd\u0259n sonra 2019-cu ild\u0259 h\u0259rbi xidm\u0259t\u0259&hellip;<\/p>\n","protected":false},"author":2,"featured_media":267139,"comment_status":"closed","ping_status":"closed","sticky":false,"template":"","format":"standard","meta":{"om_disable_all_campaigns":false,"_monsterinsights_skip_tracking":false,"_monsterinsights_sitenote_active":false,"_monsterinsights_sitenote_note":"","_monsterinsights_sitenote_category":0},"categories":[26],"tags":[],"aioseo_notices":[],"gutentor_comment":0,"rttpg_featured_image_url":{"full":["https:\/\/arantv.az\/wp-content\/uploads\/2021\/01\/sehidler-sekil.jpg",620,414,false],"landscape":["https:\/\/arantv.az\/wp-content\/uploads\/2021\/01\/sehidler-sekil.jpg",620,414,false],"portraits":["https:\/\/arantv.az\/wp-content\/uploads\/2021\/01\/sehidler-sekil.jpg",620,414,false],"thumbnail":["https:\/\/arantv.az\/wp-content\/uploads\/2021\/01\/sehidler-sekil-150x150.jpg",150,150,true],"medium":["https:\/\/arantv.az\/wp-content\/uploads\/2021\/01\/sehidler-sekil-300x200.jpg",300,200,true],"large":["https:\/\/arantv.az\/wp-content\/uploads\/2021\/01\/sehidler-sekil.jpg",620,414,false],"1536x1536":["https:\/\/arantv.az\/wp-content\/uploads\/2021\/01\/sehidler-sekil.jpg",620,414,false],"2048x2048":["https:\/\/arantv.az\/wp-content\/uploads\/2021\/01\/sehidler-sekil.jpg",620,414,false],"post-thumbnail":["https:\/\/arantv.az\/wp-content\/uploads\/2021\/01\/sehidler-sekil-240x172.jpg",240,172,true],"advps-thumb-one":["https:\/\/arantv.az\/wp-content\/uploads\/2021\/01\/sehidler-sekil.jpg",620,414,false]},"rttpg_author":{"display_name":"V\u00fcsal Rafiqo\u011flu","author_link":"https:\/\/arantv.az\/?author=2"},"rttpg_comment":0,"rttpg_category":"<a href=\"https:\/\/arantv.az\/?cat=26\" rel=\"category\">Sosial<\/a>","rttpg_excerpt":"Bu g\u00fcn Az\u0259rbaycan\u0131n \u0259razi b\u00fct\u00f6vl\u00fcy\u00fc u\u011frunda 27 sentyabrda ba\u015flanan\u00a0V\u0259t\u0259n m\u00fcharib\u0259sind\u0259 i\u015ftirak ed\u0259n q\u0259hr\u0259man \u015f\u0259hidl\u0259rimizd\u0259n be\u015f n\u0259f\u0259rin do\u011fum g\u00fcn\u00fcd\u00fcr. ARANTV.AZ V\u0259t\u0259n m\u00fcharib\u0259si \u015f\u0259hidl\u0259rinin \u0259ziz xatir\u0259sini ehtiram v\u0259 h\u00f6rm\u0259tl\u0259 yad edir: \u018fsg\u0259r\u00a0C\u0259f\u0259rzad\u0259 \u0130sray\u0131l Namiq o\u011flu\u00a02000-ci ild\u0259 Bak\u0131 \u015f\u0259h\u0259ri Sabun\u00e7u rayonunda anadan olub. \u018fsl\u0259n A\u011fsu rayonundan olan \u0130.C\u0259f\u0259rzad\u0259 2007-ci ild\u0259 Akif Qambayzad\u0259 ad\u0131na Sabun\u00e7u rayon 148 n\u00f6mr\u0259li m\u0259kt\u0259bd\u0259&hellip;","_links":{"self":[{"href":"https:\/\/arantv.az\/index.php?rest_route=\/wp\/v2\/posts\/384484"}],"collection":[{"href":"https:\/\/arantv.az\/index.php?rest_route=\/wp\/v2\/posts"}],"about":[{"href":"https:\/\/arantv.az\/index.php?rest_route=\/wp\/v2\/types\/post"}],"author":[{"embeddable":true,"href":"https:\/\/arantv.az\/index.php?rest_route=\/wp\/v2\/users\/2"}],"replies":[{"embeddable":true,"href":"https:\/\/arantv.az\/index.php?rest_route=%2Fwp%2Fv2%2Fcomments&post=384484"}],"version-history":[{"count":0,"href":"https:\/\/arantv.az\/index.php?rest_route=\/wp\/v2\/posts\/384484\/revisions"}],"wp:featuredmedia":[{"embeddable":true,"href":"https:\/\/arantv.az\/index.php?rest_route=\/wp\/v2\/media\/267139"}],"wp:attachment":[{"href":"https:\/\/arantv.az\/index.php?rest_route=%2Fwp%2Fv2%2Fmedia&parent=384484"}],"wp:term":[{"taxonomy":"category","embeddable":true,"href":"https:\/\/arantv.az\/index.php?rest_route=%2Fwp%2Fv2%2Fcategories&post=384484"},{"taxonomy":"post_tag","embeddable":true,"href":"https:\/\/arantv.az\/index.php?rest_route=%2Fwp%2Fv2%2Ftags&post=384484"}],"curies":[{"name":"wp","href":"https:\/\/api.w.org\/{rel}","templated":true}]}}