{"id":384531,"date":"2021-09-30T15:24:08","date_gmt":"2021-09-30T12:24:08","guid":{"rendered":"http:\/\/arantv.az\/?p=384531"},"modified":"2021-09-30T15:24:08","modified_gmt":"2021-09-30T12:24:08","slug":"bakida-regionun-%c9%99n-boyuk-kitab-festivali-keciril%c9%99c%c9%99k","status":"publish","type":"post","link":"https:\/\/arantv.az\/?p=384531","title":{"rendered":"Bak\u0131da regionun \u0259n b\u00f6y\u00fck kitab festival\u0131 ke\u00e7iril\u0259c\u0259k"},"content":{"rendered":"<p>M\u0259d\u0259niyy\u0259t Nazirliyinin t\u0259\u015fkilat\u00e7\u0131l\u0131\u011f\u0131 il\u0259 6-10 oktyabr 2021-ci il tarixind\u0259 Bak\u0131 Ekspo M\u0259rk\u0259zind\u0259 VII Bak\u0131 Beyn\u0259lxalq Kitab S\u0259rgi-Yarmarkas\u0131 ke\u00e7iril\u0259c\u0259k.<\/p>\n<p>M\u0259d\u0259niyy\u0259t Nazirliyind\u0259n\u00a0veril\u0259n m\u0259lumata g\u00f6r\u0259, kitab festival\u0131 dahi Az\u0259rbaycan \u015fairi v\u0259 m\u00fct\u0259f\u0259kkiri Nizami G\u0259nc\u0259vinin 880 illik yubileyin\u0259 ithaf olunur.<\/p>\n<p>S\u0259rginin \u0259sas m\u0259qs\u0259di c\u0259miyy\u0259td\u0259 kitaba olan mara\u011f\u0131 art\u0131rmaq v\u0259 m\u00fctali\u0259 m\u0259d\u0259niyy\u0259tini t\u0259bli\u011f etm\u0259k, oxucular\u0131 n\u0259\u015friyyat i\u015fi sah\u0259sind\u0259 olan r\u0259q\u0259msal yenilikl\u0259rl\u0259 tan\u0131\u015f etm\u0259k, \u00f6lk\u0259mizd\u0259 kitab s\u0259nayesi sektorunun v\u0259 m\u00fcasir \u0259d\u0259bi prosesl\u0259rin inki\u015faf\u0131n\u0131 d\u0259st\u0259kl\u0259m\u0259kdir.<\/p>\n<p>\u0130\u015ftirak\u00e7\u0131lar \u00fc\u00e7\u00fcn 6 kvadrat metr\u0259 q\u0259d\u0259r ekspozisiya sah\u0259si v\u0259 laz\u0131m\u0131 avadanl\u0131qlar M\u0259d\u0259niyy\u0259t Nazirliyi t\u0259r\u0259find\u0259n \u00f6d\u0259ni\u015fsiz olaraq t\u0259min edilir.<\/p>\n<p>VII Bak\u0131 Beyn\u0259lxalq Kitab S\u0259rgi-Yarmarkas\u0131nda 43 xarici t\u0259\u015fkilat, 99 yerli n\u0259\u015friyyat-poliqrafiya v\u0259 kitab s\u0259n\u0259ti il\u0259 \u0259laq\u0259li m\u00fc\u0259ssis\u0259 i\u015ftirak ed\u0259c\u0259k v\u0259 s\u0259rgi m\u00fcdd\u0259tind\u0259 m\u00fcxt\u0259lif formatda 139 t\u0259dbir t\u0259\u015fkil olunacaq.<\/p>\n<p>S\u0259rgid\u0259 u\u015faqlar \u00fc\u00e7\u00fcn Nizami G\u0259nc\u0259vinin \u0259s\u0259rl\u0259rinin motivl\u0259ri \u0259sas\u0131nda kukla tama\u015falar\u0131, &#8220;u\u015faq al\u0259mi&#8221;, na\u011f\u0131l saatlar\u0131, u\u015faq yazarlar\u0131 il\u0259 g\u00f6r\u00fc\u015fl\u0259r, u\u015faqlar v\u0259 b\u00f6y\u00fckl\u0259r \u00fc\u00e7\u00fcn master-klaslar, inkl\u00fczivlik v\u0259 dig\u0259r aktual m\u00f6vzular \u00fczr\u0259 kitab t\u0259qdimatlar\u0131, imza g\u00fcnl\u0259ri, konfranslar, simpoziumlar, kitab s\u0259nayesi sektorunun subyektl\u0259ri aras\u0131nda \u0259m\u0259kda\u015fl\u0131q platformalar\u0131 v\u0259 musiqi proqramlar\u0131 t\u0259\u015fkil edil\u0259c\u0259k.<\/p>\n<p>Az\u0259rbaycan\u0131n xalq yaz\u0131\u00e7\u0131lar\u0131 v\u0259 \u015fairl\u0259ri, tan\u0131nm\u0131\u015f g\u0259nc yazarlar v\u0259 m\u0259\u015fhur xarici yaz\u0131\u00e7\u0131lar v\u0259 aktyorlar s\u0259rgid\u0259 i\u015ftirak ed\u0259c\u0259kl\u0259r.<\/p>\n<p>\u00c7ingiz Abdullayev, G\u00fclseren Bu\u011fday\u0131c\u0131o\u011flu, Elxan Elatl\u0131, Sinan Ya\u011fmur, To\u011frul Mehti Niyazi, Ercan Kesel v\u0259 dig\u0259r tan\u0131nm\u0131\u015f yaz\u0131\u00e7\u0131 v\u0259 m\u0259\u015fhur \u015f\u0259xsl\u0259r s\u0259rgid\u0259 g\u00fcn\u00fcn &#8220;f\u0259xri qona\u011f\u0131&#8221; olacaqlar.<\/p>\n<p>\u0130\u015ftirak\u00e7\u0131lar t\u0259r\u0259find\u0259n s\u0259rgid\u0259 sat\u0131\u015fa \u00e7\u0131xar\u0131lacaq b\u00fct\u00fcn kitabalara b\u00f6y\u00fck endiriml\u0259r n\u0259z\u0259rd\u0259 tutulur.<\/p>\n<p>Ziyar\u0259t\u00e7il\u0259r \u00fc\u00e7\u00fcn s\u0259rgiy\u0259 &#8220;Koro\u011flu&#8221; metro stansiyas\u0131ndan h\u0259r yar\u0131m saatdan bir, &#8220;Elml\u0259r Akademiyas\u0131&#8221; stansiyas\u0131n\u0131n yan\u0131ndan is\u0259 h\u0259r saatdan bir avtobuslar h\u0259r\u0259k\u0259t ed\u0259c\u0259k.<\/p>\n<p>S\u0259rginin sponsoru &#8211; &#8220;BP&#8221; \u015firk\u0259ti, ba\u015f TV t\u0259r\u0259fda\u015f\u0131 &#8211; Az\u0259rbaycan \u0130ctimai Televiziyas\u0131 v\u0259 festivala t\u0259\u015fkilati d\u0259st\u0259yi &#8220;Caspian Event Organisers&#8221; \u015firk\u0259ti h\u0259yata ke\u00e7irir.<\/p>\n<p>&nbsp;<\/p>\n<div id=\"AinsyndicationPlayerId\" class=\"inpage\" data-viewable=\"1\">\n<div class=\"inpage-wrap\">\n<div class=\"inpage-top\">\n<div class=\"adsg-logo-text\"><\/div>\n<\/div>\n<\/div>\n<\/div>\n<p>&nbsp;<\/p>\n","protected":false},"excerpt":{"rendered":"<p>M\u0259d\u0259niyy\u0259t Nazirliyinin t\u0259\u015fkilat\u00e7\u0131l\u0131\u011f\u0131 il\u0259 6-10 oktyabr 2021-ci il tarixind\u0259 Bak\u0131 Ekspo M\u0259rk\u0259zind\u0259 VII Bak\u0131 Beyn\u0259lxalq Kitab S\u0259rgi-Yarmarkas\u0131 ke\u00e7iril\u0259c\u0259k. M\u0259d\u0259niyy\u0259t Nazirliyind\u0259n\u00a0veril\u0259n m\u0259lumata g\u00f6r\u0259, kitab festival\u0131 dahi Az\u0259rbaycan \u015fairi v\u0259 m\u00fct\u0259f\u0259kkiri Nizami G\u0259nc\u0259vinin 880 illik yubileyin\u0259 ithaf olunur. S\u0259rginin \u0259sas m\u0259qs\u0259di c\u0259miyy\u0259td\u0259 kitaba olan mara\u011f\u0131 art\u0131rmaq v\u0259 m\u00fctali\u0259 m\u0259d\u0259niyy\u0259tini t\u0259bli\u011f etm\u0259k, oxucular\u0131 n\u0259\u015friyyat i\u015fi sah\u0259sind\u0259 olan r\u0259q\u0259msal yenilikl\u0259rl\u0259 tan\u0131\u015f etm\u0259k, \u00f6lk\u0259mizd\u0259 kitab s\u0259nayesi sektorunun v\u0259 m\u00fcasir \u0259d\u0259bi prosesl\u0259rin inki\u015faf\u0131n\u0131 d\u0259st\u0259kl\u0259m\u0259kdir. \u0130\u015ftirak\u00e7\u0131lar \u00fc\u00e7\u00fcn 6 kvadrat metr\u0259 q\u0259d\u0259r ekspozisiya sah\u0259si v\u0259 laz\u0131m\u0131 avadanl\u0131qlar M\u0259d\u0259niyy\u0259t Nazirliyi t\u0259r\u0259find\u0259n \u00f6d\u0259ni\u015fsiz olaraq t\u0259min edilir. VII Bak\u0131 Beyn\u0259lxalq Kitab&hellip;<\/p>\n","protected":false},"author":2,"featured_media":384532,"comment_status":"closed","ping_status":"closed","sticky":false,"template":"","format":"standard","meta":{"om_disable_all_campaigns":false,"_monsterinsights_skip_tracking":false,"_monsterinsights_sitenote_active":false,"_monsterinsights_sitenote_note":"","_monsterinsights_sitenote_category":0},"categories":[26],"tags":[],"aioseo_notices":[],"gutentor_comment":0,"rttpg_featured_image_url":{"full":["https:\/\/arantv.az\/wp-content\/uploads\/2021\/09\/kitab_0258-1.jpg",800,600,false],"landscape":["https:\/\/arantv.az\/wp-content\/uploads\/2021\/09\/kitab_0258-1.jpg",800,600,false],"portraits":["https:\/\/arantv.az\/wp-content\/uploads\/2021\/09\/kitab_0258-1.jpg",800,600,false],"thumbnail":["https:\/\/arantv.az\/wp-content\/uploads\/2021\/09\/kitab_0258-1-500x280.jpg",500,280,true],"medium":["https:\/\/arantv.az\/wp-content\/uploads\/2021\/09\/kitab_0258-1-487x365.jpg",487,365,true],"large":["https:\/\/arantv.az\/wp-content\/uploads\/2021\/09\/kitab_0258-1.jpg",640,480,false],"1536x1536":["https:\/\/arantv.az\/wp-content\/uploads\/2021\/09\/kitab_0258-1.jpg",800,600,false],"2048x2048":["https:\/\/arantv.az\/wp-content\/uploads\/2021\/09\/kitab_0258-1.jpg",800,600,false],"post-thumbnail":["https:\/\/arantv.az\/wp-content\/uploads\/2021\/09\/kitab_0258-1-240x172.jpg",240,172,true],"advps-thumb-one":["https:\/\/arantv.az\/wp-content\/uploads\/2021\/09\/kitab_0258-1.jpg",800,600,false]},"rttpg_author":{"display_name":"V\u00fcsal Rafiqo\u011flu","author_link":"https:\/\/arantv.az\/?author=2"},"rttpg_comment":0,"rttpg_category":"<a href=\"https:\/\/arantv.az\/?cat=26\" rel=\"category\">Sosial<\/a>","rttpg_excerpt":"M\u0259d\u0259niyy\u0259t Nazirliyinin t\u0259\u015fkilat\u00e7\u0131l\u0131\u011f\u0131 il\u0259 6-10 oktyabr 2021-ci il tarixind\u0259 Bak\u0131 Ekspo M\u0259rk\u0259zind\u0259 VII Bak\u0131 Beyn\u0259lxalq Kitab S\u0259rgi-Yarmarkas\u0131 ke\u00e7iril\u0259c\u0259k. M\u0259d\u0259niyy\u0259t Nazirliyind\u0259n\u00a0veril\u0259n m\u0259lumata g\u00f6r\u0259, kitab festival\u0131 dahi Az\u0259rbaycan \u015fairi v\u0259 m\u00fct\u0259f\u0259kkiri Nizami G\u0259nc\u0259vinin 880 illik yubileyin\u0259 ithaf olunur. S\u0259rginin \u0259sas m\u0259qs\u0259di c\u0259miyy\u0259td\u0259 kitaba olan mara\u011f\u0131 art\u0131rmaq v\u0259 m\u00fctali\u0259 m\u0259d\u0259niyy\u0259tini t\u0259bli\u011f etm\u0259k, oxucular\u0131 n\u0259\u015friyyat i\u015fi sah\u0259sind\u0259 olan r\u0259q\u0259msal&hellip;","_links":{"self":[{"href":"https:\/\/arantv.az\/index.php?rest_route=\/wp\/v2\/posts\/384531"}],"collection":[{"href":"https:\/\/arantv.az\/index.php?rest_route=\/wp\/v2\/posts"}],"about":[{"href":"https:\/\/arantv.az\/index.php?rest_route=\/wp\/v2\/types\/post"}],"author":[{"embeddable":true,"href":"https:\/\/arantv.az\/index.php?rest_route=\/wp\/v2\/users\/2"}],"replies":[{"embeddable":true,"href":"https:\/\/arantv.az\/index.php?rest_route=%2Fwp%2Fv2%2Fcomments&post=384531"}],"version-history":[{"count":0,"href":"https:\/\/arantv.az\/index.php?rest_route=\/wp\/v2\/posts\/384531\/revisions"}],"wp:featuredmedia":[{"embeddable":true,"href":"https:\/\/arantv.az\/index.php?rest_route=\/wp\/v2\/media\/384532"}],"wp:attachment":[{"href":"https:\/\/arantv.az\/index.php?rest_route=%2Fwp%2Fv2%2Fmedia&parent=384531"}],"wp:term":[{"taxonomy":"category","embeddable":true,"href":"https:\/\/arantv.az\/index.php?rest_route=%2Fwp%2Fv2%2Fcategories&post=384531"},{"taxonomy":"post_tag","embeddable":true,"href":"https:\/\/arantv.az\/index.php?rest_route=%2Fwp%2Fv2%2Ftags&post=384531"}],"curies":[{"name":"wp","href":"https:\/\/api.w.org\/{rel}","templated":true}]}}