{"id":384537,"date":"2021-09-30T15:45:21","date_gmt":"2021-09-30T12:45:21","guid":{"rendered":"http:\/\/arantv.az\/?p=384537"},"modified":"2021-09-30T15:45:21","modified_gmt":"2021-09-30T12:45:21","slug":"s%c9%99hid-ail%c9%99l%c9%99ri-v%c9%99-qazil%c9%99r%c9%99-sosial-d%c9%99st%c9%99k-ucun-17-qanuna-%c9%99lav%c9%99-v%c9%99-d%c9%99yisiklik-edilib","status":"publish","type":"post","link":"https:\/\/arantv.az\/?p=384537","title":{"rendered":"\u015e\u0259hid ail\u0259l\u0259ri v\u0259 qazil\u0259r\u0259 sosial d\u0259st\u0259k \u00fc\u00e7\u00fcn 17 qanuna \u0259lav\u0259 v\u0259 d\u0259yi\u015fiklik edilib"},"content":{"rendered":"<p>\u015e\u0259hid v\u0259 qazi ail\u0259l\u0259rin\u0259 sosial qay\u011f\u0131 h\u0259r zaman Az\u0259rbaycan d\u00f6vl\u0259tinin diqq\u0259t m\u0259rk\u0259zind\u0259 olub.<\/p>\n<p><strong>ARANTV.AZ<\/strong> <a href=\"https:\/\/az.trend.az\/\" target=\"_blank\" rel=\"noopener\">Trend<\/a>-\u0259 istinad\u0259n x\u0259b\u0259r verir ki,\u00a0bunu Milli M\u0259clisin \u018fm\u0259k v\u0259 sosial siyas\u0259t komit\u0259sinin s\u0259dri Musa Quliyev Milli M\u0259clisin bu g\u00fcn ke\u00e7iril\u0259n iclas\u0131nda &#8220;\u015e\u0259hid ad\u0131n\u0131n \u0259b\u0259dil\u0259\u015fdirilm\u0259si v\u0259 \u015f\u0259hid ail\u0259l\u0259rin\u0259 edil\u0259n g\u00fcz\u0259\u015ftl\u0259r haqq\u0131nda&#8221; Az\u0259rbaycan Respublikas\u0131n\u0131n Qanununda d\u0259yi\u015fiklikl\u0259ri m\u00fczakir\u0259 ed\u0259rk\u0259n deyib.<\/p>\n<p>M.Quliyev bildirib ki, 44 g\u00fcnl\u00fck V\u0259t\u0259n m\u00fcharib\u0259sind\u0259n sonra \u015f\u0259hid ail\u0259l\u0259ri v\u0259 qazil\u0259r\u0259 sosia d\u0259st\u0259k m\u0259qs\u0259dil\u0259 17 qanuna \u0259lav\u0259 v\u0259 d\u0259yi\u015fiklik edilib.<\/p>\n<p>O qeyd edib ki, 30 min bu kateqoriyadan olan \u015f\u0259xs qay\u011f\u0131 il\u0259 \u0259hat\u0259 olunub. 1293 yaral\u0131 h\u0259rbi\u00e7i ziyar\u0259t edilib, onlar\u0131n z\u0259ruri ehtiyaclar\u0131 \u00f6yr\u0259nilib, 1200 m\u00fcharib\u0259 \u0259llili 8830 reabiliasuya vasit\u0259l\u0259ri il\u0259 t\u0259min edilib.M.Quliyev bildirib ki, bu qanun layih\u0259l\u0259ri d\u0259 bu syas\u0259tin davam\u0131d\u0131r. Haz\u0131rda qanuna edil\u0259n d\u0259yi\u015fiklik \u00f6t\u0259n sessiyada &#8220;M\u0259\u015f\u011fulluq haqq\u0131nda qanuna&#8221; edilmi\u015f d\u0259yi\u015fikliy\u0259 uy\u011funluq xarakteri da\u015f\u0131y\u0131r v\u0259 \u015f\u0259hid ail\u0259l\u0259rinin v\u0259 qazil\u0259rin i\u015fl\u0259 t\u0259min olunmas\u0131nda onlara \u00fcst\u00fcnl\u00fck verilm\u0259ini n\u0259z\u0259rd\u0259 tutur.<\/p>\n","protected":false},"excerpt":{"rendered":"<p>\u015e\u0259hid v\u0259 qazi ail\u0259l\u0259rin\u0259 sosial qay\u011f\u0131 h\u0259r zaman Az\u0259rbaycan d\u00f6vl\u0259tinin diqq\u0259t m\u0259rk\u0259zind\u0259 olub. ARANTV.AZ Trend-\u0259 istinad\u0259n x\u0259b\u0259r verir ki,\u00a0bunu Milli M\u0259clisin \u018fm\u0259k v\u0259 sosial siyas\u0259t komit\u0259sinin s\u0259dri Musa Quliyev Milli M\u0259clisin bu g\u00fcn ke\u00e7iril\u0259n iclas\u0131nda &#8220;\u015e\u0259hid ad\u0131n\u0131n \u0259b\u0259dil\u0259\u015fdirilm\u0259si v\u0259 \u015f\u0259hid ail\u0259l\u0259rin\u0259 edil\u0259n g\u00fcz\u0259\u015ftl\u0259r haqq\u0131nda&#8221; Az\u0259rbaycan Respublikas\u0131n\u0131n Qanununda d\u0259yi\u015fiklikl\u0259ri m\u00fczakir\u0259 ed\u0259rk\u0259n deyib. M.Quliyev bildirib ki, 44 g\u00fcnl\u00fck V\u0259t\u0259n m\u00fcharib\u0259sind\u0259n sonra \u015f\u0259hid ail\u0259l\u0259ri v\u0259 qazil\u0259r\u0259 sosia d\u0259st\u0259k m\u0259qs\u0259dil\u0259 17 qanuna \u0259lav\u0259 v\u0259 d\u0259yi\u015fiklik edilib. O qeyd edib ki, 30 min bu kateqoriyadan olan \u015f\u0259xs qay\u011f\u0131 il\u0259 \u0259hat\u0259 olunub. 1293 yaral\u0131 h\u0259rbi\u00e7i ziyar\u0259t&hellip;<\/p>\n","protected":false},"author":2,"featured_media":384538,"comment_status":"closed","ping_status":"closed","sticky":false,"template":"","format":"standard","meta":{"om_disable_all_campaigns":false,"_monsterinsights_skip_tracking":false,"_monsterinsights_sitenote_active":false,"_monsterinsights_sitenote_note":"","_monsterinsights_sitenote_category":0},"categories":[19],"tags":[],"aioseo_notices":[],"gutentor_comment":0,"rttpg_featured_image_url":{"full":["https:\/\/arantv.az\/wp-content\/uploads\/2021\/09\/milli_meclis_0574.jpg",800,600,false],"landscape":["https:\/\/arantv.az\/wp-content\/uploads\/2021\/09\/milli_meclis_0574.jpg",800,600,false],"portraits":["https:\/\/arantv.az\/wp-content\/uploads\/2021\/09\/milli_meclis_0574.jpg",800,600,false],"thumbnail":["https:\/\/arantv.az\/wp-content\/uploads\/2021\/09\/milli_meclis_0574-500x280.jpg",500,280,true],"medium":["https:\/\/arantv.az\/wp-content\/uploads\/2021\/09\/milli_meclis_0574-487x365.jpg",487,365,true],"large":["https:\/\/arantv.az\/wp-content\/uploads\/2021\/09\/milli_meclis_0574.jpg",640,480,false],"1536x1536":["https:\/\/arantv.az\/wp-content\/uploads\/2021\/09\/milli_meclis_0574.jpg",800,600,false],"2048x2048":["https:\/\/arantv.az\/wp-content\/uploads\/2021\/09\/milli_meclis_0574.jpg",800,600,false],"post-thumbnail":["https:\/\/arantv.az\/wp-content\/uploads\/2021\/09\/milli_meclis_0574-240x172.jpg",240,172,true],"advps-thumb-one":["https:\/\/arantv.az\/wp-content\/uploads\/2021\/09\/milli_meclis_0574.jpg",800,600,false]},"rttpg_author":{"display_name":"V\u00fcsal Rafiqo\u011flu","author_link":"https:\/\/arantv.az\/?author=2"},"rttpg_comment":0,"rttpg_category":"<a href=\"https:\/\/arantv.az\/?cat=19\" rel=\"category\">G\u00fcnd\u0259m<\/a>","rttpg_excerpt":"\u015e\u0259hid v\u0259 qazi ail\u0259l\u0259rin\u0259 sosial qay\u011f\u0131 h\u0259r zaman Az\u0259rbaycan d\u00f6vl\u0259tinin diqq\u0259t m\u0259rk\u0259zind\u0259 olub. ARANTV.AZ Trend-\u0259 istinad\u0259n x\u0259b\u0259r verir ki,\u00a0bunu Milli M\u0259clisin \u018fm\u0259k v\u0259 sosial siyas\u0259t komit\u0259sinin s\u0259dri Musa Quliyev Milli M\u0259clisin bu g\u00fcn ke\u00e7iril\u0259n iclas\u0131nda &#8220;\u015e\u0259hid ad\u0131n\u0131n \u0259b\u0259dil\u0259\u015fdirilm\u0259si v\u0259 \u015f\u0259hid ail\u0259l\u0259rin\u0259 edil\u0259n g\u00fcz\u0259\u015ftl\u0259r haqq\u0131nda&#8221; Az\u0259rbaycan Respublikas\u0131n\u0131n Qanununda d\u0259yi\u015fiklikl\u0259ri m\u00fczakir\u0259 ed\u0259rk\u0259n deyib. M.Quliyev bildirib ki, 44&hellip;","_links":{"self":[{"href":"https:\/\/arantv.az\/index.php?rest_route=\/wp\/v2\/posts\/384537"}],"collection":[{"href":"https:\/\/arantv.az\/index.php?rest_route=\/wp\/v2\/posts"}],"about":[{"href":"https:\/\/arantv.az\/index.php?rest_route=\/wp\/v2\/types\/post"}],"author":[{"embeddable":true,"href":"https:\/\/arantv.az\/index.php?rest_route=\/wp\/v2\/users\/2"}],"replies":[{"embeddable":true,"href":"https:\/\/arantv.az\/index.php?rest_route=%2Fwp%2Fv2%2Fcomments&post=384537"}],"version-history":[{"count":0,"href":"https:\/\/arantv.az\/index.php?rest_route=\/wp\/v2\/posts\/384537\/revisions"}],"wp:featuredmedia":[{"embeddable":true,"href":"https:\/\/arantv.az\/index.php?rest_route=\/wp\/v2\/media\/384538"}],"wp:attachment":[{"href":"https:\/\/arantv.az\/index.php?rest_route=%2Fwp%2Fv2%2Fmedia&parent=384537"}],"wp:term":[{"taxonomy":"category","embeddable":true,"href":"https:\/\/arantv.az\/index.php?rest_route=%2Fwp%2Fv2%2Fcategories&post=384537"},{"taxonomy":"post_tag","embeddable":true,"href":"https:\/\/arantv.az\/index.php?rest_route=%2Fwp%2Fv2%2Ftags&post=384537"}],"curies":[{"name":"wp","href":"https:\/\/api.w.org\/{rel}","templated":true}]}}