{"id":384540,"date":"2021-09-30T15:45:51","date_gmt":"2021-09-30T12:45:51","guid":{"rendered":"http:\/\/arantv.az\/?p=384540"},"modified":"2021-09-30T15:45:51","modified_gmt":"2021-09-30T12:45:51","slug":"s%c9%99hidin-adi-m%c9%99kt%c9%99b-sinfin%c9%99-verildi","status":"publish","type":"post","link":"https:\/\/arantv.az\/?p=384540","title":{"rendered":"\u015e\u0259hidin ad\u0131 m\u0259kt\u0259b sinfin\u0259 verildi"},"content":{"rendered":"<p>Bak\u0131dak\u0131 6 n\u00f6mr\u0259li tam orta m\u0259kt\u0259bin 4c sinfin\u0259 V\u0259t\u0259n m\u00fcharib\u0259si \u015f\u0259hidinin ad\u0131 verilib.<\/p>\n<p>M\u0259lumat\u0131na g\u00f6r\u0259, m\u0259kt\u0259bin h\u0259min sinfi bundan sonra \u015f\u0259hid g\u00f6mr\u00fck\u00e7\u00fc \u00dclvi Hac\u0131yevin ad\u0131n\u0131 da\u015f\u0131yacaq.<\/p>\n<p>Qeyd ed\u0259k ki, \u00dclvi Hac\u0131yev\u00a01994-c\u00fc il\u00a0noyabr\u0131n 13-d\u0259\u00a0Suraxan\u0131 rayonunda anadan olub.<\/p>\n<div id=\"AdviadNativeVideo0\" class=\"AdviadNativeVideo\"><\/div>\n<p>2001-2012-ci ill\u0259rd\u0259\u00a0Suraxan\u0131 rayonunda\u00a0R.\u018fnna\u011f\u0131yev ad\u0131na 141 n\u00f6mr\u0259li tam orta m\u0259kt\u0259bd\u0259 t\u0259hsil al\u0131b. 2012-2016-c\u0131 ill\u0259rd\u0259\u00a0Az\u0259rbaycan D\u00f6vl\u0259t \u0130qtisad Universitetind\u0259 (AD\u0130U) \u00fczr\u0259 ali t\u0259hsil al\u0131b. 2016-2018-ci ill\u0259rd\u0259 is\u0259 h\u0259min universitetd\u0259 \u201cbiznesin idar\u0259 edilm\u0259si\u201d \u00fczr\u0259 magistr d\u0259r\u0259c\u0259sin\u0259 yiy\u0259l\u0259nib. 2019-cu ild\u0259n\u00a0D\u00f6vl\u0259t G\u00f6mr\u00fck Komit\u0259sinin (DGK)\u00a0Q\u0131rm\u0131z\u0131 K\u00f6rp\u00fc S\u0259rh\u0259d-Ke\u00e7id M\u0259nt\u0259q\u0259sinin\u00a0postunda \u00e7al\u0131\u015f\u0131rd\u0131. Subay idi.<\/p>\n<p>\u00dclvi Hac\u0131yev 2018-2019-cu ill\u0259rd\u0259\u00a0Az\u0259rbaycan Silahl\u0131 Q\u00fcvv\u0259l\u0259rinin\u00a0s\u0131ralar\u0131nda m\u00fcdd\u0259tli h\u0259qiqi h\u0259rbi xidm\u0259td\u0259 olub. 2020-ci il sentyabr\u0131n 27-d\u0259\u00a0Az\u0259rbaycan Silahl\u0131 Q\u00fcvv\u0259l\u0259ri\u00a0t\u0259r\u0259find\u0259n\u00a0Erm\u0259nistan\u00a0i\u015f\u011fal\u0131 alt\u0131nda olan \u0259razil\u0259rin azad edilm\u0259si v\u0259\u00a0Az\u0259rbaycan\u0131n\u00a0\u0259razi b\u00fct\u00f6vl\u00fcy\u00fcn\u00fcn b\u0259rpa olunmas\u0131 \u00fc\u00e7\u00fcn ba\u015flanan\u00a0V\u0259t\u0259n m\u00fcharib\u0259si\u00a0zaman\u0131\u00a0C\u0259bray\u0131l\u0131n,\u00a0Hadrut q\u0259s\u0259b\u0259sinin\u00a0v\u0259\u00a0F\u00fczulinin azadl\u0131\u011f\u0131 u\u011frunda ged\u0259n d\u00f6y\u00fc\u015fl\u0259rd\u0259\u00a0i\u015ftirak edib. O, oktyabr\u0131n 19-da\u00a0F\u00fczuli d\u00f6y\u00fc\u015fl\u0259ri\u00a0zaman\u0131 \u015f\u0259hid olub. Uzun m\u00fcdd\u0259t n\u0259\u015fi tap\u0131lmay\u0131b. 5 dekabr 2020-ci il tarixd\u0259 \u0130kinci\u00a0\u015e\u0259hidl\u0259r xiyaban\u0131nda\u00a0d\u0259fn olunub.<\/p>\n<p>Prezident\u00a0\u0130lham \u018fliyevin\u00a0m\u00fcvafiq s\u0259r\u0259ncamlar\u0131 il\u0259 \u00dclvi Hac\u0131yev \u00f6l\u00fcm\u00fcnd\u0259n sonra\u00a0\u201cV\u0259t\u0259n u\u011frunda\u201d medal\u0131\u00a0v\u0259 \u201cF\u00fczulinin azad olunmas\u0131na g\u00f6r\u0259\u201d medal\u0131 il\u0259 t\u0259ltif edilib.<\/p>\n<p>M\u0259nb\u0259:\u00a0Modern.az<\/p>\n","protected":false},"excerpt":{"rendered":"<p>Bak\u0131dak\u0131 6 n\u00f6mr\u0259li tam orta m\u0259kt\u0259bin 4c sinfin\u0259 V\u0259t\u0259n m\u00fcharib\u0259si \u015f\u0259hidinin ad\u0131 verilib. M\u0259lumat\u0131na g\u00f6r\u0259, m\u0259kt\u0259bin h\u0259min sinfi bundan sonra \u015f\u0259hid g\u00f6mr\u00fck\u00e7\u00fc \u00dclvi Hac\u0131yevin ad\u0131n\u0131 da\u015f\u0131yacaq. Qeyd ed\u0259k ki, \u00dclvi Hac\u0131yev\u00a01994-c\u00fc il\u00a0noyabr\u0131n 13-d\u0259\u00a0Suraxan\u0131 rayonunda anadan olub. 2001-2012-ci ill\u0259rd\u0259\u00a0Suraxan\u0131 rayonunda\u00a0R.\u018fnna\u011f\u0131yev ad\u0131na 141 n\u00f6mr\u0259li tam orta m\u0259kt\u0259bd\u0259 t\u0259hsil al\u0131b. 2012-2016-c\u0131 ill\u0259rd\u0259\u00a0Az\u0259rbaycan D\u00f6vl\u0259t \u0130qtisad Universitetind\u0259 (AD\u0130U) \u00fczr\u0259 ali t\u0259hsil al\u0131b. 2016-2018-ci ill\u0259rd\u0259 is\u0259 h\u0259min universitetd\u0259 \u201cbiznesin idar\u0259 edilm\u0259si\u201d \u00fczr\u0259 magistr d\u0259r\u0259c\u0259sin\u0259 yiy\u0259l\u0259nib. 2019-cu ild\u0259n\u00a0D\u00f6vl\u0259t G\u00f6mr\u00fck Komit\u0259sinin (DGK)\u00a0Q\u0131rm\u0131z\u0131 K\u00f6rp\u00fc S\u0259rh\u0259d-Ke\u00e7id M\u0259nt\u0259q\u0259sinin\u00a0postunda \u00e7al\u0131\u015f\u0131rd\u0131. Subay idi. \u00dclvi Hac\u0131yev 2018-2019-cu ill\u0259rd\u0259\u00a0Az\u0259rbaycan Silahl\u0131 Q\u00fcvv\u0259l\u0259rinin\u00a0s\u0131ralar\u0131nda m\u00fcdd\u0259tli h\u0259qiqi h\u0259rbi xidm\u0259td\u0259&hellip;<\/p>\n","protected":false},"author":2,"featured_media":384541,"comment_status":"closed","ping_status":"closed","sticky":false,"template":"","format":"standard","meta":{"om_disable_all_campaigns":false,"_monsterinsights_skip_tracking":false,"_monsterinsights_sitenote_active":false,"_monsterinsights_sitenote_note":"","_monsterinsights_sitenote_category":0},"categories":[26],"tags":[],"aioseo_notices":[],"gutentor_comment":0,"rttpg_featured_image_url":{"full":["https:\/\/arantv.az\/wp-content\/uploads\/2021\/09\/FotoJet-2021-09-30T152602.096.jpg",620,413,false],"landscape":["https:\/\/arantv.az\/wp-content\/uploads\/2021\/09\/FotoJet-2021-09-30T152602.096.jpg",620,413,false],"portraits":["https:\/\/arantv.az\/wp-content\/uploads\/2021\/09\/FotoJet-2021-09-30T152602.096.jpg",620,413,false],"thumbnail":["https:\/\/arantv.az\/wp-content\/uploads\/2021\/09\/FotoJet-2021-09-30T152602.096-500x280.jpg",500,280,true],"medium":["https:\/\/arantv.az\/wp-content\/uploads\/2021\/09\/FotoJet-2021-09-30T152602.096-548x365.jpg",548,365,true],"large":["https:\/\/arantv.az\/wp-content\/uploads\/2021\/09\/FotoJet-2021-09-30T152602.096.jpg",620,413,false],"1536x1536":["https:\/\/arantv.az\/wp-content\/uploads\/2021\/09\/FotoJet-2021-09-30T152602.096.jpg",620,413,false],"2048x2048":["https:\/\/arantv.az\/wp-content\/uploads\/2021\/09\/FotoJet-2021-09-30T152602.096.jpg",620,413,false],"post-thumbnail":["https:\/\/arantv.az\/wp-content\/uploads\/2021\/09\/FotoJet-2021-09-30T152602.096-240x172.jpg",240,172,true],"advps-thumb-one":["https:\/\/arantv.az\/wp-content\/uploads\/2021\/09\/FotoJet-2021-09-30T152602.096.jpg",620,413,false]},"rttpg_author":{"display_name":"V\u00fcsal Rafiqo\u011flu","author_link":"https:\/\/arantv.az\/?author=2"},"rttpg_comment":0,"rttpg_category":"<a href=\"https:\/\/arantv.az\/?cat=26\" rel=\"category\">Sosial<\/a>","rttpg_excerpt":"Bak\u0131dak\u0131 6 n\u00f6mr\u0259li tam orta m\u0259kt\u0259bin 4c sinfin\u0259 V\u0259t\u0259n m\u00fcharib\u0259si \u015f\u0259hidinin ad\u0131 verilib. M\u0259lumat\u0131na g\u00f6r\u0259, m\u0259kt\u0259bin h\u0259min sinfi bundan sonra \u015f\u0259hid g\u00f6mr\u00fck\u00e7\u00fc \u00dclvi Hac\u0131yevin ad\u0131n\u0131 da\u015f\u0131yacaq. Qeyd ed\u0259k ki, \u00dclvi Hac\u0131yev\u00a01994-c\u00fc il\u00a0noyabr\u0131n 13-d\u0259\u00a0Suraxan\u0131 rayonunda anadan olub. 2001-2012-ci ill\u0259rd\u0259\u00a0Suraxan\u0131 rayonunda\u00a0R.\u018fnna\u011f\u0131yev ad\u0131na 141 n\u00f6mr\u0259li tam orta m\u0259kt\u0259bd\u0259 t\u0259hsil al\u0131b. 2012-2016-c\u0131 ill\u0259rd\u0259\u00a0Az\u0259rbaycan D\u00f6vl\u0259t \u0130qtisad Universitetind\u0259 (AD\u0130U) \u00fczr\u0259 ali&hellip;","_links":{"self":[{"href":"https:\/\/arantv.az\/index.php?rest_route=\/wp\/v2\/posts\/384540"}],"collection":[{"href":"https:\/\/arantv.az\/index.php?rest_route=\/wp\/v2\/posts"}],"about":[{"href":"https:\/\/arantv.az\/index.php?rest_route=\/wp\/v2\/types\/post"}],"author":[{"embeddable":true,"href":"https:\/\/arantv.az\/index.php?rest_route=\/wp\/v2\/users\/2"}],"replies":[{"embeddable":true,"href":"https:\/\/arantv.az\/index.php?rest_route=%2Fwp%2Fv2%2Fcomments&post=384540"}],"version-history":[{"count":0,"href":"https:\/\/arantv.az\/index.php?rest_route=\/wp\/v2\/posts\/384540\/revisions"}],"wp:featuredmedia":[{"embeddable":true,"href":"https:\/\/arantv.az\/index.php?rest_route=\/wp\/v2\/media\/384541"}],"wp:attachment":[{"href":"https:\/\/arantv.az\/index.php?rest_route=%2Fwp%2Fv2%2Fmedia&parent=384540"}],"wp:term":[{"taxonomy":"category","embeddable":true,"href":"https:\/\/arantv.az\/index.php?rest_route=%2Fwp%2Fv2%2Fcategories&post=384540"},{"taxonomy":"post_tag","embeddable":true,"href":"https:\/\/arantv.az\/index.php?rest_route=%2Fwp%2Fv2%2Ftags&post=384540"}],"curies":[{"name":"wp","href":"https:\/\/api.w.org\/{rel}","templated":true}]}}