{"id":384547,"date":"2021-09-30T17:42:13","date_gmt":"2021-09-30T14:42:13","guid":{"rendered":"http:\/\/arantv.az\/?p=384547"},"modified":"2021-09-30T17:42:13","modified_gmt":"2021-09-30T14:42:13","slug":"bakida-arvadini-oldur%c9%99n-hakim-10-il-mudd%c9%99tin%c9%99-azadliqdan-m%c9%99hrum-edildi","status":"publish","type":"post","link":"https:\/\/arantv.az\/?p=384547","title":{"rendered":"Bak\u0131da arvad\u0131n\u0131 \u00f6ld\u00fcr\u0259n hakim 10 il m\u00fcdd\u0259tin\u0259 azadl\u0131qdan m\u0259hrum edildi"},"content":{"rendered":"<p>Bak\u0131da arvad\u0131n\u0131 \u00f6ld\u00fcr\u0259n Sabun\u00e7u Rayon M\u0259hk\u0259m\u0259sinin sabiq hakimi F\u0259qan \u018fhm\u0259dovun cinay\u0259t i\u015fi \u00fczr\u0259 m\u0259hk\u0259m\u0259 prosesi ba\u015fa \u00e7at\u0131b.<\/p>\n<p>APA-n\u0131n x\u0259b\u0259rin\u0259 g\u00f6r\u0259, Bak\u0131 A\u011f\u0131r Cinay\u0259tl\u0259r M\u0259hk\u0259m\u0259sind\u0259 hakim Telman H\u00fcseynovun s\u0259drliyi il\u0259 ke\u00e7iril\u0259n prosesd\u0259 d\u00f6vl\u0259t ittiham\u00e7\u0131s\u0131 \u00e7\u0131x\u0131\u015f edib. Prokuror \u00e7\u0131x\u0131\u015f\u0131nda F\u0259qan \u018fhm\u0259dova veril\u0259n ittihamlar\u0131n m\u0259hk\u0259m\u0259 istintaq\u0131 zaman\u0131 s\u00fcbut olundu\u011funu bildir\u0259r\u0259r\u0259k t\u0259qsirl\u0259ndiril\u0259n \u015f\u0259xs F\u0259qan \u018fhm\u0259dovun 11 il m\u00fcdd\u0259tin\u0259 azadl\u0131qdan m\u0259hrum olunmas\u0131n\u0131 ist\u0259yib.<\/p>\n<p>D\u00f6vl\u0259t ittiham\u00e7\u0131s\u0131n\u0131n \u00e7\u0131x\u0131\u015f\u0131na m\u00fcnasib\u0259t bildir\u0259n v\u0259kill\u0259r bildirib ki, t\u0259qsirl\u0259ndiril\u0259n \u015f\u0259xs d\u0259f\u0259l\u0259rl\u0259 hadis\u0259nin ehtiyats\u0131zl\u0131q s\u0259b\u0259bind\u0259n t\u00f6r\u0259dildiyini qeyd edib. H\u0259m\u00e7inin m\u00fcdafi\u0259\u00e7il\u0259r d\u00f6vl\u0259t ittiham\u00e7\u0131s\u0131n\u0131n \u00e7\u0131x\u0131\u015f\u0131 il\u0259 raz\u0131 olmad\u0131qlar\u0131n\u0131, m\u00fcv\u0259kkill\u0259rinin bu g\u00fcn\u0259 q\u0259d\u0259rki f\u0259aliyy\u0259tini v\u0259 himay\u0259sind\u0259 azya\u015fl\u0131 \u00f6vladlar\u0131n\u0131n oldu\u011funu \u0259sas g\u0259tir\u0259r\u0259k m\u0259hk\u0259m\u0259d\u0259n \u0259dal\u0259tli h\u00f6km \u00e7\u0131xar\u0131lmas\u0131n\u0131 xahi\u015f edibl\u0259r.<\/p>\n<div id=\"AdviadNativeVideo0\" class=\"AdviadNativeVideo\"><\/div>\n<p>Daha sonra m\u0259hk\u0259m\u0259 t\u0259qsirl\u0259ndiril\u0259n \u015f\u0259xs\u0259 son s\u00f6z verib. F.\u018fhm\u0259dov \u00e7\u0131x\u0131\u015f\u0131nda veril\u0259n ittihamla raz\u0131 olmad\u0131\u011f\u0131n\u0131 bildirib:<\/p>\n<p>\u201cQ\u0259sd\u0259n kimis\u0259 \u00f6ld\u00fcrm\u0259k \u00fc\u00e7\u00fcn \u0259vv\u0259ld\u0259n beynind\u0259 plan qurmal\u0131san. Bu hadis\u0259 sad\u0259c\u0259, yersiz v\u0259 \u015fit bir zarafat\u0131n n\u0259tic\u0259si idi. M\u0259n P\u0259rvan\u0259ni sevir\u0259m v\u0259 son n\u0259f\u0259sim\u0259 kimi d\u0259 bel\u0259 olacaq. M\u0259n he\u00e7 vaxt onun ba\u015f\u0131ndan bir t\u00fck d\u0259 \u0259ksik olmas\u0131n\u0131 ist\u0259m\u0259mi\u015f\u0259m. Xahi\u015f edir\u0259m \u0259dal\u0259tli q\u0259rar q\u0259bul ed\u0259siniz\u201d.<\/p>\n<p>M\u0259hk\u0259m\u0259 m\u00fc\u015favir\u0259y\u0259 gedib. M\u00fc\u015favir\u0259d\u0259n sonra prosesd\u0259 h\u00f6km oxunub. H\u00f6km\u0259 \u0259sas\u0259n, F\u0259qan \u018fhm\u0259dov 10 il azadl\u0131qdan m\u0259hrum olunub.<\/p>\n<p>H\u00f6kmd\u0259 qeyd olunub ki, t\u0259qsirl\u0259ndiril\u0259n \u015f\u0259xs c\u0259zas\u0131n\u0131 ciddi rejimli c\u0259za\u00e7\u0259km\u0259 m\u00fc\u0259ssis\u0259sind\u0259 \u00e7\u0259km\u0259lidir. Onun h\u0259bs m\u00fcdd\u0259ti 2021-ci il may ay\u0131n\u0131n 30-dan hesablanacaq.<\/p>\n<p>Qeyd ed\u0259k ki, Ba\u015f prokurorlu\u011fun m\u0259lumat\u0131na g\u00f6r\u0259, bu il may\u0131n 30-da paytaxt sakini \u018fhm\u0259dova P\u0259rvan\u0259 S\u00fcleyman q\u0131z\u0131n\u0131n q\u0259sd\u0259n \u00f6ld\u00fcr\u00fclm\u0259si fakt\u0131 il\u0259 ba\u011fl\u0131 Ba\u015f Prokurorlu\u011fun \u0130stintaq idar\u0259sind\u0259 Cinay\u0259t M\u0259c\u0259ll\u0259sinin 120.1-ci (q\u0259sd\u0259n adam \u00f6ld\u00fcrm\u0259) madd\u0259si il\u0259 cinay\u0259t i\u015fi ba\u015flanaraq istintaq apar\u0131l\u0131b.<\/p>\n<p>\u0130stintaqla Bak\u0131 \u015f\u0259h\u0259ri Sabun\u00e7u rayon M\u0259hk\u0259m\u0259sinin hakimi v\u0259zif\u0259sind\u0259 i\u015fl\u0259y\u0259n \u018fhm\u0259dov F\u0259qan R\u00f6v\u015f\u0259n o\u011flunun 30 may 2021-ci il tarixd\u0259, saat 23 rad\u0259l\u0259rind\u0259 Bak\u0131 \u015f\u0259h\u0259ri Sabun\u00e7u rayonu, Nardaran q\u0259s\u0259b\u0259si, \u201cL\u0259hi\u015f ba\u011flar\u0131\u201d adlanan ya\u015fay\u0131\u015f massivind\u0259 birg\u0259 ya\u015fad\u0131qlar\u0131 evd\u0259 \u015f\u0259xsi m\u00fcnasib\u0259tl\u0259r z\u0259minind\u0259 aralar\u0131nda yaranm\u0131\u015f m\u00fcbahis\u0259 zaman\u0131 \u00f6z\u00fcn\u0259 m\u0259xsus ov t\u00fcf\u0259ngind\u0259n at\u0259\u015f a\u00e7araq arvad\u0131 P\u0259rvan\u0259 \u018fhm\u0259dovan\u0131 q\u0259sd\u0259n \u00f6ld\u00fcrm\u0259sin\u0259 \u0259sasl\u0131 \u015f\u00fcbh\u0259l\u0259r m\u00fc\u0259yy\u0259n edilib.<\/p>\n<p>F\u0259qan \u018fhm\u0259dov Cinay\u0259t M\u0259c\u0259ll\u0259sinin 120.1-ci (q\u0259sd\u0259n adam \u00f6ld\u00fcrm\u0259) madd\u0259si il\u0259 t\u0259qsirl\u0259ndilir\u0259n \u015f\u0259xs qismind\u0259 c\u0259lb edil\u0259r\u0259k bar\u0259sind\u0259 m\u0259hk\u0259m\u0259nin q\u0259rar\u0131 il\u0259 h\u0259bs q\u0259timkan t\u0259dbiri se\u00e7ilib.<\/p>\n","protected":false},"excerpt":{"rendered":"<p>Bak\u0131da arvad\u0131n\u0131 \u00f6ld\u00fcr\u0259n Sabun\u00e7u Rayon M\u0259hk\u0259m\u0259sinin sabiq hakimi F\u0259qan \u018fhm\u0259dovun cinay\u0259t i\u015fi \u00fczr\u0259 m\u0259hk\u0259m\u0259 prosesi ba\u015fa \u00e7at\u0131b. APA-n\u0131n x\u0259b\u0259rin\u0259 g\u00f6r\u0259, Bak\u0131 A\u011f\u0131r Cinay\u0259tl\u0259r M\u0259hk\u0259m\u0259sind\u0259 hakim Telman H\u00fcseynovun s\u0259drliyi il\u0259 ke\u00e7iril\u0259n prosesd\u0259 d\u00f6vl\u0259t ittiham\u00e7\u0131s\u0131 \u00e7\u0131x\u0131\u015f edib. Prokuror \u00e7\u0131x\u0131\u015f\u0131nda F\u0259qan \u018fhm\u0259dova veril\u0259n ittihamlar\u0131n m\u0259hk\u0259m\u0259 istintaq\u0131 zaman\u0131 s\u00fcbut olundu\u011funu bildir\u0259r\u0259r\u0259k t\u0259qsirl\u0259ndiril\u0259n \u015f\u0259xs F\u0259qan \u018fhm\u0259dovun 11 il m\u00fcdd\u0259tin\u0259 azadl\u0131qdan m\u0259hrum olunmas\u0131n\u0131 ist\u0259yib. D\u00f6vl\u0259t ittiham\u00e7\u0131s\u0131n\u0131n \u00e7\u0131x\u0131\u015f\u0131na m\u00fcnasib\u0259t bildir\u0259n v\u0259kill\u0259r bildirib ki, t\u0259qsirl\u0259ndiril\u0259n \u015f\u0259xs d\u0259f\u0259l\u0259rl\u0259 hadis\u0259nin ehtiyats\u0131zl\u0131q s\u0259b\u0259bind\u0259n t\u00f6r\u0259dildiyini qeyd edib. H\u0259m\u00e7inin m\u00fcdafi\u0259\u00e7il\u0259r d\u00f6vl\u0259t ittiham\u00e7\u0131s\u0131n\u0131n \u00e7\u0131x\u0131\u015f\u0131 il\u0259 raz\u0131 olmad\u0131qlar\u0131n\u0131, m\u00fcv\u0259kkill\u0259rinin bu g\u00fcn\u0259 q\u0259d\u0259rki f\u0259aliyy\u0259tini v\u0259 himay\u0259sind\u0259&hellip;<\/p>\n","protected":false},"author":2,"featured_media":384548,"comment_status":"closed","ping_status":"closed","sticky":false,"template":"","format":"standard","meta":{"om_disable_all_campaigns":false,"_monsterinsights_skip_tracking":false,"_monsterinsights_sitenote_active":false,"_monsterinsights_sitenote_note":"","_monsterinsights_sitenote_category":0},"categories":[5],"tags":[],"aioseo_notices":[],"gutentor_comment":0,"rttpg_featured_image_url":{"full":["https:\/\/arantv.az\/wp-content\/uploads\/2021\/09\/899958bd-5370-4cb6-9e98-ce851af43133.jpg",620,413,false],"landscape":["https:\/\/arantv.az\/wp-content\/uploads\/2021\/09\/899958bd-5370-4cb6-9e98-ce851af43133.jpg",620,413,false],"portraits":["https:\/\/arantv.az\/wp-content\/uploads\/2021\/09\/899958bd-5370-4cb6-9e98-ce851af43133.jpg",620,413,false],"thumbnail":["https:\/\/arantv.az\/wp-content\/uploads\/2021\/09\/899958bd-5370-4cb6-9e98-ce851af43133-500x280.jpg",500,280,true],"medium":["https:\/\/arantv.az\/wp-content\/uploads\/2021\/09\/899958bd-5370-4cb6-9e98-ce851af43133-548x365.jpg",548,365,true],"large":["https:\/\/arantv.az\/wp-content\/uploads\/2021\/09\/899958bd-5370-4cb6-9e98-ce851af43133.jpg",620,413,false],"1536x1536":["https:\/\/arantv.az\/wp-content\/uploads\/2021\/09\/899958bd-5370-4cb6-9e98-ce851af43133.jpg",620,413,false],"2048x2048":["https:\/\/arantv.az\/wp-content\/uploads\/2021\/09\/899958bd-5370-4cb6-9e98-ce851af43133.jpg",620,413,false],"post-thumbnail":["https:\/\/arantv.az\/wp-content\/uploads\/2021\/09\/899958bd-5370-4cb6-9e98-ce851af43133-240x172.jpg",240,172,true],"advps-thumb-one":["https:\/\/arantv.az\/wp-content\/uploads\/2021\/09\/899958bd-5370-4cb6-9e98-ce851af43133.jpg",620,413,false]},"rttpg_author":{"display_name":"V\u00fcsal Rafiqo\u011flu","author_link":"https:\/\/arantv.az\/?author=2"},"rttpg_comment":0,"rttpg_category":"<a href=\"https:\/\/arantv.az\/?cat=5\" rel=\"category\">Hadis\u0259<\/a>","rttpg_excerpt":"Bak\u0131da arvad\u0131n\u0131 \u00f6ld\u00fcr\u0259n Sabun\u00e7u Rayon M\u0259hk\u0259m\u0259sinin sabiq hakimi F\u0259qan \u018fhm\u0259dovun cinay\u0259t i\u015fi \u00fczr\u0259 m\u0259hk\u0259m\u0259 prosesi ba\u015fa \u00e7at\u0131b. APA-n\u0131n x\u0259b\u0259rin\u0259 g\u00f6r\u0259, Bak\u0131 A\u011f\u0131r Cinay\u0259tl\u0259r M\u0259hk\u0259m\u0259sind\u0259 hakim Telman H\u00fcseynovun s\u0259drliyi il\u0259 ke\u00e7iril\u0259n prosesd\u0259 d\u00f6vl\u0259t ittiham\u00e7\u0131s\u0131 \u00e7\u0131x\u0131\u015f edib. Prokuror \u00e7\u0131x\u0131\u015f\u0131nda F\u0259qan \u018fhm\u0259dova veril\u0259n ittihamlar\u0131n m\u0259hk\u0259m\u0259 istintaq\u0131 zaman\u0131 s\u00fcbut olundu\u011funu bildir\u0259r\u0259r\u0259k t\u0259qsirl\u0259ndiril\u0259n \u015f\u0259xs F\u0259qan \u018fhm\u0259dovun 11 il m\u00fcdd\u0259tin\u0259 azadl\u0131qdan&hellip;","_links":{"self":[{"href":"https:\/\/arantv.az\/index.php?rest_route=\/wp\/v2\/posts\/384547"}],"collection":[{"href":"https:\/\/arantv.az\/index.php?rest_route=\/wp\/v2\/posts"}],"about":[{"href":"https:\/\/arantv.az\/index.php?rest_route=\/wp\/v2\/types\/post"}],"author":[{"embeddable":true,"href":"https:\/\/arantv.az\/index.php?rest_route=\/wp\/v2\/users\/2"}],"replies":[{"embeddable":true,"href":"https:\/\/arantv.az\/index.php?rest_route=%2Fwp%2Fv2%2Fcomments&post=384547"}],"version-history":[{"count":0,"href":"https:\/\/arantv.az\/index.php?rest_route=\/wp\/v2\/posts\/384547\/revisions"}],"wp:featuredmedia":[{"embeddable":true,"href":"https:\/\/arantv.az\/index.php?rest_route=\/wp\/v2\/media\/384548"}],"wp:attachment":[{"href":"https:\/\/arantv.az\/index.php?rest_route=%2Fwp%2Fv2%2Fmedia&parent=384547"}],"wp:term":[{"taxonomy":"category","embeddable":true,"href":"https:\/\/arantv.az\/index.php?rest_route=%2Fwp%2Fv2%2Fcategories&post=384547"},{"taxonomy":"post_tag","embeddable":true,"href":"https:\/\/arantv.az\/index.php?rest_route=%2Fwp%2Fv2%2Ftags&post=384547"}],"curies":[{"name":"wp","href":"https:\/\/api.w.org\/{rel}","templated":true}]}}