{"id":384557,"date":"2021-09-30T17:44:59","date_gmt":"2021-09-30T14:44:59","guid":{"rendered":"http:\/\/arantv.az\/?p=384557"},"modified":"2021-09-30T17:44:59","modified_gmt":"2021-09-30T14:44:59","slug":"muharib%c9%99-%c9%99lill%c9%99ri-evl%c9%99rin-alqi-satqisi-zamani-dovl%c9%99t-rusumundan-azad-edilir","status":"publish","type":"post","link":"https:\/\/arantv.az\/?p=384557","title":{"rendered":"M\u00fcharib\u0259 \u0259lill\u0259ri evl\u0259rin alq\u0131-satq\u0131s\u0131 zaman\u0131 d\u00f6vl\u0259t r\u00fcsumundan azad edilir"},"content":{"rendered":"<p>Milli M\u0259clisin iclas\u0131nda \u201cD\u00f6vl\u0259t r\u00fcsumu haqq\u0131nda\u201d qanuna d\u0259yi\u015fiklik layih\u0259si \u00fc\u00e7\u00fcnc\u00fc oxunu\u015fda m\u00fczakir\u0259y\u0259 \u00e7\u0131xar\u0131l\u0131b.<\/p>\n<div id=\"AdviadNativeVideo0\" class=\"AdviadNativeVideo\"><\/div>\n<p><strong>ARANTV.AZ-<\/strong>\u0131n m\u0259lumat\u0131na \u0259sas\u0259n, layih\u0259 s\u0259s\u0259 qoyularaq q\u0259bul edilib.<\/p>\n<p>Bundan sonra m\u00fcharib\u0259 il\u0259 \u0259laq\u0259dar \u0259lilliyi m\u00fc\u0259yy\u0259n edilmi\u015f \u015f\u0259xsl\u0259r m\u0259hk\u0259m\u0259y\u0259 veril\u0259n iddia \u0259riz\u0259l\u0259ri \u00fczr\u0259 v\u0259 m\u0259nzilin (evin) alq\u0131-satq\u0131s\u0131 zaman\u0131 d\u00f6vl\u0259t r\u00fcsumu \u00f6d\u0259m\u0259kd\u0259n azad edil\u0259c\u0259k.<\/p>\n","protected":false},"excerpt":{"rendered":"<p>Milli M\u0259clisin iclas\u0131nda \u201cD\u00f6vl\u0259t r\u00fcsumu haqq\u0131nda\u201d qanuna d\u0259yi\u015fiklik layih\u0259si \u00fc\u00e7\u00fcnc\u00fc oxunu\u015fda m\u00fczakir\u0259y\u0259 \u00e7\u0131xar\u0131l\u0131b. ARANTV.AZ-\u0131n m\u0259lumat\u0131na \u0259sas\u0259n, layih\u0259 s\u0259s\u0259 qoyularaq q\u0259bul edilib. Bundan sonra m\u00fcharib\u0259 il\u0259 \u0259laq\u0259dar \u0259lilliyi m\u00fc\u0259yy\u0259n edilmi\u015f \u015f\u0259xsl\u0259r m\u0259hk\u0259m\u0259y\u0259 veril\u0259n iddia \u0259riz\u0259l\u0259ri \u00fczr\u0259 v\u0259 m\u0259nzilin (evin) alq\u0131-satq\u0131s\u0131 zaman\u0131 d\u00f6vl\u0259t r\u00fcsumu \u00f6d\u0259m\u0259kd\u0259n azad edil\u0259c\u0259k.<\/p>\n","protected":false},"author":2,"featured_media":384558,"comment_status":"closed","ping_status":"closed","sticky":false,"template":"","format":"standard","meta":{"om_disable_all_campaigns":false,"_monsterinsights_skip_tracking":false,"_monsterinsights_sitenote_active":false,"_monsterinsights_sitenote_note":"","_monsterinsights_sitenote_category":0},"categories":[19],"tags":[],"aioseo_notices":[],"gutentor_comment":0,"rttpg_featured_image_url":{"full":["https:\/\/arantv.az\/wp-content\/uploads\/2021\/09\/DSC_2364-esas_1627994477.jpg",620,381,false],"landscape":["https:\/\/arantv.az\/wp-content\/uploads\/2021\/09\/DSC_2364-esas_1627994477.jpg",620,381,false],"portraits":["https:\/\/arantv.az\/wp-content\/uploads\/2021\/09\/DSC_2364-esas_1627994477.jpg",620,381,false],"thumbnail":["https:\/\/arantv.az\/wp-content\/uploads\/2021\/09\/DSC_2364-esas_1627994477-500x280.jpg",500,280,true],"medium":["https:\/\/arantv.az\/wp-content\/uploads\/2021\/09\/DSC_2364-esas_1627994477-594x365.jpg",594,365,true],"large":["https:\/\/arantv.az\/wp-content\/uploads\/2021\/09\/DSC_2364-esas_1627994477.jpg",620,381,false],"1536x1536":["https:\/\/arantv.az\/wp-content\/uploads\/2021\/09\/DSC_2364-esas_1627994477.jpg",620,381,false],"2048x2048":["https:\/\/arantv.az\/wp-content\/uploads\/2021\/09\/DSC_2364-esas_1627994477.jpg",620,381,false],"post-thumbnail":["https:\/\/arantv.az\/wp-content\/uploads\/2021\/09\/DSC_2364-esas_1627994477-240x172.jpg",240,172,true],"advps-thumb-one":["https:\/\/arantv.az\/wp-content\/uploads\/2021\/09\/DSC_2364-esas_1627994477.jpg",620,381,false]},"rttpg_author":{"display_name":"V\u00fcsal Rafiqo\u011flu","author_link":"https:\/\/arantv.az\/?author=2"},"rttpg_comment":0,"rttpg_category":"<a href=\"https:\/\/arantv.az\/?cat=19\" rel=\"category\">G\u00fcnd\u0259m<\/a>","rttpg_excerpt":"Milli M\u0259clisin iclas\u0131nda \u201cD\u00f6vl\u0259t r\u00fcsumu haqq\u0131nda\u201d qanuna d\u0259yi\u015fiklik layih\u0259si \u00fc\u00e7\u00fcnc\u00fc oxunu\u015fda m\u00fczakir\u0259y\u0259 \u00e7\u0131xar\u0131l\u0131b. ARANTV.AZ-\u0131n m\u0259lumat\u0131na \u0259sas\u0259n, layih\u0259 s\u0259s\u0259 qoyularaq q\u0259bul edilib. Bundan sonra m\u00fcharib\u0259 il\u0259 \u0259laq\u0259dar \u0259lilliyi m\u00fc\u0259yy\u0259n edilmi\u015f \u015f\u0259xsl\u0259r m\u0259hk\u0259m\u0259y\u0259 veril\u0259n iddia \u0259riz\u0259l\u0259ri \u00fczr\u0259 v\u0259 m\u0259nzilin (evin) alq\u0131-satq\u0131s\u0131 zaman\u0131 d\u00f6vl\u0259t r\u00fcsumu \u00f6d\u0259m\u0259kd\u0259n azad edil\u0259c\u0259k.","_links":{"self":[{"href":"https:\/\/arantv.az\/index.php?rest_route=\/wp\/v2\/posts\/384557"}],"collection":[{"href":"https:\/\/arantv.az\/index.php?rest_route=\/wp\/v2\/posts"}],"about":[{"href":"https:\/\/arantv.az\/index.php?rest_route=\/wp\/v2\/types\/post"}],"author":[{"embeddable":true,"href":"https:\/\/arantv.az\/index.php?rest_route=\/wp\/v2\/users\/2"}],"replies":[{"embeddable":true,"href":"https:\/\/arantv.az\/index.php?rest_route=%2Fwp%2Fv2%2Fcomments&post=384557"}],"version-history":[{"count":0,"href":"https:\/\/arantv.az\/index.php?rest_route=\/wp\/v2\/posts\/384557\/revisions"}],"wp:featuredmedia":[{"embeddable":true,"href":"https:\/\/arantv.az\/index.php?rest_route=\/wp\/v2\/media\/384558"}],"wp:attachment":[{"href":"https:\/\/arantv.az\/index.php?rest_route=%2Fwp%2Fv2%2Fmedia&parent=384557"}],"wp:term":[{"taxonomy":"category","embeddable":true,"href":"https:\/\/arantv.az\/index.php?rest_route=%2Fwp%2Fv2%2Fcategories&post=384557"},{"taxonomy":"post_tag","embeddable":true,"href":"https:\/\/arantv.az\/index.php?rest_route=%2Fwp%2Fv2%2Ftags&post=384557"}],"curies":[{"name":"wp","href":"https:\/\/api.w.org\/{rel}","templated":true}]}}