{"id":384567,"date":"2021-09-30T17:47:46","date_gmt":"2021-09-30T14:47:46","guid":{"rendered":"http:\/\/arantv.az\/?p=384567"},"modified":"2021-09-30T17:47:46","modified_gmt":"2021-09-30T14:47:46","slug":"agstafada-atasi-il%c9%99-bacisini-gull%c9%99l%c9%99y%c9%99n-s%c9%99xs%c9%99-agir-c%c9%99za-verildi","status":"publish","type":"post","link":"https:\/\/arantv.az\/?p=384567","title":{"rendered":"A\u011fstafada atas\u0131 il\u0259 bac\u0131s\u0131n\u0131 g\u00fcll\u0259l\u0259y\u0259n \u015f\u0259xs\u0259 a\u011f\u0131r c\u0259za verildi"},"content":{"rendered":"<p>G\u0259nc\u0259 A\u011f\u0131r Cinay\u0259tl\u0259r M\u0259hk\u0259m\u0259sind\u0259 A\u011fstafa rayonunda q\u0259tl t\u00f6r\u0259tm\u0259kd\u0259 v\u0259 adam \u00f6ld\u00fcrm\u0259y\u0259 c\u0259hdd\u0259 t\u0259qsirl\u0259ndiril\u0259n Ramil Mustafayevin cinay\u0259t i\u015fi \u00fczr\u0259 m\u0259hk\u0259m\u0259 iclas\u0131 ba\u015fa \u00e7at\u0131b.<\/p>\n<p><strong>ARANTV.AZ<\/strong>\u00a0 x\u0259b\u0259r verir ki, hakim Elmin R\u00fcst\u0259movun s\u0259drliyi il\u0259 ke\u00e7iril\u0259n prosesd\u0259 h\u00f6km oxunub.<\/p>\n<p>M\u0259hk\u0259m\u0259nin h\u00f6km\u00fc il\u0259 o, 18 il\u00a0m\u00fcdd\u0259tin\u0259 azadl\u0131qdan m\u0259hrum edilib.<\/p>\n<div id=\"AdviadNativeVideo0\" class=\"AdviadNativeVideo\"><\/div>\n<p>\u0130ttihama g\u00f6r\u0259, hadis\u0259 bu ilin yanvar ay\u0131n\u0131n 9-da A\u011fstafa rayonunun Sad\u0131xl\u0131 k\u0259ndind\u0259 qeyd\u0259 al\u0131n\u0131b.<\/p>\n<p>Bel\u0259 ki, 1991-ci il t\u0259v\u0259ll\u00fcdl\u00fc R.Mustafayev \u015f\u0259xsi m\u00fcnasib\u0259tl\u0259r z\u0259minind\u0259 aralar\u0131nda yaranan mu\u0308naqis\u0327\u0259 zaman\u0131 yezn\u0259si Taleh S\u00fcleymanovu odlu silahdan at\u0259\u015f a\u00e7araq q\u0259tl\u0259 yetirib, atas\u0131 M.Mustafayevl\u0259 bac\u0131s\u0131 \u0130.Mustafayevi is\u0259 \u00f6ld\u00fcrm\u0259y\u0259 c\u0259hd edib.<\/p>\n<p>Daha sonra R.Mustafayev s\u0327u\u0308bh\u0259li s\u0327\u0259xs qismind\u0259 tutulub.<\/p>\n<p>Onun bar\u0259sind\u0259 Cinay\u0259t M\u0259c\u0259ll\u0259sinin 120.2.4-c\u00fc (Q\u0259sd\u0259n adam \u00f6ld\u00fcrm\u0259, x\u00fcsusi amans\u0131zl\u0131qla v\u0259 ya \u00fcmumi t\u0259hl\u00fck\u0259li \u00fcsulla adam \u00f6ld\u00fcrm\u0259) v\u0259 29, 120.2.7-ci (Q\u0259sd\u0259n adam \u00f6ld\u00fcrm\u0259y\u0259 c\u0259hd, iki v\u0259 ya daha \u00e7ox \u015f\u0259xsi \u00f6ld\u00fcrm\u0259y\u0259 c\u0259hd) madd\u0259l\u0259ri il\u0259 ittiham ir\u0259li s\u00fcr\u00fcl\u00fcb.<\/p>\n","protected":false},"excerpt":{"rendered":"<p>G\u0259nc\u0259 A\u011f\u0131r Cinay\u0259tl\u0259r M\u0259hk\u0259m\u0259sind\u0259 A\u011fstafa rayonunda q\u0259tl t\u00f6r\u0259tm\u0259kd\u0259 v\u0259 adam \u00f6ld\u00fcrm\u0259y\u0259 c\u0259hdd\u0259 t\u0259qsirl\u0259ndiril\u0259n Ramil Mustafayevin cinay\u0259t i\u015fi \u00fczr\u0259 m\u0259hk\u0259m\u0259 iclas\u0131 ba\u015fa \u00e7at\u0131b. ARANTV.AZ\u00a0 x\u0259b\u0259r verir ki, hakim Elmin R\u00fcst\u0259movun s\u0259drliyi il\u0259 ke\u00e7iril\u0259n prosesd\u0259 h\u00f6km oxunub. M\u0259hk\u0259m\u0259nin h\u00f6km\u00fc il\u0259 o, 18 il\u00a0m\u00fcdd\u0259tin\u0259 azadl\u0131qdan m\u0259hrum edilib. \u0130ttihama g\u00f6r\u0259, hadis\u0259 bu ilin yanvar ay\u0131n\u0131n 9-da A\u011fstafa rayonunun Sad\u0131xl\u0131 k\u0259ndind\u0259 qeyd\u0259 al\u0131n\u0131b. Bel\u0259 ki, 1991-ci il t\u0259v\u0259ll\u00fcdl\u00fc R.Mustafayev \u015f\u0259xsi m\u00fcnasib\u0259tl\u0259r z\u0259minind\u0259 aralar\u0131nda yaranan mu\u0308naqis\u0327\u0259 zaman\u0131 yezn\u0259si Taleh S\u00fcleymanovu odlu silahdan at\u0259\u015f a\u00e7araq q\u0259tl\u0259 yetirib, atas\u0131 M.Mustafayevl\u0259 bac\u0131s\u0131 \u0130.Mustafayevi is\u0259 \u00f6ld\u00fcrm\u0259y\u0259 c\u0259hd edib. Daha sonra&hellip;<\/p>\n","protected":false},"author":2,"featured_media":384568,"comment_status":"closed","ping_status":"closed","sticky":false,"template":"","format":"standard","meta":{"om_disable_all_campaigns":false,"_monsterinsights_skip_tracking":false,"_monsterinsights_sitenote_active":false,"_monsterinsights_sitenote_note":"","_monsterinsights_sitenote_category":0},"categories":[5],"tags":[],"aioseo_notices":[],"gutentor_comment":0,"rttpg_featured_image_url":{"full":["https:\/\/arantv.az\/wp-content\/uploads\/2021\/09\/FotoJet-2021-09-30T151047.118.jpg",620,413,false],"landscape":["https:\/\/arantv.az\/wp-content\/uploads\/2021\/09\/FotoJet-2021-09-30T151047.118.jpg",620,413,false],"portraits":["https:\/\/arantv.az\/wp-content\/uploads\/2021\/09\/FotoJet-2021-09-30T151047.118.jpg",620,413,false],"thumbnail":["https:\/\/arantv.az\/wp-content\/uploads\/2021\/09\/FotoJet-2021-09-30T151047.118-500x280.jpg",500,280,true],"medium":["https:\/\/arantv.az\/wp-content\/uploads\/2021\/09\/FotoJet-2021-09-30T151047.118-548x365.jpg",548,365,true],"large":["https:\/\/arantv.az\/wp-content\/uploads\/2021\/09\/FotoJet-2021-09-30T151047.118.jpg",620,413,false],"1536x1536":["https:\/\/arantv.az\/wp-content\/uploads\/2021\/09\/FotoJet-2021-09-30T151047.118.jpg",620,413,false],"2048x2048":["https:\/\/arantv.az\/wp-content\/uploads\/2021\/09\/FotoJet-2021-09-30T151047.118.jpg",620,413,false],"post-thumbnail":["https:\/\/arantv.az\/wp-content\/uploads\/2021\/09\/FotoJet-2021-09-30T151047.118-240x172.jpg",240,172,true],"advps-thumb-one":["https:\/\/arantv.az\/wp-content\/uploads\/2021\/09\/FotoJet-2021-09-30T151047.118.jpg",620,413,false]},"rttpg_author":{"display_name":"V\u00fcsal Rafiqo\u011flu","author_link":"https:\/\/arantv.az\/?author=2"},"rttpg_comment":0,"rttpg_category":"<a href=\"https:\/\/arantv.az\/?cat=5\" rel=\"category\">Hadis\u0259<\/a>","rttpg_excerpt":"G\u0259nc\u0259 A\u011f\u0131r Cinay\u0259tl\u0259r M\u0259hk\u0259m\u0259sind\u0259 A\u011fstafa rayonunda q\u0259tl t\u00f6r\u0259tm\u0259kd\u0259 v\u0259 adam \u00f6ld\u00fcrm\u0259y\u0259 c\u0259hdd\u0259 t\u0259qsirl\u0259ndiril\u0259n Ramil Mustafayevin cinay\u0259t i\u015fi \u00fczr\u0259 m\u0259hk\u0259m\u0259 iclas\u0131 ba\u015fa \u00e7at\u0131b. ARANTV.AZ\u00a0 x\u0259b\u0259r verir ki, hakim Elmin R\u00fcst\u0259movun s\u0259drliyi il\u0259 ke\u00e7iril\u0259n prosesd\u0259 h\u00f6km oxunub. M\u0259hk\u0259m\u0259nin h\u00f6km\u00fc il\u0259 o, 18 il\u00a0m\u00fcdd\u0259tin\u0259 azadl\u0131qdan m\u0259hrum edilib. \u0130ttihama g\u00f6r\u0259, hadis\u0259 bu ilin yanvar ay\u0131n\u0131n 9-da A\u011fstafa rayonunun Sad\u0131xl\u0131&hellip;","_links":{"self":[{"href":"https:\/\/arantv.az\/index.php?rest_route=\/wp\/v2\/posts\/384567"}],"collection":[{"href":"https:\/\/arantv.az\/index.php?rest_route=\/wp\/v2\/posts"}],"about":[{"href":"https:\/\/arantv.az\/index.php?rest_route=\/wp\/v2\/types\/post"}],"author":[{"embeddable":true,"href":"https:\/\/arantv.az\/index.php?rest_route=\/wp\/v2\/users\/2"}],"replies":[{"embeddable":true,"href":"https:\/\/arantv.az\/index.php?rest_route=%2Fwp%2Fv2%2Fcomments&post=384567"}],"version-history":[{"count":0,"href":"https:\/\/arantv.az\/index.php?rest_route=\/wp\/v2\/posts\/384567\/revisions"}],"wp:featuredmedia":[{"embeddable":true,"href":"https:\/\/arantv.az\/index.php?rest_route=\/wp\/v2\/media\/384568"}],"wp:attachment":[{"href":"https:\/\/arantv.az\/index.php?rest_route=%2Fwp%2Fv2%2Fmedia&parent=384567"}],"wp:term":[{"taxonomy":"category","embeddable":true,"href":"https:\/\/arantv.az\/index.php?rest_route=%2Fwp%2Fv2%2Fcategories&post=384567"},{"taxonomy":"post_tag","embeddable":true,"href":"https:\/\/arantv.az\/index.php?rest_route=%2Fwp%2Fv2%2Ftags&post=384567"}],"curies":[{"name":"wp","href":"https:\/\/api.w.org\/{rel}","templated":true}]}}