{"id":384580,"date":"2021-09-30T17:52:47","date_gmt":"2021-09-30T14:52:47","guid":{"rendered":"http:\/\/arantv.az\/?p=384580"},"modified":"2021-09-30T17:52:47","modified_gmt":"2021-09-30T14:52:47","slug":"vuqar-r%c9%99himzad%c9%99-erm%c9%99nistan-birm%c9%99nali-olaraq-sulh-muqavil%c9%99sini-imzalamalidir","status":"publish","type":"post","link":"https:\/\/arantv.az\/?p=384580","title":{"rendered":"V\u00fcqar R\u0259himzad\u0259: Erm\u0259nistan birm\u0259nal\u0131 olaraq s\u00fclh m\u00fcqavil\u0259sini imzalamal\u0131d\u0131r"},"content":{"rendered":"<p>\u00abPostm\u00fcnaqi\u015f\u0259 d\u00f6vr\u00fcn\u00fcn \u0259sas \u00e7a\u011f\u0131r\u0131\u015flar\u0131ndan biri\u00a0 Az\u0259rbaycan t\u0259r\u0259finin t\u0259klif etdiyi s\u00fclh m\u00fcqavil\u0259sinin i\u015f\u011fal\u00e7\u0131 Erm\u0259nistan t\u0259r\u0259find\u0259n q\u0259bul olunaraq b\u00f6lg\u0259d\u0259 daimi s\u00fclh\u00fcn, t\u0259hl\u00fck\u0259sizliyin b\u0259rq\u0259rar olmas\u0131, yeni \u0259m\u0259kda\u015fl\u0131q formatlar\u0131n\u0131n reall\u0131\u011fa \u00e7evrilm\u0259si istiqam\u0259tind\u0259 add\u0131mlar\u0131n at\u0131lmas\u0131d\u0131r. Bu is\u0259 \u00f6z n\u00f6vb\u0259sind\u0259 d\u00fcnyan\u0131n apar\u0131c\u0131 d\u00f6vl\u0259tl\u0259rind\u0259n, n\u00fcfuzlu beyn\u0259lxalq t\u0259\u015fkilatlardan q\u0259tiyy\u0259tli add\u0131mlar atma\u011f\u0131, Erm\u0259nistana\u00a0 s\u00fclh t\u0259klifini q\u0259bul etdirm\u0259yi bir t\u0259l\u0259b kimi qar\u015f\u0131ya qoyur. Yen\u0259 d\u0259\u00a0 Az\u0259rbaycan Ordusunun g\u00fcc\u00fc, q\u00fcdr\u0259ti say\u0259sind\u0259 \u0259dal\u0259tin b\u0259rpas\u0131 il\u0259 tarix\u0259 qovu\u015fan Da\u011fl\u0131q Qaraba\u011f m\u00fcnaqi\u015f\u0259sinin h\u0259lli m\u0259qs\u0259dil\u0259 1992-ci ild\u0259n yarad\u0131lan, amma h\u0259l\u0259 d\u0259 vasit\u0259silik missiyalar\u0131n\u0131n n\u0259d\u0259n ibar\u0259t oldu\u011funu\u00a0 d\u0259rk etm\u0259k ist\u0259m\u0259y\u0259n AT\u018fT-in Minsk qrupunun h\u0259ms\u0259drl\u0259rinin f\u0259aliyy\u0259tl\u0259rind\u0259 ciddi d\u00f6n\u00fc\u015f yaratma\u011fa bir \u00e7a\u011f\u0131r\u0131\u015f var.\u00a0\u00a0 Reall\u0131q budur ki, \u0259g\u0259r h\u0259r hans\u0131 bir \u00f6lk\u0259 vasit\u0259\u00e7i rolunu \u00fcz\u0259rin\u0259 g\u00f6t\u00fcr\u00fcrs\u0259, bu \u00f6lk\u0259 neytral olmal\u0131d\u0131r. \u018fg\u0259r o, neytral deyils\u0259, vasit\u0259\u00e7i ola bilm\u0259z. T\u0259\u0259ss\u00fcfl\u0259r olsun ki, AT\u018fT-in Minsk qrupunun h\u0259ms\u0259drl\u0259ri n\u0259inki i\u015f\u011fal d\u00f6vr\u00fcnd\u0259, eyni zamanda, V\u0259t\u0259n m\u00fcharib\u0259si v\u0259 postm\u00fcnaqi\u015f\u0259 vaxtlar\u0131nda da\u00a0 Erm\u0259nistana d\u0259st\u0259kl\u0259rini a\u00e7\u0131q-a\u015fkar b\u00fcruz\u0259 verirl\u0259r. \u00d6lk\u0259 Prezidenti\u00a0 \u0130lham \u018fliyev \u0130kinci Qaraba\u011f sava\u015f\u0131n\u0131n davam etdiyi 44 g\u00fcnd\u0259, eyni zamanda, haz\u0131rda xarici\u00a0 m\u0259tbuata m\u00fcsahib\u0259l\u0259rind\u0259 y\u00fcks\u0259k intellekt,\u00a0 diplomatik m\u0259har\u0259t n\u00fcmayi\u015f etdir\u0259r\u0259k reall\u0131qlar\u0131 \u0259sasl\u0131 \u015f\u0259kild\u0259 diqq\u0259t\u0259 \u00e7atd\u0131r\u0131r. D\u00f6vl\u0259timizin ba\u015f\u00e7\u0131s\u0131 \u00a0M\u00fcz\u0259ff\u0259r Ali Ba\u015f Komandan kimi h\u0259m h\u0259rb meydan\u0131nda \u00f6z s\u00f6z\u00fcn\u00fc dedi, h\u0259m d\u0259 siyasi lider kimi informasiya c\u0259bh\u0259sind\u0259\u00a0 \u00f6lk\u0259mizin m\u00f6vqeyini q\u0259tiyy\u0259tl\u0259 \u00a0 m\u00fcdafi\u0259 ed\u0259r\u0259k haqq s\u0259simizi b\u00fct\u00fcn d\u00fcnyaya \u00e7atd\u0131rd\u0131 v\u0259 bu g\u00fcn d\u0259\u00a0 bu siyas\u0259t u\u011furla davam etdirilm\u0259kd\u0259dir.\u00bb<\/p>\n<p><strong>ARANTV.AZ\u00a0 x\u0259b\u0259r verir ki,<\/strong>\u00a0bu fikirl\u0259ri Yeni Az\u0259rbaycan Partiyas\u0131 (YAP) X\u0259tai rayon t\u0259\u015fkilat\u0131n\u0131n s\u0259dri V\u00fcqar R\u0259himzad\u0259 bildirib.<\/p>\n<p>V.R\u0259himzad\u0259 vur\u011fulay\u0131b ki, d\u00f6vl\u0259t ba\u015f\u00e7\u0131s\u0131 \u0130lham \u018fliyevin beyn\u0259lxalq K\u0130V-l\u0259r\u0259, \u00a0x\u00fcsusil\u0259 AT\u018fT-in Minsk qrupunun h\u0259ms\u0259dr \u00f6lk\u0259l\u0259rinin\u00a0 m\u0259tbu orqanlar\u0131na m\u00fcsahib\u0259l\u0259ri h\u0259qiq\u0259tl\u0259rin bir daha h\u0259min \u00f6lk\u0259l\u0259rin\u00a0 auditoriyas\u0131na\u00a0 \u00e7atd\u0131r\u0131lmas\u0131na\u00a0 imkanlar yarad\u0131r, i\u015f\u011fal\u00e7\u0131 d\u00f6vl\u0259t\u0259 bu g\u00fcn\u0259d\u0259k\u00a0 veril\u0259n \u00a0d\u0259st\u0259kl\u0259rin \u0259sl mahiyy\u0259tin\u0259 i\u015f\u0131q sal\u0131r: \u00abM\u00fcharib\u0259 d\u00f6vr\u00fcnd\u0259 d\u0259 Fransa ikili m\u00f6vqeyini qabar\u0131q \u015f\u0259kild\u0259 b\u00fcruz\u0259 verdi. Bel\u0259 ki, Erm\u0259nistan-Az\u0259rbaycan m\u00fcnaqi\u015f\u0259si il\u0259 ba\u011fl\u0131 h\u0259qiq\u0259tl\u0259ri \u0259ks etdirdiyin\u0259 g\u00f6r\u0259 Fransan\u0131n TF1 telekanal\u0131n\u0131n bu \u00f6lk\u0259d\u0259 \u00a0ya\u015fayan erm\u0259nil\u0259rin ciddi t\u0259zyiq v\u0259 t\u0259hdidin\u0259 m\u0259ruz qalmas\u0131 n\u0259 d\u0259r\u0259c\u0259d\u0259 demokratiyan\u0131n t\u0259l\u0259bl\u0259rin\u0259, beyn\u0259lxalq h\u00fcquq normalar\u0131na uy\u011fun ola bil\u0259rdi? \u0130kinci Qaraba\u011f m\u00fcharib\u0259sinin davam etdiyi \u00a0d\u00f6vrd\u0259 \u00a0BMT T\u0259hl\u00fck\u0259sizlik \u015euras\u0131nda ke\u00e7mi\u015f Erm\u0259nistan-Az\u0259rbaycan Da\u011fl\u0131q Qaraba\u011f \u00a0m\u00fcnaqi\u015f\u0259si il\u0259 ba\u011fl\u0131 ba\u015f tutan m\u00fczakir\u0259l\u0259rd\u0259 Qo\u015fulmama H\u0259r\u0259kat\u0131n\u0131n, \u00a0eyni zamanda, haz\u0131rda T\u0259hl\u00fck\u0259sizlik \u015euras\u0131n\u0131n \u00fczv\u00fc olan \u00f6lk\u0259l\u0259r &#8211; \u0130ndoneziya, Tunis, Niger, Dominikan Respublikas\u0131, Vyetnam, C\u0259nubi Afrika Respublikas\u0131, \u00a0Sent-Vinsent v\u0259 Qrenadin t\u0259klif edil\u0259n s\u0259n\u0259d layih\u0259sin\u0259 T\u0259hl\u00fck\u0259sizlik \u015euras\u0131n\u0131n 1993-c\u00fc ild\u0259 q\u0259bul edilmi\u015f q\u0259tnam\u0259l\u0259rin\u0259 istinad\u0131n daxil edilm\u0259sin\u0259 dair israrl\u0131 m\u00f6vqe n\u00fcmayi\u015f etdirdil\u0259r. \u00a0\u018fn t\u0259\u0259cc\u00fcbl\u00fcs\u00fc o idi ki, bu q\u0259tnam\u0259l\u0259rin h\u0259min s\u0259n\u0259d\u0259 daxil edilm\u0259sini ist\u0259m\u0259y\u0259nl\u0259r adlar\u0131n\u0131 vasit\u0259\u00e7i qoyan \u00a0AB\u015e, Rusiya v\u0259 Fransa idi. Lakin ciddi isrardan sonra \u00a0 AT\u018fT-in Minsk qrupunun h\u0259ms\u0259drl\u0259ri bunu q\u0259bul etm\u0259y\u0259 m\u0259cbur oldular.\u00bb<\/p>\n<p>YAP X\u0259tai rayon t\u0259\u015fkilat\u0131n\u0131n s\u0259dri diqq\u0259ti \u00a0\u00a0Prezident \u0130lham \u018fliyevin sentyabr\u0131n 28-d\u0259 Fransan\u0131n \u201cFrance-24\u201d televiziya kanal\u0131na m\u00fcsahib\u0259sind\u0259 s\u0259sl\u0259ndirdiyi b\u0259yanatlara, AT\u018fT-in Minsk qrupunun h\u0259ms\u0259drl\u0259rind\u0259n haz\u0131rk\u0131 g\u00f6zl\u0259ntil\u0259rimizl\u0259 ba\u011fl\u0131 fikirl\u0259rin\u0259, d\u00f6vl\u0259t ba\u015f\u00e7\u0131s\u0131n\u0131n\u00a0 jurnalistin \u00abSiz Fransan\u0131 d\u00fcr\u00fcst vasit\u0259\u00e7i hesab edirsiniz\u201d sual\u0131na cavab\u0131na y\u00f6n\u0259ldib: \u00abD\u00f6vl\u0259t ba\u015f\u00e7\u0131s\u0131n\u0131n fikirl\u0259rind\u0259 b\u00fct\u00fcn hallarda d\u00fcnya g\u00fccl\u0259rind\u0259n \u0259dal\u0259t\u0259, beyn\u0259lxalq h\u00fcquqa \u0259saslanmalar\u0131 x\u00fcsusi yer al\u0131r. \u00abFransa Minsk qrupunun h\u0259ms\u0259dri olmasayd\u0131, \u0259lb\u0259tt\u0259, onun ist\u0259nil\u0259n \u00f6lk\u0259 il\u0259 m\u00fcnasib\u0259t qurmas\u0131 \u00f6z i\u015fi olard\u0131\u00bb s\u00f6yl\u0259y\u0259n d\u00f6vl\u0259t ba\u015f\u00e7\u0131s\u0131 Fransa il\u0259 Erm\u0259nistan\u0131n tarixi \u0259laq\u0259l\u0259rind\u0259n, Fransada f\u0259al erm\u0259ni icmas\u0131n\u0131n olmas\u0131ndan, onlar\u0131n q\u0259rar q\u0259bul ed\u0259n \u015f\u0259xsl\u0259r\u0259 m\u00fcmk\u00fcn t\u0259sirind\u0259n x\u0259b\u0259rsiz olmad\u0131\u011f\u0131m\u0131z\u0131 x\u00fcsusi qeyd edib. Bu m\u0259qam bir daha diqq\u0259t\u0259 \u00e7atd\u0131r\u0131l\u0131b ki, m\u00fcharib\u0259 zaman\u0131 Fransa \u00f6z\u00fcn\u00fc d\u00fcr\u00fcst vasit\u0259\u00e7i kimi aparmad\u0131. \u00c7\u00fcnki yen\u0259\u00a0 Erm\u0259nistana d\u0259st\u0259k \u00f6z\u00fcn\u00fc qabar\u0131q \u015f\u0259kild\u0259 b\u00fcruz\u0259 verdi. Fransa bit\u0259r\u0259f deyil, birt\u0259r\u0259fli\u00a0 m\u00f6vqeyi il\u0259 a\u00e7\u0131q-a\u015fkar erm\u0259ni sevgisini n\u00fcmayi\u015f etdirdi. Az\u0259rbaycan \u00a0bununla ba\u011fl\u0131 \u00f6z narahatl\u0131\u011f\u0131n\u0131 ifad\u0259 etmi\u015fdir.\u00bb<\/p>\n<p>V\u00fcqar R\u0259himzad\u0259 Az\u0259rbaycan\u0131n balansla\u015fd\u0131r\u0131lm\u0131\u015f xarici siyas\u0259t y\u00fcr\u00fctd\u00fcy\u00fcn\u00fc \u00f6n\u0259 \u00e7\u0259k\u0259r\u0259k bildirib ki, d\u00f6vl\u0259t ba\u015f\u00e7\u0131s\u0131n\u0131n m\u00fcsahib\u0259sind\u0259 vur\u011fulad\u0131\u011f\u0131 kimi,\u00a0 \u00e7ox realist yana\u015fman\u0131n t\u0259tbiq edilm\u0259si vaxt\u0131 yeti\u015fib. \u018fn \u0259sas\u0131 Az\u0259rbaycan art\u0131q s\u0259hif\u0259ni \u00e7evirir: \u00abArt\u0131q ke\u00e7mi\u015fl\u0259 ya\u015famaq deyil, g\u0259l\u0259c\u0259y\u0259 baxmaq bug\u00fcn\u00fcm\u00fcz\u00fcn \u0259sas \u00e7a\u011f\u0131r\u0131\u015f\u0131d\u0131r. Haz\u0131rda g\u00fcnd\u0259md\u0259 olan s\u00fclh t\u0259klifinin reall\u0131\u011fa \u00e7evrilm\u0259sind\u0259 Fransa il\u0259 yana\u015f\u0131, dig\u0259r h\u0259ms\u0259drl\u0259rin d\u0259 s\u0259y g\u00f6st\u0259rm\u0259l\u0259ri t\u0259l\u0259b edilir. D\u00fc\u015f\u00fcn\u00fcr\u00fck ki, d\u00f6vl\u0259t ba\u015f\u00e7\u0131s\u0131 \u0130lham \u018fliyevin Fransan\u0131n \u00f6z telekanal\u0131 vasit\u0259sil\u0259 frans\u0131z auditoriyas\u0131na \u00e7atd\u0131rd\u0131\u011f\u0131\u00a0 mesajlar\u00a0 n\u00f6vb\u0259ti m\u0259rh\u0259l\u0259l\u0259rd\u0259 m\u00fcsb\u0259t n\u0259tic\u0259sini ver\u0259c\u0259k.\u00a0 Burada \u0259sas m\u0259s\u0259l\u0259 Minsk qrupunun h\u0259ms\u0259drl\u0259rinin f\u0259aliyy\u0259tl\u0259rind\u0259 d\u00f6n\u00fc\u015f yaratmalar\u0131, 30 illik i\u015f\u011fal d\u00f6vr\u00fcnd\u0259\u00a0 \u0259dal\u0259ti\u00a0 arxa plana ke\u00e7irib maraqlar\u0131 \u00f6nd\u0259 saxlamalar\u0131na son qoymalar\u0131d\u0131r.\u00bb<\/p>\n<p>YAP X\u0259tai rayon t\u0259\u015fkilat\u0131n\u0131n s\u0259dri \u00a0\u00a0vur\u011fulay\u0131b ki, \u00f6lk\u0259 Prezidenti \u0130lham \u018fliyev diplomatik \u015f\u0259kild\u0259, t\u0259mkinl\u0259 jurnalistin\u00a0 tarixi bilm\u0259d\u0259n,\u00a0 Erm\u0259nistana olan sevgisind\u0259n ir\u0259li g\u0259l\u0259n suallar\u0131n\u0131 cavabland\u0131raraq bir daha\u00a0\u00a0 frans\u0131z auditoriyas\u0131na h\u0259qiq\u0259tl\u0259ri \u00e7atd\u0131rd\u0131: \u00abB\u0259yanatlarda \u0259razi iddias\u0131 deyil, tarixi h\u0259qiq\u0259tl\u0259r \u00f6z \u0259ksini tap\u0131r. D\u00f6vl\u0259t ba\u015f\u00e7\u0131s\u0131n\u0131n m\u00fcsahib\u0259d\u0259 ifad\u0259 etdiyi h\u0259r bir c\u00fcml\u0259 \u00f6z\u00fcnd\u0259 bir tarixi, h\u0259qiq\u0259ti \u0259ks etdirir. 44 g\u00fcnl\u00fck \u0130kinci Qaraba\u011f sava\u015f\u0131nda tarixi Q\u0259l\u0259b\u0259miz s\u00fcbut etdi ki, Az\u0259rbaycan\u0131n siyasi v\u0259 co\u011frafi x\u0259rit\u0259sind\u0259 \u201cDa\u011fl\u0131q Qaraba\u011f\u201d adl\u0131 \u0259razi vahidi yoxdur. D\u00fcnya g\u00fccl\u0259ri m\u00fcnaqi\u015f\u0259nin h\u0259ll olunmad\u0131\u011f\u0131n\u0131, status m\u0259s\u0259l\u0259sini tez-tez g\u00fcnd\u0259m\u0259 g\u0259tirs\u0259l\u0259r d\u0259 bunun v\u0259ziyy\u0259ti g\u0259rginl\u0259\u015fdirm\u0259k m\u0259qs\u0259di g\u00fcdd\u00fcy\u00fc ayd\u0131nd\u0131r. Amma b\u00fct\u00fcn c\u0259hdl\u0259r, s\u0259rs\u0259m b\u0259yanatlar reall\u0131\u011f\u0131 inkar etm\u0259k g\u00fcc\u00fcnd\u0259 deyil. Reall\u0131q is\u0259 ondan ibar\u0259tdir ki, m\u00fcnaqi\u015f\u0259 tarix\u0259 qovu\u015fub. Erm\u0259nistan birm\u0259nal\u0131 olaraq s\u00fclh m\u00fcqavil\u0259si bar\u0259d\u0259 d\u00fc\u015f\u00fcnm\u0259lidir. \u018fks t\u0259qdird\u0259 onlar\u0131n bu \u0259sass\u0131z iddialar\u0131na adekvat m\u00fcnasib\u0259t g\u00f6st\u0259ril\u0259c\u0259k.\u00bb<\/p>\n","protected":false},"excerpt":{"rendered":"<p>\u00abPostm\u00fcnaqi\u015f\u0259 d\u00f6vr\u00fcn\u00fcn \u0259sas \u00e7a\u011f\u0131r\u0131\u015flar\u0131ndan biri\u00a0 Az\u0259rbaycan t\u0259r\u0259finin t\u0259klif etdiyi s\u00fclh m\u00fcqavil\u0259sinin i\u015f\u011fal\u00e7\u0131 Erm\u0259nistan t\u0259r\u0259find\u0259n q\u0259bul olunaraq b\u00f6lg\u0259d\u0259 daimi s\u00fclh\u00fcn, t\u0259hl\u00fck\u0259sizliyin b\u0259rq\u0259rar olmas\u0131, yeni \u0259m\u0259kda\u015fl\u0131q formatlar\u0131n\u0131n reall\u0131\u011fa \u00e7evrilm\u0259si istiqam\u0259tind\u0259 add\u0131mlar\u0131n at\u0131lmas\u0131d\u0131r. Bu is\u0259 \u00f6z n\u00f6vb\u0259sind\u0259 d\u00fcnyan\u0131n apar\u0131c\u0131 d\u00f6vl\u0259tl\u0259rind\u0259n, n\u00fcfuzlu beyn\u0259lxalq t\u0259\u015fkilatlardan q\u0259tiyy\u0259tli add\u0131mlar atma\u011f\u0131, Erm\u0259nistana\u00a0 s\u00fclh t\u0259klifini q\u0259bul etdirm\u0259yi bir t\u0259l\u0259b kimi qar\u015f\u0131ya qoyur. Yen\u0259 d\u0259\u00a0 Az\u0259rbaycan Ordusunun g\u00fcc\u00fc, q\u00fcdr\u0259ti say\u0259sind\u0259 \u0259dal\u0259tin b\u0259rpas\u0131 il\u0259 tarix\u0259 qovu\u015fan Da\u011fl\u0131q Qaraba\u011f m\u00fcnaqi\u015f\u0259sinin h\u0259lli m\u0259qs\u0259dil\u0259 1992-ci ild\u0259n yarad\u0131lan, amma h\u0259l\u0259 d\u0259 vasit\u0259silik missiyalar\u0131n\u0131n n\u0259d\u0259n ibar\u0259t oldu\u011funu\u00a0 d\u0259rk etm\u0259k ist\u0259m\u0259y\u0259n AT\u018fT-in Minsk qrupunun h\u0259ms\u0259drl\u0259rinin f\u0259aliyy\u0259tl\u0259rind\u0259 ciddi&hellip;<\/p>\n","protected":false},"author":2,"featured_media":384581,"comment_status":"closed","ping_status":"closed","sticky":false,"template":"","format":"standard","meta":{"om_disable_all_campaigns":false,"_monsterinsights_skip_tracking":false,"_monsterinsights_sitenote_active":false,"_monsterinsights_sitenote_note":"","_monsterinsights_sitenote_category":0},"categories":[4],"tags":[],"aioseo_notices":[],"gutentor_comment":0,"rttpg_featured_image_url":{"full":["https:\/\/arantv.az\/wp-content\/uploads\/2021\/09\/bdb6920a159178118174866699910063716-3.jpg",975,540,false],"landscape":["https:\/\/arantv.az\/wp-content\/uploads\/2021\/09\/bdb6920a159178118174866699910063716-3.jpg",975,540,false],"portraits":["https:\/\/arantv.az\/wp-content\/uploads\/2021\/09\/bdb6920a159178118174866699910063716-3.jpg",975,540,false],"thumbnail":["https:\/\/arantv.az\/wp-content\/uploads\/2021\/09\/bdb6920a159178118174866699910063716-3-500x280.jpg",500,280,true],"medium":["https:\/\/arantv.az\/wp-content\/uploads\/2021\/09\/bdb6920a159178118174866699910063716-3-660x365.jpg",660,365,true],"large":["https:\/\/arantv.az\/wp-content\/uploads\/2021\/09\/bdb6920a159178118174866699910063716-3-840x465.jpg",640,354,true],"1536x1536":["https:\/\/arantv.az\/wp-content\/uploads\/2021\/09\/bdb6920a159178118174866699910063716-3.jpg",975,540,false],"2048x2048":["https:\/\/arantv.az\/wp-content\/uploads\/2021\/09\/bdb6920a159178118174866699910063716-3.jpg",975,540,false],"post-thumbnail":["https:\/\/arantv.az\/wp-content\/uploads\/2021\/09\/bdb6920a159178118174866699910063716-3-240x172.jpg",240,172,true],"advps-thumb-one":["https:\/\/arantv.az\/wp-content\/uploads\/2021\/09\/bdb6920a159178118174866699910063716-3.jpg",975,540,false]},"rttpg_author":{"display_name":"V\u00fcsal Rafiqo\u011flu","author_link":"https:\/\/arantv.az\/?author=2"},"rttpg_comment":0,"rttpg_category":"<a href=\"https:\/\/arantv.az\/?cat=4\" rel=\"category\">Siyas\u0259t<\/a>","rttpg_excerpt":"\u00abPostm\u00fcnaqi\u015f\u0259 d\u00f6vr\u00fcn\u00fcn \u0259sas \u00e7a\u011f\u0131r\u0131\u015flar\u0131ndan biri\u00a0 Az\u0259rbaycan t\u0259r\u0259finin t\u0259klif etdiyi s\u00fclh m\u00fcqavil\u0259sinin i\u015f\u011fal\u00e7\u0131 Erm\u0259nistan t\u0259r\u0259find\u0259n q\u0259bul olunaraq b\u00f6lg\u0259d\u0259 daimi s\u00fclh\u00fcn, t\u0259hl\u00fck\u0259sizliyin b\u0259rq\u0259rar olmas\u0131, yeni \u0259m\u0259kda\u015fl\u0131q formatlar\u0131n\u0131n reall\u0131\u011fa \u00e7evrilm\u0259si istiqam\u0259tind\u0259 add\u0131mlar\u0131n at\u0131lmas\u0131d\u0131r. Bu is\u0259 \u00f6z n\u00f6vb\u0259sind\u0259 d\u00fcnyan\u0131n apar\u0131c\u0131 d\u00f6vl\u0259tl\u0259rind\u0259n, n\u00fcfuzlu beyn\u0259lxalq t\u0259\u015fkilatlardan q\u0259tiyy\u0259tli add\u0131mlar atma\u011f\u0131, Erm\u0259nistana\u00a0 s\u00fclh t\u0259klifini q\u0259bul etdirm\u0259yi bir t\u0259l\u0259b kimi qar\u015f\u0131ya qoyur. Yen\u0259 d\u0259\u00a0&hellip;","_links":{"self":[{"href":"https:\/\/arantv.az\/index.php?rest_route=\/wp\/v2\/posts\/384580"}],"collection":[{"href":"https:\/\/arantv.az\/index.php?rest_route=\/wp\/v2\/posts"}],"about":[{"href":"https:\/\/arantv.az\/index.php?rest_route=\/wp\/v2\/types\/post"}],"author":[{"embeddable":true,"href":"https:\/\/arantv.az\/index.php?rest_route=\/wp\/v2\/users\/2"}],"replies":[{"embeddable":true,"href":"https:\/\/arantv.az\/index.php?rest_route=%2Fwp%2Fv2%2Fcomments&post=384580"}],"version-history":[{"count":0,"href":"https:\/\/arantv.az\/index.php?rest_route=\/wp\/v2\/posts\/384580\/revisions"}],"wp:featuredmedia":[{"embeddable":true,"href":"https:\/\/arantv.az\/index.php?rest_route=\/wp\/v2\/media\/384581"}],"wp:attachment":[{"href":"https:\/\/arantv.az\/index.php?rest_route=%2Fwp%2Fv2%2Fmedia&parent=384580"}],"wp:term":[{"taxonomy":"category","embeddable":true,"href":"https:\/\/arantv.az\/index.php?rest_route=%2Fwp%2Fv2%2Fcategories&post=384580"},{"taxonomy":"post_tag","embeddable":true,"href":"https:\/\/arantv.az\/index.php?rest_route=%2Fwp%2Fv2%2Ftags&post=384580"}],"curies":[{"name":"wp","href":"https:\/\/api.w.org\/{rel}","templated":true}]}}