{"id":384586,"date":"2021-09-30T17:55:40","date_gmt":"2021-09-30T14:55:40","guid":{"rendered":"http:\/\/arantv.az\/?p=384586"},"modified":"2021-09-30T17:55:40","modified_gmt":"2021-09-30T14:55:40","slug":"regionda-sulhun-b%c9%99rq%c9%99rar-olunmasi-ist%c9%99yi-az%c9%99rbaycanin-r%c9%99smi-movqeyidir","status":"publish","type":"post","link":"https:\/\/arantv.az\/?p=384586","title":{"rendered":"Regionda s\u00fclh\u00fcn b\u0259rq\u0259rar olunmas\u0131 ist\u0259yi Az\u0259rbaycan\u0131n r\u0259smi m\u00f6vqeyidir"},"content":{"rendered":"<p>Sentyabr\u0131n 28-d\u0259 Az\u0259rbaycan Respublikas\u0131n\u0131n Prezidenti \u0130lham \u018fliyev Fransan\u0131n &#8220;France-24&#8221; televiziya kanal\u0131na m\u00fcsahib\u0259 ver\u0259r\u0259k, Az\u0259rbaycan \u2013 Fransa m\u00fcnasib\u0259rl\u0259ri, bu m\u00fcnasib\u0259tl\u0259rin g\u0259l\u0259c\u0259k perspektivl\u0259ri v\u0259 dig\u0259r suallar\u0131 cavabland\u0131r\u0131lm\u0131\u015fd\u0131r.<br \/>\nC\u0259nab Prezident \u0130lham \u018fliyevin AT\u018fT-in Minsk qrupunda tutdu\u011fu mandat\u0131na tamamil\u0259 zidd olaraq erm\u0259nip\u0259r\u0259st m\u00f6vqe tutan Fransan\u0131n &#8220;France-24&#8221; televiziya kanal\u0131na m\u00fcsahib\u0259 verm\u0259si h\u0259m frans\u0131z auditoriyas\u0131 il\u0259 birba\u015fa t\u0259masda olmaq, h\u0259m d\u0259 Fransan\u0131n Erm\u0259nistana bu q\u0259d\u0259r yax\u0131n oldu\u011fu fakt\u0131 n\u0259z\u0259r\u0259 al\u0131nmaqla Erm\u0259nistana veril\u0259n mesajlar\u0131n birba\u015fa \u00e7atd\u0131r\u0131lmas\u0131 bax\u0131m\u0131ndan olduqca m\u00fcst\u0259sna \u0259h\u0259miyy\u0259t k\u0259sb edir. M\u00fcsahib\u0259 \u0259rzind\u0259 d\u00f6vl\u0259t ba\u015f\u00e7\u0131m\u0131z bir daha fikrimizi v\u0259 m\u00f6vqeyimizi ayd\u0131n \u015f\u0259kild\u0259 ortaya qoydu ki, m\u00fcharib\u0259 bitib, m\u00fcnaqi\u015f\u0259 \u00f6z h\u0259llini tap\u0131b, Az\u0259rbaycan g\u0259l\u0259c\u0259y\u0259 bax\u0131r, \u00e7\u00fcnki d\u0259f\u0259l\u0259rl\u0259 Erm\u0259nistanla dialoqa ba\u015flama\u011fa haz\u0131r oldu\u011fumuzu ifad\u0259 etmi\u015fik.<br \/>\nC\u0259nab Prezident d\u0259f\u0259l\u0259rl\u0259 \u00e7\u0131x\u0131\u015flar\u0131nda, &#8220;France-24&#8221; kanal\u0131na m\u00fcsahib\u0259d\u0259n az \u0259vv\u0259l T\u00fcrkiy\u0259nin &#8220;Anadolu&#8221; agentliyin\u0259 verdiyi m\u00fcsahib\u0259sind\u0259 d\u0259 AT\u018fT-in Minsk Qrupunun bir siyasi t\u0259sisat kimi f\u0259aliyy\u0259t dair\u0259sinin g\u0259l\u0259c\u0259kd\u0259 status kimi m\u0259s\u0259l\u0259l\u0259ri g\u00fcnd\u0259liy\u0259 g\u0259tirm\u0259sind\u0259n yox, iki \u00f6lk\u0259 aras\u0131nda h\u0259l\u0259 d\u0259 h\u0259llini g\u00f6zl\u0259y\u0259n m\u0259s\u0259l\u0259l\u0259rin, etimad t\u0259dbirl\u0259rinin yarad\u0131lmas\u0131 v\u0259 bunun daha da m\u00f6hk\u0259ml\u0259ndirilm\u0259sind\u0259n ibar\u0259t olmas\u0131n\u0131n yol x\u0259rit\u0259sini d\u0259 ayd\u0131n g\u00f6st\u0259rmi\u015fdi. Bu g\u00fcn Erm\u0259nistan\u0131n b\u0259zi dair\u0259l\u0259rind\u0259 revan\u015fizm meyill\u0259rini g\u00f6r\u00fcr\u00fck. Bu bax\u0131mdan da \u00f6lk\u0259 ba\u015f\u00e7\u0131m\u0131z frans\u0131z kanal\u0131 vasit\u0259sil\u0259 bildirdi ki, Az\u0259rbaycan\u0131n yeni t\u0259hl\u00fck\u0259 g\u00f6r\u0259c\u0259yi t\u0259qdird\u0259, he\u00e7 bir t\u0259r\u0259dd\u00fcd etm\u0259d\u0259n erm\u0259ni fa\u015fizmini yenid\u0259n \u0259z\u0259c\u0259yik b\u0259yanat\u0131 Erm\u0259nistan\u0131n bu revan\u015fist meyill\u0259rin\u0259 qar\u015f\u0131 qald\u0131r\u0131lm\u0131\u015f fikirl\u0259rdir. Bu bir n\u00f6v Erm\u0259nistan\u0131n q\u0131rm\u0131z\u0131 x\u0259ttinin haradan ke\u00e7diyinin g\u00f6st\u0259rilm\u0259si idi. Az\u0259rbaycan m\u00fcharib\u0259 ist\u0259mir. T\u0259bii ki, Az\u0259rbaycan he\u00e7 bir d\u00f6vl\u0259t\u0259 qar\u015f\u0131 \u0259razi iddias\u0131 il\u0259 \u00e7\u0131x\u0131\u015f etm\u0259yib, indi d\u0259 etmir. Lakin \u00f6lk\u0259 ba\u015f\u00e7\u0131m\u0131z\u0131n da ifad\u0259 etdiyi kimi dig\u0259r \u00f6lk\u0259l\u0259rin, xalqlar\u0131n oldu\u011fu kimi bizim, g\u0259nc v\u0259 g\u0259l\u0259c\u0259k n\u0259sill\u0259rin haqq\u0131d\u0131r ki, \u00f6z tariximizi bil\u0259k. Zaman g\u0259l\u0259c\u0259k biz \u0130r\u0259vana da ged\u0259c\u0259yik v\u0259 bu bizim t\u0259bii, legitim haqq\u0131m\u0131zd\u0131r. Y\u0259ni, n\u0259 Erm\u0259nistan, n\u0259 Fransa, n\u0259 d\u0259 bir dig\u0259r d\u00f6vl\u0259t d\u00fc\u015f\u00fcnm\u0259sin ki, biz tariximizi unutmu\u015fuq.<br \/>\nAz\u0259rbaycana qar\u015f\u0131 olan t\u0259zyiql\u0259rin, ya da iradlar\u0131n biri d\u0259 62 diversantla ba\u011fl\u0131 idi ki, bu m\u0259s\u0259l\u0259 \u0259traf\u0131nda h\u0259l\u0259 d\u0259 narahatl\u0131\u011f\u0131n ifad\u0259 olunmas\u0131 fonunda \u00f6lk\u0259 ba\u015f\u00e7\u0131m\u0131z a\u00e7\u0131q \u015f\u0259kild\u0259 bildirdi ki, he\u00e7 bir beyn\u0259lxalq konvensiya h\u0259rbi \u0259m\u0259liyyatlar\u0131n getm\u0259diyi zaman \u00e7\u0259r\u00e7iv\u0259sind\u0259 tutulan bu v\u0259 ya dig\u0259r insan\u0131 h\u0259rbi \u0259sir kimi xarakteriz\u0259 etmir: &#8220;Onlar da m\u00fcharib\u0259 bitdikd\u0259n 16 g\u00fcn sonra a\u015fkar edildikl\u0259rind\u0259n m\u0259hz t\u0259xribat d\u0259st\u0259sinin \u00fczvl\u0259ridirl\u0259r. &#8220;Da\u011fl\u0131q Qaraba\u011f&#8221; terminin, onun statusunun m\u0259qs\u0259dli \u015f\u0259kild\u0259 g\u00fcnd\u0259likd\u0259 saxlan\u0131lmas\u0131na g\u0259ldikd\u0259 is\u0259 Az\u0259rbaycan\u0131n siyasi v\u0259 co\u011frafi x\u0259rit\u0259sind\u0259 &#8220;Da\u011fl\u0131q Qaraba\u011f&#8221; adl\u0131 vahid yoxdur. Bu m\u0259s\u0259l\u0259ni c\u0259nab Prezident y\u00fcks\u0259k BMT k\u00fcrs\u00fcs\u00fcnd\u0259n d\u0259 b\u00fct\u00fcn d\u00fcnyaya \u00e7atd\u0131rd\u0131. \u0130ndi Qaraba\u011f v\u0259 \u015e\u0259rqi Z\u0259ng\u0259zur m\u00f6vcuddur. Dem\u0259li, status da yoxdur. Bel\u0259 canf\u0259\u015fanl\u0131q edirl\u0259rs\u0259 getsinl\u0259r \u00f6z \u00f6lk\u0259l\u0259l\u0259rind\u0259 ist\u0259dikl\u0259ri yerd\u0259, n\u00f6qt\u0259d\u0259 erm\u0259nil\u0259r\u0259 status versinl\u0259r.<br \/>\nMuxtariyy\u0259t m\u0259s\u0259l\u0259si d\u0259 Az\u0259rbaycan\u0131n g\u00fcnd\u0259liyind\u0259 m\u00f6vcud deyil. Orada ya\u015fayan erm\u0259nil\u0259r Az\u0259rbaycan v\u0259t\u0259nda\u015flar\u0131d\u0131r, muxtariyy\u0259tin verilm\u0259si bel\u0259 art\u0131q m\u00fczakir\u0259 m\u00f6vzusu deyil. M\u00fcsahib\u0259 zaman\u0131 ayd\u0131nl\u0131\u011fa qovu\u015fdurulan bir dig\u0259r m\u0259s\u0259l\u0259 &#8220;S\u0259rh\u0259dsiz reportyorlar&#8221; QHT t\u0259\u015fkilat\u0131 il\u0259 ba\u011fl\u0131 idi ki, onlar\u0131n hesabatlar\u0131 tamamil\u0259 q\u0259r\u0259zli v\u0259 \u0259dal\u0259tsiz oldu\u011fu \u00fc\u00e7\u00fcn Az\u0259rbaycan c\u0259miyy\u0259ti \u00fc\u00e7\u00fcn he\u00e7 bir m\u0259na k\u0259sb etmir. Bu bax\u0131mdan da \u0259ld\u0259 h\u0259r hans\u0131 bir d\u0259lil, s\u00fcbut olmadan Az\u0259rbaycana qara yaxmaq m\u0259qs\u0259dil\u0259 qald\u0131r\u0131lan b\u00fct\u00fcn ittihamlar tamamil\u0259 \u0259sass\u0131zd\u0131r v\u0259 q\u0259r\u0259zlidir. H\u0259r hans\u0131 bir \u00f6lk\u0259nin h\u00fcdudlar\u0131 \u00e7\u0259r\u00e7iv\u0259sind\u0259 ba\u015f ver\u0259n qanunsuz hadis\u0259l\u0259ri ara\u015fd\u0131rmaq m\u0259suliyy\u0259ti Az\u0259rbaycan\u0131n yox, o hadis\u0259nin ba\u015f verdiyi \u00f6lk\u0259nin h\u00fcquq-m\u00fchafiz\u0259 orqanlar\u0131n\u0131n i\u015fidir. Bu fakt\u0131 da \u00f6lk\u0259 ba\u015f\u00e7\u0131m\u0131z \u00e7\u0259kinm\u0259d\u0259n el\u0259 frans\u0131z kanal\u0131 vasit\u0259sil\u0259 \u00f6z diqq\u0259tl\u0259rin\u0259 \u00e7atd\u0131rd\u0131 ki, olmayan, s\u00fcbutsuz hadis\u0259l\u0259rl\u0259 Az\u0259rbaycan\u0131n \u00fcz\u0259rin\u0259 g\u0259lm\u0259y\u0259 he\u00e7 kim\u0259 aman verm\u0259y\u0259c\u0259yik. H\u0259m d\u0259 o s\u0259tiralt\u0131 mesaj da verildi ki, h\u0259r zaman Az\u0259rbaycanda \u0259sass\u0131z \u015f\u0259kild\u0259 bu v\u0259 ya dig\u0259r istiqam\u0259td\u0259 bo\u015fluqlar\u0131n oldu\u011funu dil\u0259 g\u0259tirm\u0259d\u0259n \u00f6nc\u0259 \u00f6z \u00f6lk\u0259nizd\u0259 m\u00f6vcud olan bo\u015fluqlara fokus olun.<br \/>\nM\u00fcsahib\u0259nin \u0259n \u0259sas yeri Az\u0259rbaycan\u0131n Fransa d\u00f6vl\u0259ti il\u0259 ba\u011fl\u0131 m\u00f6vqeyi a\u00e7\u0131q \u015f\u0259kild\u0259, bilavasit\u0259 m\u0259hz el\u0259 bu \u00f6lk\u0259nin kanal\u0131 vasit\u0259sil\u0259 bildirildi: Az\u0259rbaycan Fransa il\u0259 m\u00fcnasib\u0259tl\u0259rini u\u011furla qurub. Heyd\u0259r \u018fliyev Fondu Fransada tarixi abid\u0259l\u0259rin restavrasiyas\u0131 il\u0259 ba\u011fl\u0131 n\u0259z\u0259r\u0259\u00e7arpan i\u015fl\u0259r h\u0259yata ke\u00e7irib. Bir real fakt da var ki, h\u0259r bir d\u00f6vl\u0259t xarici siyas\u0259tinin prioritet istiqam\u0259tl\u0259rini m\u00fc\u0259yy\u0259nl\u0259\u015fdir\u0259rk\u0259n, dig\u0259r bir d\u00f6vl\u0259tl\u0259 ikit\u0259r\u0259fli ya da \u00e7oxt\u0259r\u0259fli z\u0259mind\u0259 m\u00fcnasib\u0259tl\u0259r qurark\u0259n hans\u0131sa bir d\u00f6vl\u0259t\u0259, d\u00f6vl\u0259tl\u0259r\u0259 daha yax\u0131n ola bil\u0259r.<br \/>\nM\u00fcsahib\u0259sind\u0259 c\u0259nab Prezident \u0130lham bildirdi ki, \u0259g\u0259r Fransa AT\u018fT-in Minsk Qrupunun h\u0259ms\u0259dr \u00f6lk\u0259sidirs\u0259 obyektiv v\u0259 q\u0259r\u0259zd\u0259n uzaq m\u00f6vqe n\u00fcmayi\u015f etdirm\u0259li idi. Lakin bit\u0259r\u0259f yox, birt\u0259r\u0259fli m\u00f6vqe il\u0259 Erm\u0259nistan\u0131n t\u0259r\u0259fini tutdu, h\u0259r\u0259k\u0259t v\u0259 b\u0259yanatlar\u0131nda Az\u0259rbaycan\u0131 a\u00e7\u0131q \u015f\u0259kild\u0259 ittiham etdi.<br \/>\nAz\u0259rbaycan Fransa il\u0259 Erm\u0259nistan\u0131n tarixi \u0259laq\u0259l\u0259rini, Fransada f\u0259al erm\u0259ni icmas\u0131n\u0131n olmas\u0131n\u0131 v\u0259 onlar\u0131n q\u0259rar q\u0259bul ed\u0259n \u015f\u0259xsl\u0259r\u0259 m\u00fcmk\u00fcn t\u0259sirini g\u00f6z\u0259l bilir. Bununla bel\u0259, \u00f6lk\u0259 ba\u015f\u00e7\u0131m\u0131z onu da geni\u015f auditoriyan\u0131n diqq\u0259tin\u0259 \u00e7atd\u0131rd\u0131 ki, Az\u0259rbaycan Parisd\u0259n g\u0259l\u0259c\u0259k Fransa-Az\u0259rbaycan m\u00fcnasib\u0259tl\u0259ri il\u0259 ba\u011fl\u0131 m\u00fcsb\u0259t siqnallar al\u0131b v\u0259 onlara da m\u00fcsb\u0259t cavab verib. Fransa d\u00fcnyada apar\u0131c\u0131 d\u00f6vl\u0259tl\u0259rd\u0259n biridir v\u0259 Az\u0259rbaycan bu d\u00f6vl\u0259tl\u0259 m\u00fcnasib\u0259tl\u0259rinin normal olmas\u0131n\u0131 ist\u0259yir. Bu g\u00fcn yaranm\u0131\u015f reall\u0131\u011fa is\u0259 realist yana\u015fma ortaya qoyulmal\u0131d\u0131r. Az\u0259rbaycan\u0131n xo\u015fag\u0259lm\u0259z hadis\u0259l\u0259rd\u0259n sui-istifad\u0259 etm\u0259m\u0259kl\u0259 s\u0259hif\u0259ni m\u00fcsb\u0259t istiqam\u0259td\u0259 \u00e7evirm\u0259y\u0259 haz\u0131r oldu\u011fu ifad\u0259 edildi. Fransa da, Erm\u0259nistan da neqativ meyill\u0259rl\u0259 \u00e7\u0131x\u0131\u015f etm\u0259li deyil, regionda s\u00fclh, sabitlik v\u0259 t\u0259hl\u00fck\u0259sizlikd\u0259 maraql\u0131 olmal\u0131d\u0131r.<\/p>\n<p>\u0130srafil K\u0259rimov \u2013 Az\u0259rbaycan Jurnalistl\u0259r Birliyinin \u00fczv\u00fc<\/p>\n","protected":false},"excerpt":{"rendered":"<p>Sentyabr\u0131n 28-d\u0259 Az\u0259rbaycan Respublikas\u0131n\u0131n Prezidenti \u0130lham \u018fliyev Fransan\u0131n &#8220;France-24&#8221; televiziya kanal\u0131na m\u00fcsahib\u0259 ver\u0259r\u0259k, Az\u0259rbaycan \u2013 Fransa m\u00fcnasib\u0259rl\u0259ri, bu m\u00fcnasib\u0259tl\u0259rin g\u0259l\u0259c\u0259k perspektivl\u0259ri v\u0259 dig\u0259r suallar\u0131 cavabland\u0131r\u0131lm\u0131\u015fd\u0131r. C\u0259nab Prezident \u0130lham \u018fliyevin AT\u018fT-in Minsk qrupunda tutdu\u011fu mandat\u0131na tamamil\u0259 zidd olaraq erm\u0259nip\u0259r\u0259st m\u00f6vqe tutan Fransan\u0131n &#8220;France-24&#8221; televiziya kanal\u0131na m\u00fcsahib\u0259 verm\u0259si h\u0259m frans\u0131z auditoriyas\u0131 il\u0259 birba\u015fa t\u0259masda olmaq, h\u0259m d\u0259 Fransan\u0131n Erm\u0259nistana bu q\u0259d\u0259r yax\u0131n oldu\u011fu fakt\u0131 n\u0259z\u0259r\u0259 al\u0131nmaqla Erm\u0259nistana veril\u0259n mesajlar\u0131n birba\u015fa \u00e7atd\u0131r\u0131lmas\u0131 bax\u0131m\u0131ndan olduqca m\u00fcst\u0259sna \u0259h\u0259miyy\u0259t k\u0259sb edir. M\u00fcsahib\u0259 \u0259rzind\u0259 d\u00f6vl\u0259t ba\u015f\u00e7\u0131m\u0131z bir daha fikrimizi v\u0259 m\u00f6vqeyimizi ayd\u0131n \u015f\u0259kild\u0259 ortaya qoydu ki, m\u00fcharib\u0259&hellip;<\/p>\n","protected":false},"author":2,"featured_media":384587,"comment_status":"closed","ping_status":"closed","sticky":false,"template":"","format":"standard","meta":{"om_disable_all_campaigns":false,"_monsterinsights_skip_tracking":false,"_monsterinsights_sitenote_active":false,"_monsterinsights_sitenote_note":"","_monsterinsights_sitenote_category":0},"categories":[4],"tags":[],"aioseo_notices":[],"gutentor_comment":0,"rttpg_featured_image_url":{"full":["https:\/\/arantv.az\/wp-content\/uploads\/2021\/09\/ilham_91633006233.jpg",649,383,false],"landscape":["https:\/\/arantv.az\/wp-content\/uploads\/2021\/09\/ilham_91633006233.jpg",649,383,false],"portraits":["https:\/\/arantv.az\/wp-content\/uploads\/2021\/09\/ilham_91633006233.jpg",649,383,false],"thumbnail":["https:\/\/arantv.az\/wp-content\/uploads\/2021\/09\/ilham_91633006233-500x280.jpg",500,280,true],"medium":["https:\/\/arantv.az\/wp-content\/uploads\/2021\/09\/ilham_91633006233-618x365.jpg",618,365,true],"large":["https:\/\/arantv.az\/wp-content\/uploads\/2021\/09\/ilham_91633006233.jpg",640,378,false],"1536x1536":["https:\/\/arantv.az\/wp-content\/uploads\/2021\/09\/ilham_91633006233.jpg",649,383,false],"2048x2048":["https:\/\/arantv.az\/wp-content\/uploads\/2021\/09\/ilham_91633006233.jpg",649,383,false],"post-thumbnail":["https:\/\/arantv.az\/wp-content\/uploads\/2021\/09\/ilham_91633006233-240x172.jpg",240,172,true],"advps-thumb-one":["https:\/\/arantv.az\/wp-content\/uploads\/2021\/09\/ilham_91633006233.jpg",649,383,false]},"rttpg_author":{"display_name":"V\u00fcsal Rafiqo\u011flu","author_link":"https:\/\/arantv.az\/?author=2"},"rttpg_comment":0,"rttpg_category":"<a href=\"https:\/\/arantv.az\/?cat=4\" rel=\"category\">Siyas\u0259t<\/a>","rttpg_excerpt":"Sentyabr\u0131n 28-d\u0259 Az\u0259rbaycan Respublikas\u0131n\u0131n Prezidenti \u0130lham \u018fliyev Fransan\u0131n &#8220;France-24&#8221; televiziya kanal\u0131na m\u00fcsahib\u0259 ver\u0259r\u0259k, Az\u0259rbaycan \u2013 Fransa m\u00fcnasib\u0259rl\u0259ri, bu m\u00fcnasib\u0259tl\u0259rin g\u0259l\u0259c\u0259k perspektivl\u0259ri v\u0259 dig\u0259r suallar\u0131 cavabland\u0131r\u0131lm\u0131\u015fd\u0131r. C\u0259nab Prezident \u0130lham \u018fliyevin AT\u018fT-in Minsk qrupunda tutdu\u011fu mandat\u0131na tamamil\u0259 zidd olaraq erm\u0259nip\u0259r\u0259st m\u00f6vqe tutan Fransan\u0131n &#8220;France-24&#8221; televiziya kanal\u0131na m\u00fcsahib\u0259 verm\u0259si h\u0259m frans\u0131z auditoriyas\u0131 il\u0259 birba\u015fa t\u0259masda olmaq, h\u0259m d\u0259&hellip;","_links":{"self":[{"href":"https:\/\/arantv.az\/index.php?rest_route=\/wp\/v2\/posts\/384586"}],"collection":[{"href":"https:\/\/arantv.az\/index.php?rest_route=\/wp\/v2\/posts"}],"about":[{"href":"https:\/\/arantv.az\/index.php?rest_route=\/wp\/v2\/types\/post"}],"author":[{"embeddable":true,"href":"https:\/\/arantv.az\/index.php?rest_route=\/wp\/v2\/users\/2"}],"replies":[{"embeddable":true,"href":"https:\/\/arantv.az\/index.php?rest_route=%2Fwp%2Fv2%2Fcomments&post=384586"}],"version-history":[{"count":0,"href":"https:\/\/arantv.az\/index.php?rest_route=\/wp\/v2\/posts\/384586\/revisions"}],"wp:featuredmedia":[{"embeddable":true,"href":"https:\/\/arantv.az\/index.php?rest_route=\/wp\/v2\/media\/384587"}],"wp:attachment":[{"href":"https:\/\/arantv.az\/index.php?rest_route=%2Fwp%2Fv2%2Fmedia&parent=384586"}],"wp:term":[{"taxonomy":"category","embeddable":true,"href":"https:\/\/arantv.az\/index.php?rest_route=%2Fwp%2Fv2%2Fcategories&post=384586"},{"taxonomy":"post_tag","embeddable":true,"href":"https:\/\/arantv.az\/index.php?rest_route=%2Fwp%2Fv2%2Ftags&post=384586"}],"curies":[{"name":"wp","href":"https:\/\/api.w.org\/{rel}","templated":true}]}}