{"id":384589,"date":"2021-09-30T17:57:46","date_gmt":"2021-09-30T14:57:46","guid":{"rendered":"http:\/\/arantv.az\/?p=384589"},"modified":"2021-09-30T17:57:46","modified_gmt":"2021-09-30T14:57:46","slug":"elinin-f%c9%99xri-olan-v%c9%99t%c9%99n-oglu-video","status":"publish","type":"post","link":"https:\/\/arantv.az\/?p=384589","title":{"rendered":"Elinin f\u0259xri olan v\u0259t\u0259n o\u011flu &#8211; V\u0130DEO"},"content":{"rendered":"<div class=\"article_text\">\n<blockquote><p><strong>Bu g\u00fcn \u015f\u0259hid El\u015f\u0259n Abbasovun \u015f\u0259had\u0259tinin ild\u00f6n\u00fcm\u00fcd\u00fcr<\/strong><\/p><\/blockquote>\n<p>\u015e\u0259hid atas\u0131 q\u0259hr\u0259manl\u0131\u011f\u0131, \u015f\u00fcca\u0259ti v\u0259 \u015f\u0259had\u0259ti il\u0259 \u0259sl V\u0259t\u0259n o\u011flu olan \u00f6vlad\u0131 El\u015f\u0259n Abbasovdan dan\u0131\u015f\u0131r.<\/p>\n<p><strong>ARANTV.AZ<\/strong>\u00a0 Real TV-y\u0259 istinad\u0259n bildirir ki, 44-g\u00fcnl\u00fck V\u0259t\u0259n m\u00fcharib\u0259sind\u0259 torpaqlar\u0131m\u0131z\u0131n 30 illik i\u015f\u011faldan azad edilm\u0259sind\u0259 El\u015f\u0259n d\u0259 r\u0259\u015fad\u0259t g\u00f6st\u0259r\u0259r\u0259k d\u00fc\u015fm\u0259n\u0259 a\u011f\u0131r z\u0259rb\u0259l\u0259r vurdu. Beyl\u0259qan rayon Birinci \u015eahsev\u0259n k\u0259ndind\u0259 anadan olan El\u015f\u0259n Abbasov h\u0259rbi qulluq\u00e7u olaraq Az\u0259rbaycan ordusunda 8 il xidm\u0259t g\u00f6st\u0259rib. O, aprel d\u00f6y\u00fc\u015fl\u0259ri, Tovuz hadis\u0259l\u0259ri zaman\u0131 da f\u0259dakar h\u0259rb\u00e7i kimi \u00f6n c\u0259bh\u0259d\u0259 m\u00fcbariz\u0259 apar\u0131b. V\u0259t\u0259n m\u00fcharib\u0259si ba\u015flayanda da d\u00f6y\u00fc\u015fl\u0259r\u0259 at\u0131lan El\u015f\u0259n sentyabr\u0131n 28-d\u0259 F\u00fczulinin Qorqan k\u0259ndind\u0259 q\u0259hr\u0259mancas\u0131na \u015f\u0259hid olub.<\/p>\n<p>Bu g\u00fcn onun \u015f\u0259had\u0259tind\u0259n 1 il \u00f6t\u00fcr. Do\u011fmalar\u0131 onun fiziki yoxlu\u011funa \u00fcz\u00fcls\u0259 d\u0259, ucald\u0131\u011f\u0131 zirv\u0259nin f\u0259xar\u0259ti il\u0259 t\u0259skinlik tap\u0131rlar:<\/p>\n<p>El\u015f\u0259nd\u0259n v\u0259t\u0259n\u0259 iki q\u0131z \u00f6vlad\u0131 yadigar qal\u0131b. V\u0259t\u0259n m\u00fcharib\u0259sind\u0259 g\u00f6st\u0259rdiyi igidliy\u0259 g\u00f6r\u0259 El\u015f\u0259n Abbasov Prezident \u0130lham \u018fliyev t\u0259r\u0259find\u0259n &#8220;C\u0259sur d\u00f6y\u00fc\u015f\u00e7\u00fc&#8221;, &#8220;V\u0259t\u0259n u\u011frunda&#8221; ,&#8221;F\u00fczulinin azad olunmas\u0131na g\u00f6r\u0259&#8221; medallar\u0131 il\u0259 t\u0259ltif olunub.<\/p>\n<div>\n<div id=\"AdviadNativeVideo0\" class=\"AdviadNativeVideo\"><\/div>\n<\/div>\n<p>&nbsp;<\/p>\n<p><iframe loading=\"lazy\" src=\"https:\/\/daytube.az\/az\/embed\/115499\" width=\"670\" height=\"400\" frameborder=\"0\" allowfullscreen=\"allowfullscreen\" data-mce-fragment=\"1\"><\/iframe><\/p>\n<\/div>\n<div class=\"social-banner\"><\/div>\n","protected":false},"excerpt":{"rendered":"<p>Bu g\u00fcn \u015f\u0259hid El\u015f\u0259n Abbasovun \u015f\u0259had\u0259tinin ild\u00f6n\u00fcm\u00fcd\u00fcr \u015e\u0259hid atas\u0131 q\u0259hr\u0259manl\u0131\u011f\u0131, \u015f\u00fcca\u0259ti v\u0259 \u015f\u0259had\u0259ti il\u0259 \u0259sl V\u0259t\u0259n o\u011flu olan \u00f6vlad\u0131 El\u015f\u0259n Abbasovdan dan\u0131\u015f\u0131r. ARANTV.AZ\u00a0 Real TV-y\u0259 istinad\u0259n bildirir ki, 44-g\u00fcnl\u00fck V\u0259t\u0259n m\u00fcharib\u0259sind\u0259 torpaqlar\u0131m\u0131z\u0131n 30 illik i\u015f\u011faldan azad edilm\u0259sind\u0259 El\u015f\u0259n d\u0259 r\u0259\u015fad\u0259t g\u00f6st\u0259r\u0259r\u0259k d\u00fc\u015fm\u0259n\u0259 a\u011f\u0131r z\u0259rb\u0259l\u0259r vurdu. Beyl\u0259qan rayon Birinci \u015eahsev\u0259n k\u0259ndind\u0259 anadan olan El\u015f\u0259n Abbasov h\u0259rbi qulluq\u00e7u olaraq Az\u0259rbaycan ordusunda 8 il xidm\u0259t g\u00f6st\u0259rib. O, aprel d\u00f6y\u00fc\u015fl\u0259ri, Tovuz hadis\u0259l\u0259ri zaman\u0131 da f\u0259dakar h\u0259rb\u00e7i kimi \u00f6n c\u0259bh\u0259d\u0259 m\u00fcbariz\u0259 apar\u0131b. V\u0259t\u0259n m\u00fcharib\u0259si ba\u015flayanda da d\u00f6y\u00fc\u015fl\u0259r\u0259 at\u0131lan El\u015f\u0259n sentyabr\u0131n 28-d\u0259 F\u00fczulinin Qorqan k\u0259ndind\u0259 q\u0259hr\u0259mancas\u0131na&hellip;<\/p>\n","protected":false},"author":2,"featured_media":384590,"comment_status":"closed","ping_status":"closed","sticky":false,"template":"","format":"standard","meta":{"om_disable_all_campaigns":false,"_monsterinsights_skip_tracking":false,"_monsterinsights_sitenote_active":false,"_monsterinsights_sitenote_note":"","_monsterinsights_sitenote_category":0},"categories":[26],"tags":[],"aioseo_notices":[],"gutentor_comment":0,"rttpg_featured_image_url":{"full":["https:\/\/arantv.az\/wp-content\/uploads\/2021\/09\/983811.jpg",800,600,false],"landscape":["https:\/\/arantv.az\/wp-content\/uploads\/2021\/09\/983811.jpg",800,600,false],"portraits":["https:\/\/arantv.az\/wp-content\/uploads\/2021\/09\/983811.jpg",800,600,false],"thumbnail":["https:\/\/arantv.az\/wp-content\/uploads\/2021\/09\/983811-500x280.jpg",500,280,true],"medium":["https:\/\/arantv.az\/wp-content\/uploads\/2021\/09\/983811-487x365.jpg",487,365,true],"large":["https:\/\/arantv.az\/wp-content\/uploads\/2021\/09\/983811.jpg",640,480,false],"1536x1536":["https:\/\/arantv.az\/wp-content\/uploads\/2021\/09\/983811.jpg",800,600,false],"2048x2048":["https:\/\/arantv.az\/wp-content\/uploads\/2021\/09\/983811.jpg",800,600,false],"post-thumbnail":["https:\/\/arantv.az\/wp-content\/uploads\/2021\/09\/983811-240x172.jpg",240,172,true],"advps-thumb-one":["https:\/\/arantv.az\/wp-content\/uploads\/2021\/09\/983811.jpg",800,600,false]},"rttpg_author":{"display_name":"V\u00fcsal Rafiqo\u011flu","author_link":"https:\/\/arantv.az\/?author=2"},"rttpg_comment":0,"rttpg_category":"<a href=\"https:\/\/arantv.az\/?cat=26\" rel=\"category\">Sosial<\/a>","rttpg_excerpt":"Bu g\u00fcn \u015f\u0259hid El\u015f\u0259n Abbasovun \u015f\u0259had\u0259tinin ild\u00f6n\u00fcm\u00fcd\u00fcr \u015e\u0259hid atas\u0131 q\u0259hr\u0259manl\u0131\u011f\u0131, \u015f\u00fcca\u0259ti v\u0259 \u015f\u0259had\u0259ti il\u0259 \u0259sl V\u0259t\u0259n o\u011flu olan \u00f6vlad\u0131 El\u015f\u0259n Abbasovdan dan\u0131\u015f\u0131r. ARANTV.AZ\u00a0 Real TV-y\u0259 istinad\u0259n bildirir ki, 44-g\u00fcnl\u00fck V\u0259t\u0259n m\u00fcharib\u0259sind\u0259 torpaqlar\u0131m\u0131z\u0131n 30 illik i\u015f\u011faldan azad edilm\u0259sind\u0259 El\u015f\u0259n d\u0259 r\u0259\u015fad\u0259t g\u00f6st\u0259r\u0259r\u0259k d\u00fc\u015fm\u0259n\u0259 a\u011f\u0131r z\u0259rb\u0259l\u0259r vurdu. Beyl\u0259qan rayon Birinci \u015eahsev\u0259n k\u0259ndind\u0259 anadan olan El\u015f\u0259n Abbasov h\u0259rbi&hellip;","_links":{"self":[{"href":"https:\/\/arantv.az\/index.php?rest_route=\/wp\/v2\/posts\/384589"}],"collection":[{"href":"https:\/\/arantv.az\/index.php?rest_route=\/wp\/v2\/posts"}],"about":[{"href":"https:\/\/arantv.az\/index.php?rest_route=\/wp\/v2\/types\/post"}],"author":[{"embeddable":true,"href":"https:\/\/arantv.az\/index.php?rest_route=\/wp\/v2\/users\/2"}],"replies":[{"embeddable":true,"href":"https:\/\/arantv.az\/index.php?rest_route=%2Fwp%2Fv2%2Fcomments&post=384589"}],"version-history":[{"count":0,"href":"https:\/\/arantv.az\/index.php?rest_route=\/wp\/v2\/posts\/384589\/revisions"}],"wp:featuredmedia":[{"embeddable":true,"href":"https:\/\/arantv.az\/index.php?rest_route=\/wp\/v2\/media\/384590"}],"wp:attachment":[{"href":"https:\/\/arantv.az\/index.php?rest_route=%2Fwp%2Fv2%2Fmedia&parent=384589"}],"wp:term":[{"taxonomy":"category","embeddable":true,"href":"https:\/\/arantv.az\/index.php?rest_route=%2Fwp%2Fv2%2Fcategories&post=384589"},{"taxonomy":"post_tag","embeddable":true,"href":"https:\/\/arantv.az\/index.php?rest_route=%2Fwp%2Fv2%2Ftags&post=384589"}],"curies":[{"name":"wp","href":"https:\/\/api.w.org\/{rel}","templated":true}]}}