{"id":384640,"date":"2021-10-01T07:46:27","date_gmt":"2021-10-01T04:46:27","guid":{"rendered":"http:\/\/arantv.az\/?p=384640"},"modified":"2021-10-01T07:46:27","modified_gmt":"2021-10-01T04:46:27","slug":"s%c9%99yyad-%c9%99lizad%c9%99-v%c9%99fat-edib-video","status":"publish","type":"post","link":"https:\/\/arantv.az\/?p=384640","title":{"rendered":"S\u0259yyad \u018flizad\u0259 v\u0259fat edib &#8211; V\u0130DEO"},"content":{"rendered":"<p>Tan\u0131nm\u0131\u015f m\u00fc\u011f\u0259nni S\u0259yyad \u018flizad\u0259 v\u0259fat edib.<\/p>\n<p>Bu bar\u0259d\u0259 \u201cReport\u201da onun qohumu Razim Qarayev m\u0259lumat verib.<\/p>\n<div id=\"AdviadNativeVideo0\" class=\"AdviadNativeVideo\"><\/div>\n<p>Qeyd ed\u0259k ki, S. \u018flizad\u0259 bir m\u00fcdd\u0259t \u0259vv\u0259l koronavirusa yoluxub. M\u00fcalic\u0259sini davam etdirm\u0259k \u00fc\u00e7\u00fcn M\u0259rk\u0259zi G\u00f6mr\u00fck Hospital\u0131na k\u00f6\u00e7\u00fcr\u00fcl\u00fcb v\u0259 EKMO cihaz\u0131na qo\u015fulub.<\/p>\n<p>S\u0259yyad \u018flizad\u0259 1958-ci ild\u0259 F\u00fczuli rayonunun Bab\u0131 k\u0259ndind\u0259 anadan olub. 19 ya\u015f\u0131nda Az\u0259rbaycan D\u00f6vl\u0259t Televiziyas\u0131nda \u201cXo\u015f g\u00f6rd\u00fck, t\u0259l\u0259b\u0259\u201d verili\u015find\u0259 \u00e7\u0131x\u0131\u015f edib. T\u0259l\u0259b\u0259lik ill\u0259rind\u0259 \u0130slam Rzayevin \u201cAraz\u201d ansambl\u0131nda \u00e7al\u0131\u015f\u0131b. 1988-ci ild\u0259 Az\u0259rbaycan \u0130nc\u0259s\u0259n\u0259t \u0130nstitutunun n\u0259zdind\u0259ki Bak\u0131 Xalq \u0130nc\u0259s\u0259n\u0259t Universitetin\u0259 daxil olub v\u0259 1990-c\u0131 ild\u0259 vokal ixtisas\u0131 \u00fczr\u0259 iki illik kursu bitirib. S.\u018flizad\u0259 1987-ci ild\u0259 ilk \u201cT\u0259brizim\u201d albomu burax\u0131b. 1990-c\u0131 il hadis\u0259l\u0259rind\u0259n t\u0259sirl\u0259n\u0259n m\u00fc\u011f\u0259nni \u201cAz\u0259rbaycan\u0131m\u201d adl\u0131 ikinci albomunu burax\u0131b. Son d\u00f6vrd\u0259 \u201cB\u0259yaz gec\u0259l\u0259r\u201d Yarad\u0131c\u0131l\u0131q M\u0259rk\u0259zin\u0259 v\u0259 \u201cB\u0259yaz gec\u0259l\u0259r\u201d MMC-y\u0259 r\u0259hb\u0259rlik edirdi.<\/p>\n<div><iframe loading=\"lazy\" title=\"YouTube video player\" src=\"https:\/\/www.youtube.com\/embed\/2LGWhaJVWVY\" width=\"560\" height=\"315\" frameborder=\"0\" allowfullscreen=\"allowfullscreen\" data-mce-fragment=\"1\"><\/iframe><\/div>\n<p>&nbsp;<\/p>\n","protected":false},"excerpt":{"rendered":"<p>Tan\u0131nm\u0131\u015f m\u00fc\u011f\u0259nni S\u0259yyad \u018flizad\u0259 v\u0259fat edib. Bu bar\u0259d\u0259 \u201cReport\u201da onun qohumu Razim Qarayev m\u0259lumat verib. Qeyd ed\u0259k ki, S. \u018flizad\u0259 bir m\u00fcdd\u0259t \u0259vv\u0259l koronavirusa yoluxub. M\u00fcalic\u0259sini davam etdirm\u0259k \u00fc\u00e7\u00fcn M\u0259rk\u0259zi G\u00f6mr\u00fck Hospital\u0131na k\u00f6\u00e7\u00fcr\u00fcl\u00fcb v\u0259 EKMO cihaz\u0131na qo\u015fulub. S\u0259yyad \u018flizad\u0259 1958-ci ild\u0259 F\u00fczuli rayonunun Bab\u0131 k\u0259ndind\u0259 anadan olub. 19 ya\u015f\u0131nda Az\u0259rbaycan D\u00f6vl\u0259t Televiziyas\u0131nda \u201cXo\u015f g\u00f6rd\u00fck, t\u0259l\u0259b\u0259\u201d verili\u015find\u0259 \u00e7\u0131x\u0131\u015f edib. T\u0259l\u0259b\u0259lik ill\u0259rind\u0259 \u0130slam Rzayevin \u201cAraz\u201d ansambl\u0131nda \u00e7al\u0131\u015f\u0131b. 1988-ci ild\u0259 Az\u0259rbaycan \u0130nc\u0259s\u0259n\u0259t \u0130nstitutunun n\u0259zdind\u0259ki Bak\u0131 Xalq \u0130nc\u0259s\u0259n\u0259t Universitetin\u0259 daxil olub v\u0259 1990-c\u0131 ild\u0259 vokal ixtisas\u0131 \u00fczr\u0259 iki illik kursu bitirib. S.\u018flizad\u0259 1987-ci ild\u0259&hellip;<\/p>\n","protected":false},"author":2,"featured_media":384641,"comment_status":"closed","ping_status":"closed","sticky":false,"template":"","format":"standard","meta":{"om_disable_all_campaigns":false,"_monsterinsights_skip_tracking":false,"_monsterinsights_sitenote_active":false,"_monsterinsights_sitenote_note":"","_monsterinsights_sitenote_category":0},"categories":[5],"tags":[],"aioseo_notices":[],"gutentor_comment":0,"rttpg_featured_image_url":{"full":["https:\/\/arantv.az\/wp-content\/uploads\/2021\/10\/FotoJet-2021-09-30T230109.863.jpg",620,413,false],"landscape":["https:\/\/arantv.az\/wp-content\/uploads\/2021\/10\/FotoJet-2021-09-30T230109.863.jpg",620,413,false],"portraits":["https:\/\/arantv.az\/wp-content\/uploads\/2021\/10\/FotoJet-2021-09-30T230109.863.jpg",620,413,false],"thumbnail":["https:\/\/arantv.az\/wp-content\/uploads\/2021\/10\/FotoJet-2021-09-30T230109.863-500x280.jpg",500,280,true],"medium":["https:\/\/arantv.az\/wp-content\/uploads\/2021\/10\/FotoJet-2021-09-30T230109.863-548x365.jpg",548,365,true],"large":["https:\/\/arantv.az\/wp-content\/uploads\/2021\/10\/FotoJet-2021-09-30T230109.863.jpg",620,413,false],"1536x1536":["https:\/\/arantv.az\/wp-content\/uploads\/2021\/10\/FotoJet-2021-09-30T230109.863.jpg",620,413,false],"2048x2048":["https:\/\/arantv.az\/wp-content\/uploads\/2021\/10\/FotoJet-2021-09-30T230109.863.jpg",620,413,false],"post-thumbnail":["https:\/\/arantv.az\/wp-content\/uploads\/2021\/10\/FotoJet-2021-09-30T230109.863-240x172.jpg",240,172,true],"advps-thumb-one":["https:\/\/arantv.az\/wp-content\/uploads\/2021\/10\/FotoJet-2021-09-30T230109.863.jpg",620,413,false]},"rttpg_author":{"display_name":"V\u00fcsal Rafiqo\u011flu","author_link":"https:\/\/arantv.az\/?author=2"},"rttpg_comment":0,"rttpg_category":"<a href=\"https:\/\/arantv.az\/?cat=5\" rel=\"category\">Hadis\u0259<\/a>","rttpg_excerpt":"Tan\u0131nm\u0131\u015f m\u00fc\u011f\u0259nni S\u0259yyad \u018flizad\u0259 v\u0259fat edib. Bu bar\u0259d\u0259 \u201cReport\u201da onun qohumu Razim Qarayev m\u0259lumat verib. Qeyd ed\u0259k ki, S. \u018flizad\u0259 bir m\u00fcdd\u0259t \u0259vv\u0259l koronavirusa yoluxub. M\u00fcalic\u0259sini davam etdirm\u0259k \u00fc\u00e7\u00fcn M\u0259rk\u0259zi G\u00f6mr\u00fck Hospital\u0131na k\u00f6\u00e7\u00fcr\u00fcl\u00fcb v\u0259 EKMO cihaz\u0131na qo\u015fulub. S\u0259yyad \u018flizad\u0259 1958-ci ild\u0259 F\u00fczuli rayonunun Bab\u0131 k\u0259ndind\u0259 anadan olub. 19 ya\u015f\u0131nda Az\u0259rbaycan D\u00f6vl\u0259t Televiziyas\u0131nda \u201cXo\u015f g\u00f6rd\u00fck, t\u0259l\u0259b\u0259\u201d&hellip;","_links":{"self":[{"href":"https:\/\/arantv.az\/index.php?rest_route=\/wp\/v2\/posts\/384640"}],"collection":[{"href":"https:\/\/arantv.az\/index.php?rest_route=\/wp\/v2\/posts"}],"about":[{"href":"https:\/\/arantv.az\/index.php?rest_route=\/wp\/v2\/types\/post"}],"author":[{"embeddable":true,"href":"https:\/\/arantv.az\/index.php?rest_route=\/wp\/v2\/users\/2"}],"replies":[{"embeddable":true,"href":"https:\/\/arantv.az\/index.php?rest_route=%2Fwp%2Fv2%2Fcomments&post=384640"}],"version-history":[{"count":0,"href":"https:\/\/arantv.az\/index.php?rest_route=\/wp\/v2\/posts\/384640\/revisions"}],"wp:featuredmedia":[{"embeddable":true,"href":"https:\/\/arantv.az\/index.php?rest_route=\/wp\/v2\/media\/384641"}],"wp:attachment":[{"href":"https:\/\/arantv.az\/index.php?rest_route=%2Fwp%2Fv2%2Fmedia&parent=384640"}],"wp:term":[{"taxonomy":"category","embeddable":true,"href":"https:\/\/arantv.az\/index.php?rest_route=%2Fwp%2Fv2%2Fcategories&post=384640"},{"taxonomy":"post_tag","embeddable":true,"href":"https:\/\/arantv.az\/index.php?rest_route=%2Fwp%2Fv2%2Ftags&post=384640"}],"curies":[{"name":"wp","href":"https:\/\/api.w.org\/{rel}","templated":true}]}}