{"id":384807,"date":"2021-10-01T10:45:09","date_gmt":"2021-10-01T07:45:09","guid":{"rendered":"http:\/\/arantv.az\/?p=384807"},"modified":"2021-10-01T10:45:09","modified_gmt":"2021-10-01T07:45:09","slug":"erm%c9%99nistanin-cinay%c9%99tkar-h%c9%99rbi-siyasi-r%c9%99hb%c9%99rliyinin-m%c9%99suliyy%c9%99t%c9%99-c%c9%99lb-edilm%c9%99sin%c9%99-nail-olmaliyiq-bas-prokuror","status":"publish","type":"post","link":"https:\/\/arantv.az\/?p=384807","title":{"rendered":"Erm\u0259nistan\u0131n cinay\u0259tkar h\u0259rbi-siyasi r\u0259hb\u0259rliyinin m\u0259suliyy\u0259t\u0259 c\u0259lb edilm\u0259sin\u0259 nail olmal\u0131y\u0131q &#8211; Ba\u015f prokuror"},"content":{"rendered":"<p><strong>Beyn\u0259lxalq m\u0259hk\u0259m\u0259l\u0259rd\u0259 Erm\u0259nistan r\u0259hb\u0259rliyinin, dig\u0259r v\u0259zif\u0259li \u015f\u0259xsl\u0259rinin m\u0259suliyy\u0259t\u0259 c\u0259lb olunmas\u0131 nail olmal\u0131y\u0131q.<\/strong><\/p>\n<p><strong>ARANTV.AZ<\/strong>\u00a0 <a href=\"https:\/\/az.trend.az\/\" target=\"_blank\" rel=\"noopener\">Trend<\/a>-\u0259 istinad\u0259n bildirir ki,\u00a0bunu c\u00fcm\u0259 g\u00fcn\u00fc jurnalistl\u0259r\u0259 a\u00e7\u0131qlamas\u0131nda Ba\u015f prokuror Kamran \u018fliyev deyib.<\/p>\n<p>Ba\u015f prokuror qeyd edib ki, V\u0259t\u0259n m\u00fcharib\u0259si d\u00f6vr\u00fcnd\u0259 Erm\u0259nistan h\u0259rbi-siyasi r\u0259hb\u0259rliyinin, h\u0259rb\u00e7il\u0259rinin t\u00f6r\u0259tdiyi cinay\u0259tl\u0259rl\u0259 ba\u011fl\u0131 Ba\u015f Prokurorluq t\u0259r\u0259find\u0259n r\u0259sml\u0259\u015fdiril\u0259r\u0259k beyn\u0259lxalq t\u0259\u015fkilatlara g\u00f6nd\u0259ril\u0259n iddia \u0259riz\u0259si art\u0131q Beyn\u0259lxalq Mill\u0259tl\u0259r T\u0259\u015fkilat\u0131n\u0131n Beyn\u0259lxalq \u018fdal\u0259t M\u0259hk\u0259m\u0259sind\u0259 icraata q\u0259bul edilib.<\/p>\n<p><strong>O bildirib ki, iddiaya 18 oktyabrda bax\u0131lacaq:<\/strong><\/p>\n<p>&#8220;Prossesual qanunvericiliyin t\u0259l\u0259bin\u0259 uy\u011fun olaraq cinay\u0259tl\u0259r s\u0259n\u0259dl\u0259\u015fdirilib. Bizim \u0259limizd\u0259 kifay\u0259t q\u0259d\u0259r s\u00fcbut v\u0259 d\u0259lill\u0259r var. Birinci Qaraba\u011f m\u00fcharib\u0259sind\u0259 bu i\u015fl\u0259r gedirdi. Bizd\u0259 H\u0259rbi Prokurorluqda x\u00fcsusi istintaq \u015f\u00f6b\u0259si m\u00f6vcuddur. O \u015f\u00f6b\u0259 yaln\u0131z Erm\u0259nistan t\u0259r\u0259find\u0259n Az\u0259rbaycan v\u0259 Az\u0259rbaycan v\u0259t\u0259nda\u015flar\u0131na qar\u015f\u0131 t\u00f6r\u0259dil\u0259n cinay\u0259tl\u0259rin istintaq\u0131 il\u0259 m\u0259\u015f\u011fuldur. \u015e\u00f6b\u0259d\u0259 i\u015fl\u0259r ara\u015fd\u0131r\u0131l\u0131r v\u0259 s\u00fcbutlar y\u0131\u011f\u0131l\u0131r&#8221;.<\/p>\n<p><strong>K.\u018fliyev qeyd edib ki, haz\u0131rda \u0259ld\u0259 olan s\u00fcbut v\u0259 d\u0259lill\u0259r realizasiya edilir:<\/strong><\/p>\n<p>&#8220;Beyn\u0259lxalq m\u0259hk\u0259m\u0259l\u0259rd\u0259 Erm\u0259nistan r\u0259hb\u0259rliyinin, dig\u0259r v\u0259zif\u0259li \u015f\u0259xsl\u0259rinin m\u0259suliyy\u0259t\u0259 c\u0259lb olunmas\u0131na nail olmal\u0131y\u0131q. Bununla ba\u011fl\u0131 komissiyalar yarad\u0131l\u0131b. M\u0259qs\u0259d cinay\u0259t t\u00f6r\u0259d\u0259n \u015f\u0259xsl\u0259rin m\u0259suliyy\u0259t\u0259 c\u0259lb olunmas\u0131na v\u0259 kompensasiya \u00f6d\u0259nilm\u0259sin\u0259 nail olmaqd\u0131r&#8221;.<\/p>\n","protected":false},"excerpt":{"rendered":"<p>Beyn\u0259lxalq m\u0259hk\u0259m\u0259l\u0259rd\u0259 Erm\u0259nistan r\u0259hb\u0259rliyinin, dig\u0259r v\u0259zif\u0259li \u015f\u0259xsl\u0259rinin m\u0259suliyy\u0259t\u0259 c\u0259lb olunmas\u0131 nail olmal\u0131y\u0131q. ARANTV.AZ\u00a0 Trend-\u0259 istinad\u0259n bildirir ki,\u00a0bunu c\u00fcm\u0259 g\u00fcn\u00fc jurnalistl\u0259r\u0259 a\u00e7\u0131qlamas\u0131nda Ba\u015f prokuror Kamran \u018fliyev deyib. Ba\u015f prokuror qeyd edib ki, V\u0259t\u0259n m\u00fcharib\u0259si d\u00f6vr\u00fcnd\u0259 Erm\u0259nistan h\u0259rbi-siyasi r\u0259hb\u0259rliyinin, h\u0259rb\u00e7il\u0259rinin t\u00f6r\u0259tdiyi cinay\u0259tl\u0259rl\u0259 ba\u011fl\u0131 Ba\u015f Prokurorluq t\u0259r\u0259find\u0259n r\u0259sml\u0259\u015fdiril\u0259r\u0259k beyn\u0259lxalq t\u0259\u015fkilatlara g\u00f6nd\u0259ril\u0259n iddia \u0259riz\u0259si art\u0131q Beyn\u0259lxalq Mill\u0259tl\u0259r T\u0259\u015fkilat\u0131n\u0131n Beyn\u0259lxalq \u018fdal\u0259t M\u0259hk\u0259m\u0259sind\u0259 icraata q\u0259bul edilib. O bildirib ki, iddiaya 18 oktyabrda bax\u0131lacaq: &#8220;Prossesual qanunvericiliyin t\u0259l\u0259bin\u0259 uy\u011fun olaraq cinay\u0259tl\u0259r s\u0259n\u0259dl\u0259\u015fdirilib. Bizim \u0259limizd\u0259 kifay\u0259t q\u0259d\u0259r s\u00fcbut v\u0259 d\u0259lill\u0259r var. Birinci Qaraba\u011f m\u00fcharib\u0259sind\u0259 bu i\u015fl\u0259r gedirdi. Bizd\u0259 H\u0259rbi&hellip;<\/p>\n","protected":false},"author":2,"featured_media":384808,"comment_status":"closed","ping_status":"closed","sticky":false,"template":"","format":"standard","meta":{"om_disable_all_campaigns":false,"_monsterinsights_skip_tracking":false,"_monsterinsights_sitenote_active":false,"_monsterinsights_sitenote_note":"","_monsterinsights_sitenote_category":0},"categories":[19],"tags":[],"aioseo_notices":[],"gutentor_comment":0,"rttpg_featured_image_url":{"full":["https:\/\/arantv.az\/wp-content\/uploads\/2021\/10\/984106.jpg",800,600,false],"landscape":["https:\/\/arantv.az\/wp-content\/uploads\/2021\/10\/984106.jpg",800,600,false],"portraits":["https:\/\/arantv.az\/wp-content\/uploads\/2021\/10\/984106.jpg",800,600,false],"thumbnail":["https:\/\/arantv.az\/wp-content\/uploads\/2021\/10\/984106-500x280.jpg",500,280,true],"medium":["https:\/\/arantv.az\/wp-content\/uploads\/2021\/10\/984106-487x365.jpg",487,365,true],"large":["https:\/\/arantv.az\/wp-content\/uploads\/2021\/10\/984106.jpg",640,480,false],"1536x1536":["https:\/\/arantv.az\/wp-content\/uploads\/2021\/10\/984106.jpg",800,600,false],"2048x2048":["https:\/\/arantv.az\/wp-content\/uploads\/2021\/10\/984106.jpg",800,600,false],"post-thumbnail":["https:\/\/arantv.az\/wp-content\/uploads\/2021\/10\/984106-240x172.jpg",240,172,true],"advps-thumb-one":["https:\/\/arantv.az\/wp-content\/uploads\/2021\/10\/984106.jpg",800,600,false]},"rttpg_author":{"display_name":"V\u00fcsal Rafiqo\u011flu","author_link":"https:\/\/arantv.az\/?author=2"},"rttpg_comment":0,"rttpg_category":"<a href=\"https:\/\/arantv.az\/?cat=19\" rel=\"category\">G\u00fcnd\u0259m<\/a>","rttpg_excerpt":"Beyn\u0259lxalq m\u0259hk\u0259m\u0259l\u0259rd\u0259 Erm\u0259nistan r\u0259hb\u0259rliyinin, dig\u0259r v\u0259zif\u0259li \u015f\u0259xsl\u0259rinin m\u0259suliyy\u0259t\u0259 c\u0259lb olunmas\u0131 nail olmal\u0131y\u0131q. ARANTV.AZ\u00a0 Trend-\u0259 istinad\u0259n bildirir ki,\u00a0bunu c\u00fcm\u0259 g\u00fcn\u00fc jurnalistl\u0259r\u0259 a\u00e7\u0131qlamas\u0131nda Ba\u015f prokuror Kamran \u018fliyev deyib. Ba\u015f prokuror qeyd edib ki, V\u0259t\u0259n m\u00fcharib\u0259si d\u00f6vr\u00fcnd\u0259 Erm\u0259nistan h\u0259rbi-siyasi r\u0259hb\u0259rliyinin, h\u0259rb\u00e7il\u0259rinin t\u00f6r\u0259tdiyi cinay\u0259tl\u0259rl\u0259 ba\u011fl\u0131 Ba\u015f Prokurorluq t\u0259r\u0259find\u0259n r\u0259sml\u0259\u015fdiril\u0259r\u0259k beyn\u0259lxalq t\u0259\u015fkilatlara g\u00f6nd\u0259ril\u0259n iddia \u0259riz\u0259si art\u0131q Beyn\u0259lxalq Mill\u0259tl\u0259r T\u0259\u015fkilat\u0131n\u0131n Beyn\u0259lxalq&hellip;","_links":{"self":[{"href":"https:\/\/arantv.az\/index.php?rest_route=\/wp\/v2\/posts\/384807"}],"collection":[{"href":"https:\/\/arantv.az\/index.php?rest_route=\/wp\/v2\/posts"}],"about":[{"href":"https:\/\/arantv.az\/index.php?rest_route=\/wp\/v2\/types\/post"}],"author":[{"embeddable":true,"href":"https:\/\/arantv.az\/index.php?rest_route=\/wp\/v2\/users\/2"}],"replies":[{"embeddable":true,"href":"https:\/\/arantv.az\/index.php?rest_route=%2Fwp%2Fv2%2Fcomments&post=384807"}],"version-history":[{"count":0,"href":"https:\/\/arantv.az\/index.php?rest_route=\/wp\/v2\/posts\/384807\/revisions"}],"wp:featuredmedia":[{"embeddable":true,"href":"https:\/\/arantv.az\/index.php?rest_route=\/wp\/v2\/media\/384808"}],"wp:attachment":[{"href":"https:\/\/arantv.az\/index.php?rest_route=%2Fwp%2Fv2%2Fmedia&parent=384807"}],"wp:term":[{"taxonomy":"category","embeddable":true,"href":"https:\/\/arantv.az\/index.php?rest_route=%2Fwp%2Fv2%2Fcategories&post=384807"},{"taxonomy":"post_tag","embeddable":true,"href":"https:\/\/arantv.az\/index.php?rest_route=%2Fwp%2Fv2%2Ftags&post=384807"}],"curies":[{"name":"wp","href":"https:\/\/api.w.org\/{rel}","templated":true}]}}