{"id":384813,"date":"2021-10-01T10:54:27","date_gmt":"2021-10-01T07:54:27","guid":{"rendered":"http:\/\/arantv.az\/?p=384813"},"modified":"2021-10-01T10:54:27","modified_gmt":"2021-10-01T07:54:27","slug":"c%c9%99nab-prezident-h%c9%99r-zaman-neft-kapitalini-insan-kapitalina-cevirm%c9%99yi-prioritet-kimi-q%c9%99bul-edir","status":"publish","type":"post","link":"https:\/\/arantv.az\/?p=384813","title":{"rendered":"\u201cC\u0259nab Prezident h\u0259r zaman neft kapital\u0131n\u0131 insan kapital\u0131na \u00e7evirm\u0259yi prioritet kimi q\u0259bul edir\u201d"},"content":{"rendered":"<p>X\u0259b\u0259r verildiyi kimi, \u00f6t\u0259n g\u00fcn Prezident \u0130lham \u018fliyev \u201cAz\u0259rbaycan g\u0259ncl\u0259rinin n\u00fcfuzlu xarici ali t\u0259hsil m\u00fc\u0259ssis\u0259l\u0259rind\u0259 t\u0259hsil imkanlar\u0131n\u0131n geni\u015fl\u0259ndirilm\u0259si haqq\u0131nda\u201d S\u0259r\u0259ncam imzalay\u0131b. Bu s\u0259n\u0259d \u00f6lk\u0259 ictimaiyy\u0259ti t\u0259r\u0259find\u0259n b\u00f6y\u00fck sevincl\u0259 qar\u015f\u0131lan\u0131b.<strong>\u00a0<\/strong>Bununla ba\u011fl\u0131 Yeni Az\u0259rbaycan Partiyas\u0131n\u0131n \u0130dar\u0259 Hey\u0259tinin \u00fczv\u00fc, Az\u0259rbaycan Demokratik T\u0259l\u0259b\u0259 G\u0259ncl\u0259r T\u0259\u015fkilat\u0131n\u0131n s\u0259dri Asif \u018fsg\u0259rli \u201cAzerforum\u201da bildirib ki,\u00a0Az\u0259rbaycanda d\u00f6vl\u0259t m\u00fcst\u0259qilliyinin b\u0259rpas\u0131ndan sonra siyasi hakimiyy\u0259t\u0259 qay\u0131dan ulu \u00f6nd\u0259r Heyd\u0259r \u018fliyev t\u0259r\u0259find\u0259n h\u0259r zaman g\u0259ncl\u0259rin xaricd\u0259ki n\u00fcfuzlu ali m\u0259kt\u0259bl\u0259rd\u0259 t\u0259hsil almaq \u0259n\u0259n\u0259si yenid\u0259n davam etdi. Bildiyiniz kimi, sovetl\u0259r d\u00f6vr\u00fcnd\u0259 ulu \u00f6nd\u0259r bu \u0259n\u0259n\u0259nin \u0259sas\u0131n qoymu\u015fdur. Sonradan bu \u0259n\u0259n\u0259ni c\u0259nab Prezidentimiz d\u0259 u\u011furla davam etdirdi. Bel\u0259 ki, Az\u0259rbaycan g\u0259ncl\u0259rinin xaricd\u0259 t\u0259hsil \u00fczr\u0259 D\u00f6vl\u0259t Proqram\u0131 q\u0259bul olmu\u015fdur. Sonradan bu proqram\u0131n m\u00fcdd\u0259ti bitdi v\u0259 bunun geni\u015f ara\u015fd\u0131r\u0131lmas\u0131 apar\u0131ld\u0131. Magistratura v\u0259 doktorantura pill\u0259sind\u0259 art\u0131q t\u0259hsil imkanlar\u0131 \u00fc\u00e7\u00fcn d\u00f6vl\u0259t d\u0259st\u0259yinin g\u00f6st\u0259rilm\u0259sin\u0259 ba\u015flan\u0131ld\u0131. Amma g\u0259ncl\u0259rimizin xaricd\u0259 n\u00fcfuzlu ali m\u0259kt\u0259bl\u0259rd\u0259 t\u0259hsil almaq imkanlar\u0131n\u0131n geni\u015fl\u0259ndirilm\u0259si il\u0259 ba\u011fl\u0131 d\u00fcn\u0259n c\u0259nab Prezidentin imzalada\u011f\u0131 s\u0259r\u0259ncam v\u0259 bu s\u0259r\u0259nc\u0259mdan ir\u0259li g\u0259l\u0259r\u0259k Nazirl\u0259r Kabinetin\u0259 iki ay m\u00fcdd\u0259tind\u0259 yeni d\u00f6vl\u0259t proqram\u0131n\u0131n haz\u0131rlanmas\u0131 il\u0259 ba\u011fl\u0131 tap\u015f\u0131r\u0131\u011f\u0131n verilm\u0259si b\u00fct\u00fcn Az\u0259rbaycan xalq\u0131n\u0131n, o c\u00fcml\u0259d\u0259n g\u0259ncl\u0259rimizin, t\u0259l\u0259b\u0259l\u0259rimizin, xarici \u00f6lk\u0259l\u0259rd\u0259 t\u0259hsil almaq h\u0259v\u0259sind\u0259 olan insanlar\u0131m\u0131z\u0131n \u00e7ox b\u00f6y\u00fck sevincin\u0259 s\u0259b\u0259b olub\u201d.<br \/>\nAsif \u018fsg\u0259rli deyib ki, c\u0259nab Prezident h\u0259r zaman neft kapital\u0131n\u0131 insan kapital\u0131na \u00e7evirm\u0259yi, m\u00fcasir \u0130KT bilikl\u0259rin\u0259 yiy\u0259l\u0259n\u0259n g\u0259ncl\u0259rin yeti\u015fdirilm\u0259sini \u00f6z\u00fcn\u00fcn prioriteti kimi q\u0259bul edir: \u201cAz\u0259rbaycanda T\u0259hsil Nazirliyi v\u0259 dig\u0259r qurumlar t\u0259r\u0259find\u0259n h\u0259r zaman bu i\u015f\u0259 m\u00fc\u0259yy\u0259n d\u0259st\u0259k g\u00f6st\u0259rilib. Amma x\u00fcsusi bir d\u00f6vl\u0259t proqram\u0131n\u0131n q\u0259bul olunmas\u0131 v\u0259 b\u00fct\u00fcn bacar\u0131ql\u0131 g\u0259ncl\u0259rin g\u0259l\u0259c\u0259kd\u0259 bu proqramdan istifad\u0259 etm\u0259k, faydalanmaq imkan\u0131n\u0131n yarad\u0131lmas\u0131 \u00e7ox t\u0259qdir\u0259layiq hald\u0131r. \u0130nan\u0131r\u0131q ki, bu d\u00f6vl\u0259t proqram\u0131 g\u0259ncl\u0259rimizin inki\u015faf\u0131na t\u0259kan verm\u0259kl\u0259 yana\u015f\u0131, eyni zamanda Az\u0259rbaycanda layiqli, pe\u015f\u0259kar, y\u00fcks\u0259k ixtisasl\u0131 kadrlar\u0131n formala\u015fmas\u0131 \u00fc\u00e7\u00fcn d\u0259 b\u00f6y\u00fck baza rolunu oynayacaq\u201d.<\/p>\n<p>&nbsp;<\/p>\n","protected":false},"excerpt":{"rendered":"<p>X\u0259b\u0259r verildiyi kimi, \u00f6t\u0259n g\u00fcn Prezident \u0130lham \u018fliyev \u201cAz\u0259rbaycan g\u0259ncl\u0259rinin n\u00fcfuzlu xarici ali t\u0259hsil m\u00fc\u0259ssis\u0259l\u0259rind\u0259 t\u0259hsil imkanlar\u0131n\u0131n geni\u015fl\u0259ndirilm\u0259si haqq\u0131nda\u201d S\u0259r\u0259ncam imzalay\u0131b. Bu s\u0259n\u0259d \u00f6lk\u0259 ictimaiyy\u0259ti t\u0259r\u0259find\u0259n b\u00f6y\u00fck sevincl\u0259 qar\u015f\u0131lan\u0131b.\u00a0Bununla ba\u011fl\u0131 Yeni Az\u0259rbaycan Partiyas\u0131n\u0131n \u0130dar\u0259 Hey\u0259tinin \u00fczv\u00fc, Az\u0259rbaycan Demokratik T\u0259l\u0259b\u0259 G\u0259ncl\u0259r T\u0259\u015fkilat\u0131n\u0131n s\u0259dri Asif \u018fsg\u0259rli \u201cAzerforum\u201da bildirib ki,\u00a0Az\u0259rbaycanda d\u00f6vl\u0259t m\u00fcst\u0259qilliyinin b\u0259rpas\u0131ndan sonra siyasi hakimiyy\u0259t\u0259 qay\u0131dan ulu \u00f6nd\u0259r Heyd\u0259r \u018fliyev t\u0259r\u0259find\u0259n h\u0259r zaman g\u0259ncl\u0259rin xaricd\u0259ki n\u00fcfuzlu ali m\u0259kt\u0259bl\u0259rd\u0259 t\u0259hsil almaq \u0259n\u0259n\u0259si yenid\u0259n davam etdi. Bildiyiniz kimi, sovetl\u0259r d\u00f6vr\u00fcnd\u0259 ulu \u00f6nd\u0259r bu \u0259n\u0259n\u0259nin \u0259sas\u0131n qoymu\u015fdur. Sonradan bu \u0259n\u0259n\u0259ni c\u0259nab Prezidentimiz d\u0259 u\u011furla davam&hellip;<\/p>\n","protected":false},"author":2,"featured_media":384814,"comment_status":"closed","ping_status":"closed","sticky":false,"template":"","format":"standard","meta":{"om_disable_all_campaigns":false,"_monsterinsights_skip_tracking":false,"_monsterinsights_sitenote_active":false,"_monsterinsights_sitenote_note":"","_monsterinsights_sitenote_category":0},"categories":[19],"tags":[],"aioseo_notices":[],"gutentor_comment":0,"rttpg_featured_image_url":{"full":["https:\/\/arantv.az\/wp-content\/uploads\/2021\/10\/1633067197-750-450.jpg",667,450,false],"landscape":["https:\/\/arantv.az\/wp-content\/uploads\/2021\/10\/1633067197-750-450.jpg",667,450,false],"portraits":["https:\/\/arantv.az\/wp-content\/uploads\/2021\/10\/1633067197-750-450.jpg",667,450,false],"thumbnail":["https:\/\/arantv.az\/wp-content\/uploads\/2021\/10\/1633067197-750-450-500x280.jpg",500,280,true],"medium":["https:\/\/arantv.az\/wp-content\/uploads\/2021\/10\/1633067197-750-450-541x365.jpg",541,365,true],"large":["https:\/\/arantv.az\/wp-content\/uploads\/2021\/10\/1633067197-750-450.jpg",640,432,false],"1536x1536":["https:\/\/arantv.az\/wp-content\/uploads\/2021\/10\/1633067197-750-450.jpg",667,450,false],"2048x2048":["https:\/\/arantv.az\/wp-content\/uploads\/2021\/10\/1633067197-750-450.jpg",667,450,false],"post-thumbnail":["https:\/\/arantv.az\/wp-content\/uploads\/2021\/10\/1633067197-750-450-240x172.jpg",240,172,true],"advps-thumb-one":["https:\/\/arantv.az\/wp-content\/uploads\/2021\/10\/1633067197-750-450.jpg",667,450,false]},"rttpg_author":{"display_name":"V\u00fcsal Rafiqo\u011flu","author_link":"https:\/\/arantv.az\/?author=2"},"rttpg_comment":0,"rttpg_category":"<a href=\"https:\/\/arantv.az\/?cat=19\" rel=\"category\">G\u00fcnd\u0259m<\/a>","rttpg_excerpt":"X\u0259b\u0259r verildiyi kimi, \u00f6t\u0259n g\u00fcn Prezident \u0130lham \u018fliyev \u201cAz\u0259rbaycan g\u0259ncl\u0259rinin n\u00fcfuzlu xarici ali t\u0259hsil m\u00fc\u0259ssis\u0259l\u0259rind\u0259 t\u0259hsil imkanlar\u0131n\u0131n geni\u015fl\u0259ndirilm\u0259si haqq\u0131nda\u201d S\u0259r\u0259ncam imzalay\u0131b. Bu s\u0259n\u0259d \u00f6lk\u0259 ictimaiyy\u0259ti t\u0259r\u0259find\u0259n b\u00f6y\u00fck sevincl\u0259 qar\u015f\u0131lan\u0131b.\u00a0Bununla ba\u011fl\u0131 Yeni Az\u0259rbaycan Partiyas\u0131n\u0131n \u0130dar\u0259 Hey\u0259tinin \u00fczv\u00fc, Az\u0259rbaycan Demokratik T\u0259l\u0259b\u0259 G\u0259ncl\u0259r T\u0259\u015fkilat\u0131n\u0131n s\u0259dri Asif \u018fsg\u0259rli \u201cAzerforum\u201da bildirib ki,\u00a0Az\u0259rbaycanda d\u00f6vl\u0259t m\u00fcst\u0259qilliyinin b\u0259rpas\u0131ndan sonra siyasi hakimiyy\u0259t\u0259 qay\u0131dan ulu&hellip;","_links":{"self":[{"href":"https:\/\/arantv.az\/index.php?rest_route=\/wp\/v2\/posts\/384813"}],"collection":[{"href":"https:\/\/arantv.az\/index.php?rest_route=\/wp\/v2\/posts"}],"about":[{"href":"https:\/\/arantv.az\/index.php?rest_route=\/wp\/v2\/types\/post"}],"author":[{"embeddable":true,"href":"https:\/\/arantv.az\/index.php?rest_route=\/wp\/v2\/users\/2"}],"replies":[{"embeddable":true,"href":"https:\/\/arantv.az\/index.php?rest_route=%2Fwp%2Fv2%2Fcomments&post=384813"}],"version-history":[{"count":0,"href":"https:\/\/arantv.az\/index.php?rest_route=\/wp\/v2\/posts\/384813\/revisions"}],"wp:featuredmedia":[{"embeddable":true,"href":"https:\/\/arantv.az\/index.php?rest_route=\/wp\/v2\/media\/384814"}],"wp:attachment":[{"href":"https:\/\/arantv.az\/index.php?rest_route=%2Fwp%2Fv2%2Fmedia&parent=384813"}],"wp:term":[{"taxonomy":"category","embeddable":true,"href":"https:\/\/arantv.az\/index.php?rest_route=%2Fwp%2Fv2%2Fcategories&post=384813"},{"taxonomy":"post_tag","embeddable":true,"href":"https:\/\/arantv.az\/index.php?rest_route=%2Fwp%2Fv2%2Ftags&post=384813"}],"curies":[{"name":"wp","href":"https:\/\/api.w.org\/{rel}","templated":true}]}}