{"id":384820,"date":"2021-10-01T11:12:51","date_gmt":"2021-10-01T08:12:51","guid":{"rendered":"http:\/\/arantv.az\/?p=384820"},"modified":"2021-10-01T11:12:51","modified_gmt":"2021-10-01T08:12:51","slug":"h%c9%99rbcil%c9%99rimizin-q%c9%99hr%c9%99manliginin-g%c9%99ncl%c9%99r%c9%99-catdirilmasi-ucun-layih%c9%99l%c9%99r-hazirlanib-nazirlik","status":"publish","type":"post","link":"https:\/\/arantv.az\/?p=384820","title":{"rendered":"H\u0259rb\u00e7il\u0259rimizin q\u0259hr\u0259manl\u0131\u011f\u0131n\u0131n g\u0259ncl\u0259r\u0259 \u00e7atd\u0131r\u0131lmas\u0131 \u00fc\u00e7\u00fcn layih\u0259l\u0259r haz\u0131rlan\u0131b &#8211; Nazirlik"},"content":{"rendered":"<p><strong>G\u0259ncl\u0259rl\u0259 i\u015fl\u0259y\u0259n qurum oldu\u011fumuzdan bizim \u0259sas f\u0259aliyy\u0259tl\u0259rimizd\u0259n biri g\u0259ncl\u0259r\u0259 v\u0259t\u0259np\u0259rv\u0259rlik hisl\u0259rinin a\u015f\u0131lanmas\u0131d\u0131r&#8221;.<\/strong><\/p>\n<p><strong>ARANTV.AZ\u00a0<\/strong> <a href=\"https:\/\/az.trend.az\/\" target=\"_blank\" rel=\"noopener\">Trend<\/a>-\u0259 istinad\u0259n bildirir ki,\u00a0bunu Bak\u0131 Konqres M\u0259rk\u0259zind\u0259 &#8220;N\u0259sill\u0259rin g\u00f6r\u00fc\u015f\u00fc&#8221; adl\u0131 konfransda \u00e7\u0131x\u0131\u015f\u0131 zaman\u0131 G\u0259ncl\u0259r v\u0259 idman nazirinin m\u00fcavini \u0130ntiqam Babayev deyib.<\/p>\n<p>O bildirib ki, Az\u0259rbaycan v\u0259t\u0259nda\u015flar\u0131n\u0131n d\u00f6vl\u0259t ba\u015f\u00e7\u0131s\u0131n\u0131n \u0259traf\u0131nda s\u0131x birl\u0259\u015fm\u0259si b\u00fct\u00fcn d\u00fcnya \u00fc\u00e7\u00fcn n\u00fcmun\u0259dir:<\/p>\n<p>&#8220;V\u0259t\u0259ni qorumaqdan daha \u015f\u0259r\u0259fli bir i\u015f ola bilm\u0259z. Veteranlar\u0131m\u0131z \u00fcz\u0259rin\u0259 d\u00fc\u015f\u0259n missiyan\u0131 u\u011furla yerin\u0259 yetiribl\u0259r. M\u00fcasir Az\u0259rbaycan g\u0259ncliyi d\u0259 onun qorunmas\u0131na, quruculu\u011funa t\u00f6hf\u0259 verir v\u0259 ver\u0259c\u0259k. Bu istiqam\u0259td\u0259 bizim m\u00fcxt\u0259lif layih\u0259l\u0259rimiz var. Bu layih\u0259l\u0259r \u00e7\u0259r\u00e7iv\u0259sind\u0259 biz Az\u0259rbaycan h\u0259rb\u00e7il\u0259rinin q\u0259hr\u0259manl\u0131\u011f\u0131n\u0131 g\u0259ncl\u0259r\u0259 \u00e7atd\u0131raca\u011f\u0131q&#8221;.<\/p>\n","protected":false},"excerpt":{"rendered":"<p>G\u0259ncl\u0259rl\u0259 i\u015fl\u0259y\u0259n qurum oldu\u011fumuzdan bizim \u0259sas f\u0259aliyy\u0259tl\u0259rimizd\u0259n biri g\u0259ncl\u0259r\u0259 v\u0259t\u0259np\u0259rv\u0259rlik hisl\u0259rinin a\u015f\u0131lanmas\u0131d\u0131r&#8221;. ARANTV.AZ\u00a0 Trend-\u0259 istinad\u0259n bildirir ki,\u00a0bunu Bak\u0131 Konqres M\u0259rk\u0259zind\u0259 &#8220;N\u0259sill\u0259rin g\u00f6r\u00fc\u015f\u00fc&#8221; adl\u0131 konfransda \u00e7\u0131x\u0131\u015f\u0131 zaman\u0131 G\u0259ncl\u0259r v\u0259 idman nazirinin m\u00fcavini \u0130ntiqam Babayev deyib. O bildirib ki, Az\u0259rbaycan v\u0259t\u0259nda\u015flar\u0131n\u0131n d\u00f6vl\u0259t ba\u015f\u00e7\u0131s\u0131n\u0131n \u0259traf\u0131nda s\u0131x birl\u0259\u015fm\u0259si b\u00fct\u00fcn d\u00fcnya \u00fc\u00e7\u00fcn n\u00fcmun\u0259dir: &#8220;V\u0259t\u0259ni qorumaqdan daha \u015f\u0259r\u0259fli bir i\u015f ola bilm\u0259z. Veteranlar\u0131m\u0131z \u00fcz\u0259rin\u0259 d\u00fc\u015f\u0259n missiyan\u0131 u\u011furla yerin\u0259 yetiribl\u0259r. M\u00fcasir Az\u0259rbaycan g\u0259ncliyi d\u0259 onun qorunmas\u0131na, quruculu\u011funa t\u00f6hf\u0259 verir v\u0259 ver\u0259c\u0259k. Bu istiqam\u0259td\u0259 bizim m\u00fcxt\u0259lif layih\u0259l\u0259rimiz var. Bu layih\u0259l\u0259r \u00e7\u0259r\u00e7iv\u0259sind\u0259 biz Az\u0259rbaycan h\u0259rb\u00e7il\u0259rinin q\u0259hr\u0259manl\u0131\u011f\u0131n\u0131 g\u0259ncl\u0259r\u0259 \u00e7atd\u0131raca\u011f\u0131q&#8221;.<\/p>\n","protected":false},"author":2,"featured_media":384821,"comment_status":"closed","ping_status":"closed","sticky":false,"template":"","format":"standard","meta":{"om_disable_all_campaigns":false,"_monsterinsights_skip_tracking":false,"_monsterinsights_sitenote_active":false,"_monsterinsights_sitenote_note":"","_monsterinsights_sitenote_category":0},"categories":[19],"tags":[],"aioseo_notices":[],"gutentor_comment":0,"rttpg_featured_image_url":{"full":["https:\/\/arantv.az\/wp-content\/uploads\/2021\/10\/984117.jpg",800,600,false],"landscape":["https:\/\/arantv.az\/wp-content\/uploads\/2021\/10\/984117.jpg",800,600,false],"portraits":["https:\/\/arantv.az\/wp-content\/uploads\/2021\/10\/984117.jpg",800,600,false],"thumbnail":["https:\/\/arantv.az\/wp-content\/uploads\/2021\/10\/984117-500x280.jpg",500,280,true],"medium":["https:\/\/arantv.az\/wp-content\/uploads\/2021\/10\/984117-487x365.jpg",487,365,true],"large":["https:\/\/arantv.az\/wp-content\/uploads\/2021\/10\/984117.jpg",640,480,false],"1536x1536":["https:\/\/arantv.az\/wp-content\/uploads\/2021\/10\/984117.jpg",800,600,false],"2048x2048":["https:\/\/arantv.az\/wp-content\/uploads\/2021\/10\/984117.jpg",800,600,false],"post-thumbnail":["https:\/\/arantv.az\/wp-content\/uploads\/2021\/10\/984117-240x172.jpg",240,172,true],"advps-thumb-one":["https:\/\/arantv.az\/wp-content\/uploads\/2021\/10\/984117.jpg",800,600,false]},"rttpg_author":{"display_name":"V\u00fcsal Rafiqo\u011flu","author_link":"https:\/\/arantv.az\/?author=2"},"rttpg_comment":0,"rttpg_category":"<a href=\"https:\/\/arantv.az\/?cat=19\" rel=\"category\">G\u00fcnd\u0259m<\/a>","rttpg_excerpt":"G\u0259ncl\u0259rl\u0259 i\u015fl\u0259y\u0259n qurum oldu\u011fumuzdan bizim \u0259sas f\u0259aliyy\u0259tl\u0259rimizd\u0259n biri g\u0259ncl\u0259r\u0259 v\u0259t\u0259np\u0259rv\u0259rlik hisl\u0259rinin a\u015f\u0131lanmas\u0131d\u0131r&#8221;. ARANTV.AZ\u00a0 Trend-\u0259 istinad\u0259n bildirir ki,\u00a0bunu Bak\u0131 Konqres M\u0259rk\u0259zind\u0259 &#8220;N\u0259sill\u0259rin g\u00f6r\u00fc\u015f\u00fc&#8221; adl\u0131 konfransda \u00e7\u0131x\u0131\u015f\u0131 zaman\u0131 G\u0259ncl\u0259r v\u0259 idman nazirinin m\u00fcavini \u0130ntiqam Babayev deyib. O bildirib ki, Az\u0259rbaycan v\u0259t\u0259nda\u015flar\u0131n\u0131n d\u00f6vl\u0259t ba\u015f\u00e7\u0131s\u0131n\u0131n \u0259traf\u0131nda s\u0131x birl\u0259\u015fm\u0259si b\u00fct\u00fcn d\u00fcnya \u00fc\u00e7\u00fcn n\u00fcmun\u0259dir: &#8220;V\u0259t\u0259ni qorumaqdan daha \u015f\u0259r\u0259fli bir i\u015f ola&hellip;","_links":{"self":[{"href":"https:\/\/arantv.az\/index.php?rest_route=\/wp\/v2\/posts\/384820"}],"collection":[{"href":"https:\/\/arantv.az\/index.php?rest_route=\/wp\/v2\/posts"}],"about":[{"href":"https:\/\/arantv.az\/index.php?rest_route=\/wp\/v2\/types\/post"}],"author":[{"embeddable":true,"href":"https:\/\/arantv.az\/index.php?rest_route=\/wp\/v2\/users\/2"}],"replies":[{"embeddable":true,"href":"https:\/\/arantv.az\/index.php?rest_route=%2Fwp%2Fv2%2Fcomments&post=384820"}],"version-history":[{"count":0,"href":"https:\/\/arantv.az\/index.php?rest_route=\/wp\/v2\/posts\/384820\/revisions"}],"wp:featuredmedia":[{"embeddable":true,"href":"https:\/\/arantv.az\/index.php?rest_route=\/wp\/v2\/media\/384821"}],"wp:attachment":[{"href":"https:\/\/arantv.az\/index.php?rest_route=%2Fwp%2Fv2%2Fmedia&parent=384820"}],"wp:term":[{"taxonomy":"category","embeddable":true,"href":"https:\/\/arantv.az\/index.php?rest_route=%2Fwp%2Fv2%2Fcategories&post=384820"},{"taxonomy":"post_tag","embeddable":true,"href":"https:\/\/arantv.az\/index.php?rest_route=%2Fwp%2Fv2%2Ftags&post=384820"}],"curies":[{"name":"wp","href":"https:\/\/api.w.org\/{rel}","templated":true}]}}