{"id":384966,"date":"2021-10-01T15:32:27","date_gmt":"2021-10-01T12:32:27","guid":{"rendered":"http:\/\/arantv.az\/?p=384966"},"modified":"2021-10-01T15:32:27","modified_gmt":"2021-10-01T12:32:27","slug":"128-gun-komada-qaldi-25-yasina-34-gun-qalmis-s%c9%99hid-oldu","status":"publish","type":"post","link":"https:\/\/arantv.az\/?p=384966","title":{"rendered":"128 g\u00fcn komada qald\u0131, 25 ya\u015f\u0131na 34 g\u00fcn qalm\u0131\u015f \u015f\u0259hid oldu&#8230;"},"content":{"rendered":"<div class=\"full-post-article\">\n<p>Tac\u0259ddin \u0130smay\u0131lzad\u0259 2016-c\u0131 ild\u0259 ali t\u0259hsilini dondurub h\u0259qiqi h\u0259rbi xidm\u0259t\u0259 yola d\u00fc\u015f\u00fcr. Aprel d\u00f6y\u00fc\u015fl\u0259rind\u0259 i\u015ftirak edir. D\u00f6y\u00fc\u015fl\u0259r zaman\u0131 general-mayor Polad H\u0259\u015fimovun \u015f\u00fcca\u0259tl\u0259rin\u0259 \u015fahidlik edir v\u0259 ona b\u00f6y\u00fck r\u0259\u011fb\u0259ti yaran\u0131r. \u00d6t\u0259n ilin iyulunda general\u0131n \u015f\u0259hid oldu\u011funu e\u015fid\u0259nd\u0259 is\u0259 d\u00fc\u015fm\u0259n\u0259 b\u0259sl\u0259diyi nifr\u0259td\u0259n do\u011fan qisas hissi alovlan\u0131r. General\u0131n c\u0259naz\u0259sini qar\u015f\u0131layandan sonra c\u0259bh\u0259y\u0259 k\u00f6n\u00fcll\u00fc getm\u0259k \u00fc\u00e7\u00fcn h\u0259rbi komissarl\u0131\u011fa yollan\u0131r. V\u0259t\u0259n m\u00fcharib\u0259si ba\u015flayanda is\u0259 sentyabr\u0131n 29-da \u00f6n c\u0259bh\u0259y\u0259 yola d\u00fc\u015f\u00fcr. Oktyabr\u0131n 8-d\u0259n 9-na ke\u00e7\u0259n gec\u0259 F\u00fczuli u\u011frunda ged\u0259n a\u011f\u0131r d\u00f6y\u00fc\u015fl\u0259rd\u0259 ba\u015f\u0131ndan be\u015f q\u0259lp\u0259, bir g\u00fcll\u0259 yaras\u0131 al\u0131r. 128 g\u00fcn komada qalan Tac\u0259ddin 2021-ci il fevral\u0131n 12-d\u0259, 25 ya\u015f\u0131na 34 g\u00fcn qalm\u0131\u015f \u015f\u0259hidlik zirv\u0259sin\u0259 ucal\u0131r. \u00d6lk\u0259 ba\u015f\u00e7\u0131s\u0131n\u0131n s\u0259r\u0259ncamlar\u0131 il\u0259 \u00f6l\u00fcm\u00fcnd\u0259n sonra \u201cC\u0259sur d\u00f6y\u00fc\u015f\u00e7\u00fc\u201d, \u201cV\u0259t\u0259n u\u011frunda\u201d, \u201cA\u011fdam\u0131n azad olunmas\u0131na g\u00f6r\u0259\u201d, \u201cXocav\u0259ndin azad olunmas\u0131na g\u00f6r\u0259\u201d, \u201cF\u00fczulinin azad olunmas\u0131na g\u00f6r\u0259\u201d medallar\u0131 il\u0259 t\u0259ltif olunur.<\/p>\n<p>V\u0259t\u0259n m\u00fcharib\u0259si \u015f\u0259hidi \u0130smay\u0131lzad\u0259 Tac\u0259ddin V\u00fcqar o\u011flu 1996-c\u0131 il mart\u0131n 17-d\u0259 Sumqay\u0131t \u015f\u0259h\u0259rind\u0259 anadan olub. Orta m\u0259kt\u0259bi bitirdikd\u0259n sonra 2013-c\u00fc ild\u0259 Sumqay\u0131t D\u00f6vl\u0259t Universitetinin biologiya fak\u00fclt\u0259sin\u0259 daxil olsa da 2016-c\u0131 ilin yanvar\u0131nda akademik m\u0259zuniyy\u0259t g\u00f6t\u00fcr\u0259r\u0259k h\u0259qiqi h\u0259rbi xidm\u0259t\u0259 yola d\u00fc\u015f\u00fcr. Aprel d\u00f6y\u00fc\u015fl\u0259ri ba\u015flayanda Tac\u0259ddin 4 ay\u0131n \u0259sg\u0259ri idi. L\u0259l\u0259t\u0259p\u0259 u\u011frunda ged\u0259n d\u00f6y\u00fc\u015fl\u0259rd\u0259 i\u015ftirak edir. H\u0259rbi xidm\u0259ti f\u0259rql\u0259nm\u0259 il\u0259 bitirir.<\/p>\n<p><strong>ARANTV.AZ<\/strong> x\u0259b\u0259r verir ki, \u015f\u0259hidin anas\u0131 Ayg\u00fcn M\u0259mm\u0259dova AZ\u018fRTAC-a \u00f6vlad\u0131 bar\u0259d\u0259 q\u00fcrurla dan\u0131\u015f\u0131r. N\u0259 q\u0259d\u0259r \u00e7\u0259tin olsa da, ana \u00f6vlad\u0131ndan dan\u0131\u015fmaqdan doymur: \u201cTac\u0259ddin \u00e7ox sakit, c\u0259sur, mehriban, V\u0259t\u0259nini, mill\u0259tini sev\u0259n, b\u00f6y\u00fck-ki\u00e7ik yeri bil\u0259n, ail\u0259canl\u0131 o\u011ful idi. Onu tan\u0131yanlar\u0131n b\u00f6y\u00fck h\u00f6rm\u0259tini qazanm\u0131\u015fd\u0131. Aprel d\u00f6y\u00fc\u015fl\u0259ri zaman\u0131 Az\u0259rbaycan\u0131n Milli Q\u0259hr\u0259man\u0131, \u015f\u0259hid general-mayor Polad H\u0259\u015fimovun nec\u0259 m\u0259rd, v\u0259t\u0259np\u0259rv\u0259r, xeyirxah bir insan oldu\u011funa \u015fahid olmu\u015fdu. Polad H\u0259\u015fimova x\u00fcsusi sevgisi v\u0259 r\u0259\u011fb\u0259ti var idi. H\u0259rbi xidm\u0259ti ba\u015fa vurandan sonra t\u0259hsilini davam etdirm\u0259k \u00fc\u00e7\u00fcn v\u0259sait toplamaq ist\u0259yirdi. Bu m\u0259qs\u0259dl\u0259 qarda\u015f\u0131 il\u0259 T\u00fcrkiy\u0259y\u0259 i\u015fl\u0259m\u0259y\u0259 getmi\u015fdi. Tovuz d\u00f6y\u00fc\u015fl\u0259ri d\u00f6vr\u00fcnd\u0259 Tac\u0259ddin ev\u0259 m\u0259zuniyy\u0259t\u0259 g\u0259lmi\u015fdi. General-mayorun \u015f\u0259had\u0259t x\u0259b\u0259rini e\u015fid\u0259nd\u0259 \u00e7ox sars\u0131ld\u0131. O\u011flum yerind\u0259 q\u0259rar tuta bilmirdi. Sumqay\u0131t sakinl\u0259ri m\u0259rhum general\u0131n c\u0259naz\u0259sini ad\u0131na layiq formada qar\u015f\u0131lad\u0131. Tac\u0259ddin d\u0259 h\u0259min \u015f\u0259xsl\u0259r aras\u0131nda idi. Ondan sonra m\u0259lum oldu\u011fu kimi h\u0259r k\u0259s general\u0131n qisas\u0131n\u0131 almaq \u00fc\u00e7\u00fcn d\u00f6y\u00fc\u015f\u0259 can at\u0131rd\u0131, g\u0259ncl\u0259r h\u0259rbi komissarl\u0131\u011fa ax\u0131\u015f\u0131rd\u0131lar. Tac\u0259ddin d\u0259 h\u0259rbi komissarl\u0131\u011fa m\u00fcraci\u0259t ed\u0259r\u0259k d\u00f6y\u00fc\u015fl\u0259r\u0259 k\u00f6n\u00fcll\u00fc yaz\u0131ld\u0131.<\/p>\n<p>Sentyabr\u0131n 27-d\u0259 m\u00fcharib\u0259 ba\u015flad\u0131. D\u00f6y\u00fc\u015fl\u0259r\u0259 ged\u0259c\u0259yi g\u00fcn\u00fc s\u0259birsizlikl\u0259 g\u00f6zl\u0259yirdi. Sentyabr\u0131n 29-da birba\u015fa \u00f6n x\u0259tt\u0259 yola d\u00fc\u015fd\u00fc. Bir ana kimi \u00e7ox narahat idim. M\u00fcharib\u0259nin ilk iki g\u00fcn\u00fcnd\u0259 \u015f\u0259hid x\u0259b\u0259rl\u0259ri \u00fcr\u0259yimi yaralam\u0131\u015fd\u0131. Son d\u0259f\u0259 evd\u0259n \u00e7\u0131xanda a\u011flad\u0131m, bird\u0259n \u015f\u0259hid olsan neyl\u0259y\u0259r\u0259m dedim? G\u00fcld\u00fc, \u201cn\u0259 s\u0259n m\u0259n\u0259 qorxaq kimi gizl\u0259nm\u0259yi yara\u015f\u0131d\u0131rarsan, n\u0259 d\u0259 m\u0259n bunu ed\u0259r\u0259m. \u015e\u0259hidlik uca zirv\u0259dir. \u015e\u0259hid olsam, pey\u011f\u0259mb\u0259r aya\u011f\u0131 alt\u0131nda d\u0259fn olunmu\u015f kimi olaram\u201d, dedi. Tac\u0259ddin A\u011fdam, Xocav\u0259nd, F\u00fczuli istiqam\u0259tind\u0259 ged\u0259n d\u00f6y\u00fc\u015fl\u0259rd\u0259 i\u015ftirak edib. Oktyabr\u0131n 9-da F\u00fczuli istiqam\u0259tind\u0259 q\u0131z\u011f\u0131n d\u00f6y\u00fc\u015fl\u0259rd\u0259 ba\u015f\u0131ndan 5 q\u0259lp\u0259 v\u0259 bir g\u00fcll\u0259 yaras\u0131 al\u0131b. Oktyabr\u0131n 9-dan 14-d\u0259k F\u00fczulid\u0259 hospitalda m\u00fcalic\u0259 ald\u0131. Oktyabr\u0131n 14-d\u0259 v\u0259ziyy\u0259ti a\u011f\u0131r oldu\u011fundan Bak\u0131ya g\u0259tirildi. M\u00fcalic\u0259si 1 sayl\u0131 Kliniki Tibbi M\u0259rk\u0259zd\u0259 davam etdirildi. Tac\u0259ddinin beyni \u00e7ox ciddi x\u0259sar\u0259t alm\u0131\u015fd\u0131, a\u011fciy\u0259rl\u0259ri yaral\u0131 idi, \u00f6d\u00fc, kor ba\u011f\u0131rsa\u011f\u0131, m\u0259d\u0259si \u00e7\u0131xar\u0131l\u0131b yerin\u0259 trubka tax\u0131lm\u0131\u015fd\u0131. Yen\u0259 d\u0259 \u00fcmidimi itirm\u0259dim. Xalq\u0131m\u0131z da m\u0259niml\u0259 b\u0259rab\u0259r dua edirdi. Beyin \u00f6l\u00fcm\u00fc ke\u00e7irmi\u015fdi, amma yen\u0259 n\u0259 vaxtsa, m\u00f6c\u00fcz\u0259 olaca\u011f\u0131na inan\u0131rd\u0131m. Ta ki, fevral\u0131n 12-si g\u00fcnorta saat 3 rad\u0259l\u0259rin\u0259 q\u0259d\u0259r&#8230; Tac\u0259ddinin \u00fcr\u0259yi dayand\u0131 dedil\u0259r. \u0130nanmad\u0131m, n\u0259 q\u0259d\u0259r s\u0259sl\u0259s\u0259m d\u0259 o\u011flum ay\u0131lmad\u0131, \u015f\u0259hid oldu. Fevral\u0131n 13-d\u0259 q\u0259hr\u0259man o\u011flumu Sumqay\u0131tda \u015e\u0259hidl\u0259r xiyaban\u0131nda torpa\u011fa tap\u015f\u0131rd\u0131m\u201d.<\/p>\n<p>A.M\u0259mm\u0259dova bir \u015f\u0259hid ail\u0259si kimi d\u00f6vl\u0259t d\u0259st\u0259yind\u0259n raz\u0131l\u0131\u011f\u0131n\u0131 ifad\u0259 edib: \u201c\u00d6vlad\u0131m \u015f\u0259hid olandan sonra d\u00f6vl\u0259t bizd\u0259n qay\u011f\u0131s\u0131n\u0131 \u0259skik etm\u0259di. S\u0259lahiyy\u0259tli qurumlar\u0131n n\u00fcmay\u0259nd\u0259l\u0259ri d\u0259 tez-tez maraqlan\u0131rlar. Sumqay\u0131tda 19 n\u00f6mr\u0259li yataqxanada qal\u0131rd\u0131q. \u00d6t\u0259n ay el\u0259 Sumqay\u0131t \u015f\u0259h\u0259rind\u0259 yerl\u0259\u015f\u0259n \u201cStansiya Sumqay\u0131t\u201d ya\u015fay\u0131\u015f massivind\u0259 ikiotaql\u0131 m\u0259nzill\u0259 t\u0259min olunduq. \u201cYA\u015eAT\u201d Fondu da tibb istiqam\u0259ti \u00fczr\u0259 ehtiyac\u0131m\u0131z\u0131 qar\u015f\u0131lamaq \u00fc\u00e7\u00fcn 2500 manat v\u0259sait ay\u0131rd\u0131. \u00d6vlad\u0131m komada olan m\u00fcdd\u0259td\u0259 tibb i\u015f\u00e7il\u0259ri d\u0259 \u0259ll\u0259rind\u0259n g\u0259l\u0259ni etdil\u0259r, o\u011flumun qullu\u011funda canla-ba\u015fla durdular. Bizim \u00fc\u00e7\u00fcn n\u0259 q\u0259d\u0259r a\u011f\u0131r olsa da, h\u0259r d\u0259f\u0259 \u00f6vladlar\u0131m\u0131z\u0131n m\u0259zar\u0131nda t\u0259r \u00e7i\u00e7\u0259kl\u0259r g\u00f6r\u0259nd\u0259 t\u0259s\u0259lli tap\u0131r\u0131q ki, xalq\u0131m\u0131z \u00f6z q\u0259hr\u0259manlar\u0131n\u0131 unutmur, onlara d\u0259y\u0259r verir. Bir \u015f\u0259hid anas\u0131 kimi h\u0259r zaman h\u00f6rm\u0259tl\u0259 yana\u015f\u0131rlar. Buna g\u00f6r\u0259 d\u0259 h\u0259r k\u0259s\u0259 minn\u0259tdaram. \u00d6vladlar\u0131m\u0131z\u0131n qisas\u0131n\u0131n al\u0131nmas\u0131 v\u0259 torpaqlar\u0131m\u0131z\u0131n azad edilm\u0259si \u015f\u0259hid ail\u0259l\u0259rin\u0259 az da olsa t\u0259skinlik verir\u201d.<\/p>\n<p>&nbsp;<\/p>\n<div class=\"article-gallery\">\n<div class=\"lSSlideOuter \">\n<div class=\"lSSlideWrapper usingCss\">\n<ul id=\"imageGallery\" class=\"gallery list-unstyled lightSlider lSSlide\">\n<li class=\"clone left\" data-thumb=\"\/file\/articles\/2021\/10\/01\/1633078296_16330762134642112109_1000x669.jpg\" data-src=\"\/file\/articles\/2021\/10\/01\/1633078296_16330762134642112109_1000x669.jpg\"><img src=\"https:\/\/olke.az\/file\/articles\/2021\/10\/01\/1633078296_16330762134642112109_1000x669.jpg\" alt=\"\" \/><\/li>\n<li class=\"lslide\" data-thumb=\"\/file\/articles\/2021\/10\/01\/1633078337_16330762131819917866_1000x669.jpg\" data-src=\"\/file\/articles\/2021\/10\/01\/1633078337_16330762131819917866_1000x669.jpg\"><\/li>\n<li class=\"lslide active\" data-thumb=\"\/file\/articles\/2021\/10\/01\/1633078297_16330762132069346300_1000x669.jpg\" data-src=\"\/file\/articles\/2021\/10\/01\/1633078297_16330762132069346300_1000x669.jpg\"><\/li>\n<li class=\"lslide\" data-thumb=\"\/file\/articles\/2021\/10\/01\/1633078296_16330762134642112109_1000x669.jpg\" data-src=\"\/file\/articles\/2021\/10\/01\/1633078296_16330762134642112109_1000x669.jpg\"><\/li>\n<li class=\"clone right\" data-thumb=\"\/file\/articles\/2021\/10\/01\/1633078337_16330762131819917866_1000x669.jpg\" data-src=\"\/file\/articles\/2021\/10\/01\/1633078337_16330762131819917866_1000x669.jpg\"><img src=\"https:\/\/olke.az\/file\/articles\/2021\/10\/01\/1633078337_16330762131819917866_1000x669.jpg\" alt=\"\" \/><\/li>\n<\/ul>\n<div class=\"lSAction\"><\/div>\n<\/div>\n<p>&nbsp;<\/p>\n<\/div>\n<\/div>\n<p>&nbsp;<\/p>\n<\/div>\n<div class=\"fb-comments\">\n<div id=\"fb-root\" class=\" fb_reset\">\n<div>\n<div><\/div>\n<\/div>\n<\/div>\n<div class=\"fb-comments fb_iframe_widget fb_iframe_widget_fluid_desktop\" data-href=\"https:\/\/olke.az\/herbi\/246210\/128-gun-komada-qalan-taceddin-ismayilzade-fotolar\/\" data-width=\"100%\" data-numposts=\"5\"><\/div>\n<\/div>\n<div class=\"to-social\">\n<div class=\"ts-item yt\"><\/div>\n<\/div>\n","protected":false},"excerpt":{"rendered":"<p>Tac\u0259ddin \u0130smay\u0131lzad\u0259 2016-c\u0131 ild\u0259 ali t\u0259hsilini dondurub h\u0259qiqi h\u0259rbi xidm\u0259t\u0259 yola d\u00fc\u015f\u00fcr. Aprel d\u00f6y\u00fc\u015fl\u0259rind\u0259 i\u015ftirak edir. D\u00f6y\u00fc\u015fl\u0259r zaman\u0131 general-mayor Polad H\u0259\u015fimovun \u015f\u00fcca\u0259tl\u0259rin\u0259 \u015fahidlik edir v\u0259 ona b\u00f6y\u00fck r\u0259\u011fb\u0259ti yaran\u0131r. \u00d6t\u0259n ilin iyulunda general\u0131n \u015f\u0259hid oldu\u011funu e\u015fid\u0259nd\u0259 is\u0259 d\u00fc\u015fm\u0259n\u0259 b\u0259sl\u0259diyi nifr\u0259td\u0259n do\u011fan qisas hissi alovlan\u0131r. General\u0131n c\u0259naz\u0259sini qar\u015f\u0131layandan sonra c\u0259bh\u0259y\u0259 k\u00f6n\u00fcll\u00fc getm\u0259k \u00fc\u00e7\u00fcn h\u0259rbi komissarl\u0131\u011fa yollan\u0131r. V\u0259t\u0259n m\u00fcharib\u0259si ba\u015flayanda is\u0259 sentyabr\u0131n 29-da \u00f6n c\u0259bh\u0259y\u0259 yola d\u00fc\u015f\u00fcr. Oktyabr\u0131n 8-d\u0259n 9-na ke\u00e7\u0259n gec\u0259 F\u00fczuli u\u011frunda ged\u0259n a\u011f\u0131r d\u00f6y\u00fc\u015fl\u0259rd\u0259 ba\u015f\u0131ndan be\u015f q\u0259lp\u0259, bir g\u00fcll\u0259 yaras\u0131 al\u0131r. 128 g\u00fcn komada qalan Tac\u0259ddin 2021-ci il fevral\u0131n&hellip;<\/p>\n","protected":false},"author":2,"featured_media":384967,"comment_status":"closed","ping_status":"closed","sticky":false,"template":"","format":"standard","meta":{"om_disable_all_campaigns":false,"_monsterinsights_skip_tracking":false,"_monsterinsights_sitenote_active":false,"_monsterinsights_sitenote_note":"","_monsterinsights_sitenote_category":0},"categories":[26],"tags":[],"aioseo_notices":[],"gutentor_comment":0,"rttpg_featured_image_url":{"full":["https:\/\/arantv.az\/wp-content\/uploads\/2021\/10\/1633078268_16330762134642112109_1000x660.jpg",770,415,false],"landscape":["https:\/\/arantv.az\/wp-content\/uploads\/2021\/10\/1633078268_16330762134642112109_1000x660.jpg",770,415,false],"portraits":["https:\/\/arantv.az\/wp-content\/uploads\/2021\/10\/1633078268_16330762134642112109_1000x660.jpg",770,415,false],"thumbnail":["https:\/\/arantv.az\/wp-content\/uploads\/2021\/10\/1633078268_16330762134642112109_1000x660-500x280.jpg",500,280,true],"medium":["https:\/\/arantv.az\/wp-content\/uploads\/2021\/10\/1633078268_16330762134642112109_1000x660-660x356.jpg",660,356,true],"large":["https:\/\/arantv.az\/wp-content\/uploads\/2021\/10\/1633078268_16330762134642112109_1000x660.jpg",640,345,false],"1536x1536":["https:\/\/arantv.az\/wp-content\/uploads\/2021\/10\/1633078268_16330762134642112109_1000x660.jpg",770,415,false],"2048x2048":["https:\/\/arantv.az\/wp-content\/uploads\/2021\/10\/1633078268_16330762134642112109_1000x660.jpg",770,415,false],"post-thumbnail":["https:\/\/arantv.az\/wp-content\/uploads\/2021\/10\/1633078268_16330762134642112109_1000x660-240x172.jpg",240,172,true],"advps-thumb-one":["https:\/\/arantv.az\/wp-content\/uploads\/2021\/10\/1633078268_16330762134642112109_1000x660.jpg",770,415,false]},"rttpg_author":{"display_name":"V\u00fcsal Rafiqo\u011flu","author_link":"https:\/\/arantv.az\/?author=2"},"rttpg_comment":0,"rttpg_category":"<a href=\"https:\/\/arantv.az\/?cat=26\" rel=\"category\">Sosial<\/a>","rttpg_excerpt":"Tac\u0259ddin \u0130smay\u0131lzad\u0259 2016-c\u0131 ild\u0259 ali t\u0259hsilini dondurub h\u0259qiqi h\u0259rbi xidm\u0259t\u0259 yola d\u00fc\u015f\u00fcr. Aprel d\u00f6y\u00fc\u015fl\u0259rind\u0259 i\u015ftirak edir. D\u00f6y\u00fc\u015fl\u0259r zaman\u0131 general-mayor Polad H\u0259\u015fimovun \u015f\u00fcca\u0259tl\u0259rin\u0259 \u015fahidlik edir v\u0259 ona b\u00f6y\u00fck r\u0259\u011fb\u0259ti yaran\u0131r. \u00d6t\u0259n ilin iyulunda general\u0131n \u015f\u0259hid oldu\u011funu e\u015fid\u0259nd\u0259 is\u0259 d\u00fc\u015fm\u0259n\u0259 b\u0259sl\u0259diyi nifr\u0259td\u0259n do\u011fan qisas hissi alovlan\u0131r. General\u0131n c\u0259naz\u0259sini qar\u015f\u0131layandan sonra c\u0259bh\u0259y\u0259 k\u00f6n\u00fcll\u00fc getm\u0259k \u00fc\u00e7\u00fcn h\u0259rbi komissarl\u0131\u011fa yollan\u0131r.&hellip;","_links":{"self":[{"href":"https:\/\/arantv.az\/index.php?rest_route=\/wp\/v2\/posts\/384966"}],"collection":[{"href":"https:\/\/arantv.az\/index.php?rest_route=\/wp\/v2\/posts"}],"about":[{"href":"https:\/\/arantv.az\/index.php?rest_route=\/wp\/v2\/types\/post"}],"author":[{"embeddable":true,"href":"https:\/\/arantv.az\/index.php?rest_route=\/wp\/v2\/users\/2"}],"replies":[{"embeddable":true,"href":"https:\/\/arantv.az\/index.php?rest_route=%2Fwp%2Fv2%2Fcomments&post=384966"}],"version-history":[{"count":0,"href":"https:\/\/arantv.az\/index.php?rest_route=\/wp\/v2\/posts\/384966\/revisions"}],"wp:featuredmedia":[{"embeddable":true,"href":"https:\/\/arantv.az\/index.php?rest_route=\/wp\/v2\/media\/384967"}],"wp:attachment":[{"href":"https:\/\/arantv.az\/index.php?rest_route=%2Fwp%2Fv2%2Fmedia&parent=384966"}],"wp:term":[{"taxonomy":"category","embeddable":true,"href":"https:\/\/arantv.az\/index.php?rest_route=%2Fwp%2Fv2%2Fcategories&post=384966"},{"taxonomy":"post_tag","embeddable":true,"href":"https:\/\/arantv.az\/index.php?rest_route=%2Fwp%2Fv2%2Ftags&post=384966"}],"curies":[{"name":"wp","href":"https:\/\/api.w.org\/{rel}","templated":true}]}}