{"id":384972,"date":"2021-10-01T15:36:56","date_gmt":"2021-10-01T12:36:56","guid":{"rendered":"http:\/\/arantv.az\/?p=384972"},"modified":"2021-10-01T15:36:56","modified_gmt":"2021-10-01T12:36:56","slug":"biz-az%c9%99rbaycana-v%c9%99-onu-d%c9%99st%c9%99kl%c9%99y%c9%99n-turkiy%c9%99y%c9%99-yon%c9%99lmis-nifr%c9%99ti-hec-vaxt-unutmayacagiq-%c9%99rdogan","status":"publish","type":"post","link":"https:\/\/arantv.az\/?p=384972","title":{"rendered":"Biz Az\u0259rbaycana v\u0259 onu d\u0259st\u0259kl\u0259y\u0259n T\u00fcrkiy\u0259y\u0259 y\u00f6n\u0259lmi\u015f nifr\u0259ti he\u00e7 vaxt unutmayaca\u011f\u0131q &#8211; \u018frdo\u011fan"},"content":{"rendered":"<p>Biz i\u015f\u011fal alt\u0131ndak\u0131 torpaqlar\u0131n\u0131 azad etm\u0259y\u0259 \u00e7al\u0131\u015fan Az\u0259rbaycana v\u0259 onu d\u0259st\u0259kl\u0259y\u0259n T\u00fcrkiy\u0259y\u0259 y\u00f6n\u0259lmi\u015f nifr\u0259ti he\u00e7 vaxt unutmayaca\u011f\u0131q.<\/p>\n<p><strong>ARANTV.AZ\u00a0<\/strong> <a href=\"https:\/\/az.trend.az\/\" target=\"_blank\" rel=\"noopener\">Trend<\/a>-\u0259 istinad\u0259n x\u0259b\u0259r verir ki,\u00a0bunu T\u00fcrkiy\u0259 Prezidenti R\u0259c\u0259b Tayyib \u018frdo\u011fan bu g\u00fcn \u00f6lk\u0259 parlamentind\u0259 \u00e7\u0131x\u0131\u015f\u0131 zaman\u0131 deyib.<\/p>\n<p>O \u0259lav\u0259 edib ki, T\u00fcrkiy\u0259 qarda\u015fl\u0131\u011f\u0131n, dostlu\u011fun, \u0259m\u0259kda\u015fl\u0131\u011f\u0131n q\u0259drini bil\u0259n \u00f6lk\u0259dir.<\/p>\n","protected":false},"excerpt":{"rendered":"<p>Biz i\u015f\u011fal alt\u0131ndak\u0131 torpaqlar\u0131n\u0131 azad etm\u0259y\u0259 \u00e7al\u0131\u015fan Az\u0259rbaycana v\u0259 onu d\u0259st\u0259kl\u0259y\u0259n T\u00fcrkiy\u0259y\u0259 y\u00f6n\u0259lmi\u015f nifr\u0259ti he\u00e7 vaxt unutmayaca\u011f\u0131q. ARANTV.AZ\u00a0 Trend-\u0259 istinad\u0259n x\u0259b\u0259r verir ki,\u00a0bunu T\u00fcrkiy\u0259 Prezidenti R\u0259c\u0259b Tayyib \u018frdo\u011fan bu g\u00fcn \u00f6lk\u0259 parlamentind\u0259 \u00e7\u0131x\u0131\u015f\u0131 zaman\u0131 deyib. O \u0259lav\u0259 edib ki, T\u00fcrkiy\u0259 qarda\u015fl\u0131\u011f\u0131n, dostlu\u011fun, \u0259m\u0259kda\u015fl\u0131\u011f\u0131n q\u0259drini bil\u0259n \u00f6lk\u0259dir.<\/p>\n","protected":false},"author":2,"featured_media":384973,"comment_status":"closed","ping_status":"closed","sticky":false,"template":"","format":"standard","meta":{"om_disable_all_campaigns":false,"_monsterinsights_skip_tracking":false,"_monsterinsights_sitenote_active":false,"_monsterinsights_sitenote_note":"","_monsterinsights_sitenote_category":0},"categories":[4],"tags":[],"aioseo_notices":[],"gutentor_comment":0,"rttpg_featured_image_url":{"full":["https:\/\/arantv.az\/wp-content\/uploads\/2021\/10\/984279.jpg",800,600,false],"landscape":["https:\/\/arantv.az\/wp-content\/uploads\/2021\/10\/984279.jpg",800,600,false],"portraits":["https:\/\/arantv.az\/wp-content\/uploads\/2021\/10\/984279.jpg",800,600,false],"thumbnail":["https:\/\/arantv.az\/wp-content\/uploads\/2021\/10\/984279-500x280.jpg",500,280,true],"medium":["https:\/\/arantv.az\/wp-content\/uploads\/2021\/10\/984279-487x365.jpg",487,365,true],"large":["https:\/\/arantv.az\/wp-content\/uploads\/2021\/10\/984279.jpg",640,480,false],"1536x1536":["https:\/\/arantv.az\/wp-content\/uploads\/2021\/10\/984279.jpg",800,600,false],"2048x2048":["https:\/\/arantv.az\/wp-content\/uploads\/2021\/10\/984279.jpg",800,600,false],"post-thumbnail":["https:\/\/arantv.az\/wp-content\/uploads\/2021\/10\/984279-240x172.jpg",240,172,true],"advps-thumb-one":["https:\/\/arantv.az\/wp-content\/uploads\/2021\/10\/984279.jpg",800,600,false]},"rttpg_author":{"display_name":"V\u00fcsal Rafiqo\u011flu","author_link":"https:\/\/arantv.az\/?author=2"},"rttpg_comment":0,"rttpg_category":"<a href=\"https:\/\/arantv.az\/?cat=4\" rel=\"category\">Siyas\u0259t<\/a>","rttpg_excerpt":"Biz i\u015f\u011fal alt\u0131ndak\u0131 torpaqlar\u0131n\u0131 azad etm\u0259y\u0259 \u00e7al\u0131\u015fan Az\u0259rbaycana v\u0259 onu d\u0259st\u0259kl\u0259y\u0259n T\u00fcrkiy\u0259y\u0259 y\u00f6n\u0259lmi\u015f nifr\u0259ti he\u00e7 vaxt unutmayaca\u011f\u0131q. ARANTV.AZ\u00a0 Trend-\u0259 istinad\u0259n x\u0259b\u0259r verir ki,\u00a0bunu T\u00fcrkiy\u0259 Prezidenti R\u0259c\u0259b Tayyib \u018frdo\u011fan bu g\u00fcn \u00f6lk\u0259 parlamentind\u0259 \u00e7\u0131x\u0131\u015f\u0131 zaman\u0131 deyib. O \u0259lav\u0259 edib ki, T\u00fcrkiy\u0259 qarda\u015fl\u0131\u011f\u0131n, dostlu\u011fun, \u0259m\u0259kda\u015fl\u0131\u011f\u0131n q\u0259drini bil\u0259n \u00f6lk\u0259dir.","_links":{"self":[{"href":"https:\/\/arantv.az\/index.php?rest_route=\/wp\/v2\/posts\/384972"}],"collection":[{"href":"https:\/\/arantv.az\/index.php?rest_route=\/wp\/v2\/posts"}],"about":[{"href":"https:\/\/arantv.az\/index.php?rest_route=\/wp\/v2\/types\/post"}],"author":[{"embeddable":true,"href":"https:\/\/arantv.az\/index.php?rest_route=\/wp\/v2\/users\/2"}],"replies":[{"embeddable":true,"href":"https:\/\/arantv.az\/index.php?rest_route=%2Fwp%2Fv2%2Fcomments&post=384972"}],"version-history":[{"count":0,"href":"https:\/\/arantv.az\/index.php?rest_route=\/wp\/v2\/posts\/384972\/revisions"}],"wp:featuredmedia":[{"embeddable":true,"href":"https:\/\/arantv.az\/index.php?rest_route=\/wp\/v2\/media\/384973"}],"wp:attachment":[{"href":"https:\/\/arantv.az\/index.php?rest_route=%2Fwp%2Fv2%2Fmedia&parent=384972"}],"wp:term":[{"taxonomy":"category","embeddable":true,"href":"https:\/\/arantv.az\/index.php?rest_route=%2Fwp%2Fv2%2Fcategories&post=384972"},{"taxonomy":"post_tag","embeddable":true,"href":"https:\/\/arantv.az\/index.php?rest_route=%2Fwp%2Fv2%2Ftags&post=384972"}],"curies":[{"name":"wp","href":"https:\/\/api.w.org\/{rel}","templated":true}]}}