{"id":384975,"date":"2021-10-01T15:37:48","date_gmt":"2021-10-01T12:37:48","guid":{"rendered":"http:\/\/arantv.az\/?p=384975"},"modified":"2021-10-01T15:37:48","modified_gmt":"2021-10-01T12:37:48","slug":"riqada-anim-gunun%c9%99-h%c9%99sr-olunmus-aksiya-t%c9%99skil-edilib","status":"publish","type":"post","link":"https:\/\/arantv.az\/?p=384975","title":{"rendered":"Riqada An\u0131m G\u00fcn\u00fcn\u0259 h\u0259sr olunmu\u015f aksiya t\u0259\u015fkil edilib"},"content":{"rendered":"<p>Latviyan\u0131n paytaxt\u0131 Riqa \u015f\u0259h\u0259rind\u0259 An\u0131m G\u00fcn\u00fcn\u0259 h\u0259sr olunmu\u015f aksiya t\u0259\u015fkil edilib.<\/p>\n<p><strong>ARANTV.AZ\u00a0 x\u0259b\u0259r verir ki,<\/strong>\u00a0aksiya Latviyada f\u0259aliyy\u0259t g\u00f6st\u0259r\u0259n \u201cAz\u0259ri\u201d g\u0259ncl\u0259r t\u0259\u015fkilat\u0131n\u0131n s\u0259dri Amil S\u0259limovun t\u0259\u015f\u0259bb\u00fcs\u00fc il\u0259 t\u0259\u015fkil olunub.<\/p>\n<p>Latviyada ya\u015fayan soyda\u015flar\u0131m\u0131z \u00f6lk\u0259mizin suverenliyi v\u0259 \u0259razi b\u00fct\u00f6vl\u00fcy\u00fc u\u011frunda canlar\u0131ndan ke\u00e7\u0259n \u015f\u0259hidl\u0259rimizin \u0259ziz xatir\u0259sini yad edibl\u0259r.<\/p>\n<p>T\u0259dbird\u0259 \u00e7\u0131x\u0131\u015f ed\u0259n Amil S\u0259limov M\u00fcz\u0259ff\u0259r Ali Ba\u015f Komandan, Prezident \u0130lham \u018fliyevin r\u0259hb\u0259rliyi il\u0259 Silahl\u0131 Q\u00fcvv\u0259l\u0259rimizin qazand\u0131\u011f\u0131 parlaq Q\u0259l\u0259b\u0259y\u0259 misilsiz t\u00f6hf\u0259l\u0259r b\u0259x\u015f etmi\u015f \u015f\u0259hidl\u0259rimizin xatir\u0259sinin unudulmayaca\u011f\u0131n\u0131, xalq\u0131m\u0131z\u0131n q\u0259lbind\u0259 daim ya\u015fayaca\u011f\u0131n\u0131 bildirib.<\/p>\n<p>Sonra \u015f\u0259hidl\u0259rimizin ruhuna dualar oxunub, V\u0259t\u0259n m\u00fcharib\u0259sini v\u0259 q\u0259hr\u0259manlar\u0131m\u0131z\u0131 \u0259ks etdir\u0259n fotolar\u0131n \u00f6n\u00fcn\u0259 g\u00fcll\u0259r d\u00fcz\u00fcl\u00fcb v\u0259 \u015famlar yand\u0131r\u0131l\u0131b.<\/p>\n<p>Bundan ba\u015fqa, Amil S\u0259limovun t\u0259\u015f\u0259bb\u00fcs\u00fc il\u0259 Riqa \u015f\u0259h\u0259rind\u0259ki bir ne\u00e7\u0259 reklam l\u00f6vh\u0259sind\u0259 An\u0131m G\u00fcn\u00fcn\u0259 h\u0259sr edilmi\u015f video\u00e7arxlar yerl\u0259\u015fdirilib.<\/p>\n","protected":false},"excerpt":{"rendered":"<p>Latviyan\u0131n paytaxt\u0131 Riqa \u015f\u0259h\u0259rind\u0259 An\u0131m G\u00fcn\u00fcn\u0259 h\u0259sr olunmu\u015f aksiya t\u0259\u015fkil edilib. ARANTV.AZ\u00a0 x\u0259b\u0259r verir ki,\u00a0aksiya Latviyada f\u0259aliyy\u0259t g\u00f6st\u0259r\u0259n \u201cAz\u0259ri\u201d g\u0259ncl\u0259r t\u0259\u015fkilat\u0131n\u0131n s\u0259dri Amil S\u0259limovun t\u0259\u015f\u0259bb\u00fcs\u00fc il\u0259 t\u0259\u015fkil olunub. Latviyada ya\u015fayan soyda\u015flar\u0131m\u0131z \u00f6lk\u0259mizin suverenliyi v\u0259 \u0259razi b\u00fct\u00f6vl\u00fcy\u00fc u\u011frunda canlar\u0131ndan ke\u00e7\u0259n \u015f\u0259hidl\u0259rimizin \u0259ziz xatir\u0259sini yad edibl\u0259r. T\u0259dbird\u0259 \u00e7\u0131x\u0131\u015f ed\u0259n Amil S\u0259limov M\u00fcz\u0259ff\u0259r Ali Ba\u015f Komandan, Prezident \u0130lham \u018fliyevin r\u0259hb\u0259rliyi il\u0259 Silahl\u0131 Q\u00fcvv\u0259l\u0259rimizin qazand\u0131\u011f\u0131 parlaq Q\u0259l\u0259b\u0259y\u0259 misilsiz t\u00f6hf\u0259l\u0259r b\u0259x\u015f etmi\u015f \u015f\u0259hidl\u0259rimizin xatir\u0259sinin unudulmayaca\u011f\u0131n\u0131, xalq\u0131m\u0131z\u0131n q\u0259lbind\u0259 daim ya\u015fayaca\u011f\u0131n\u0131 bildirib. Sonra \u015f\u0259hidl\u0259rimizin ruhuna dualar oxunub, V\u0259t\u0259n m\u00fcharib\u0259sini v\u0259 q\u0259hr\u0259manlar\u0131m\u0131z\u0131 \u0259ks etdir\u0259n fotolar\u0131n \u00f6n\u00fcn\u0259 g\u00fcll\u0259r d\u00fcz\u00fcl\u00fcb&hellip;<\/p>\n","protected":false},"author":2,"featured_media":384976,"comment_status":"closed","ping_status":"closed","sticky":false,"template":"","format":"standard","meta":{"om_disable_all_campaigns":false,"_monsterinsights_skip_tracking":false,"_monsterinsights_sitenote_active":false,"_monsterinsights_sitenote_note":"","_monsterinsights_sitenote_category":0},"categories":[4],"tags":[],"aioseo_notices":[],"gutentor_comment":0,"rttpg_featured_image_url":{"full":["https:\/\/arantv.az\/wp-content\/uploads\/2021\/10\/6069cecf163307840917529522910091960.jpg",975,540,false],"landscape":["https:\/\/arantv.az\/wp-content\/uploads\/2021\/10\/6069cecf163307840917529522910091960.jpg",975,540,false],"portraits":["https:\/\/arantv.az\/wp-content\/uploads\/2021\/10\/6069cecf163307840917529522910091960.jpg",975,540,false],"thumbnail":["https:\/\/arantv.az\/wp-content\/uploads\/2021\/10\/6069cecf163307840917529522910091960-500x280.jpg",500,280,true],"medium":["https:\/\/arantv.az\/wp-content\/uploads\/2021\/10\/6069cecf163307840917529522910091960-660x365.jpg",660,365,true],"large":["https:\/\/arantv.az\/wp-content\/uploads\/2021\/10\/6069cecf163307840917529522910091960-840x465.jpg",640,354,true],"1536x1536":["https:\/\/arantv.az\/wp-content\/uploads\/2021\/10\/6069cecf163307840917529522910091960.jpg",975,540,false],"2048x2048":["https:\/\/arantv.az\/wp-content\/uploads\/2021\/10\/6069cecf163307840917529522910091960.jpg",975,540,false],"post-thumbnail":["https:\/\/arantv.az\/wp-content\/uploads\/2021\/10\/6069cecf163307840917529522910091960-240x172.jpg",240,172,true],"advps-thumb-one":["https:\/\/arantv.az\/wp-content\/uploads\/2021\/10\/6069cecf163307840917529522910091960.jpg",975,540,false]},"rttpg_author":{"display_name":"V\u00fcsal Rafiqo\u011flu","author_link":"https:\/\/arantv.az\/?author=2"},"rttpg_comment":0,"rttpg_category":"<a href=\"https:\/\/arantv.az\/?cat=4\" rel=\"category\">Siyas\u0259t<\/a>","rttpg_excerpt":"Latviyan\u0131n paytaxt\u0131 Riqa \u015f\u0259h\u0259rind\u0259 An\u0131m G\u00fcn\u00fcn\u0259 h\u0259sr olunmu\u015f aksiya t\u0259\u015fkil edilib. ARANTV.AZ\u00a0 x\u0259b\u0259r verir ki,\u00a0aksiya Latviyada f\u0259aliyy\u0259t g\u00f6st\u0259r\u0259n \u201cAz\u0259ri\u201d g\u0259ncl\u0259r t\u0259\u015fkilat\u0131n\u0131n s\u0259dri Amil S\u0259limovun t\u0259\u015f\u0259bb\u00fcs\u00fc il\u0259 t\u0259\u015fkil olunub. Latviyada ya\u015fayan soyda\u015flar\u0131m\u0131z \u00f6lk\u0259mizin suverenliyi v\u0259 \u0259razi b\u00fct\u00f6vl\u00fcy\u00fc u\u011frunda canlar\u0131ndan ke\u00e7\u0259n \u015f\u0259hidl\u0259rimizin \u0259ziz xatir\u0259sini yad edibl\u0259r. T\u0259dbird\u0259 \u00e7\u0131x\u0131\u015f ed\u0259n Amil S\u0259limov M\u00fcz\u0259ff\u0259r Ali Ba\u015f Komandan, Prezident \u0130lham&hellip;","_links":{"self":[{"href":"https:\/\/arantv.az\/index.php?rest_route=\/wp\/v2\/posts\/384975"}],"collection":[{"href":"https:\/\/arantv.az\/index.php?rest_route=\/wp\/v2\/posts"}],"about":[{"href":"https:\/\/arantv.az\/index.php?rest_route=\/wp\/v2\/types\/post"}],"author":[{"embeddable":true,"href":"https:\/\/arantv.az\/index.php?rest_route=\/wp\/v2\/users\/2"}],"replies":[{"embeddable":true,"href":"https:\/\/arantv.az\/index.php?rest_route=%2Fwp%2Fv2%2Fcomments&post=384975"}],"version-history":[{"count":0,"href":"https:\/\/arantv.az\/index.php?rest_route=\/wp\/v2\/posts\/384975\/revisions"}],"wp:featuredmedia":[{"embeddable":true,"href":"https:\/\/arantv.az\/index.php?rest_route=\/wp\/v2\/media\/384976"}],"wp:attachment":[{"href":"https:\/\/arantv.az\/index.php?rest_route=%2Fwp%2Fv2%2Fmedia&parent=384975"}],"wp:term":[{"taxonomy":"category","embeddable":true,"href":"https:\/\/arantv.az\/index.php?rest_route=%2Fwp%2Fv2%2Fcategories&post=384975"},{"taxonomy":"post_tag","embeddable":true,"href":"https:\/\/arantv.az\/index.php?rest_route=%2Fwp%2Fv2%2Ftags&post=384975"}],"curies":[{"name":"wp","href":"https:\/\/api.w.org\/{rel}","templated":true}]}}