{"id":384981,"date":"2021-10-01T15:57:48","date_gmt":"2021-10-01T12:57:48","guid":{"rendered":"http:\/\/arantv.az\/?p=384981"},"modified":"2021-10-01T15:57:48","modified_gmt":"2021-10-01T12:57:48","slug":"s%c9%99hid-qardaslarin-ail%c9%99sind%c9%99-faci%c9%99-1-yasli-qizi-oldu","status":"publish","type":"post","link":"https:\/\/arantv.az\/?p=384981","title":{"rendered":"\u015e\u0259hid qarda\u015flar\u0131n ail\u0259sind\u0259 FAC\u0130\u018f: 1 ya\u015fl\u0131 q\u0131z\u0131 \u00f6ld\u00fc"},"content":{"rendered":"<p>V\u0259t\u0259n M\u00fcharib\u0259si \u015f\u0259hidi Musa H\u0259s\u0259novun ki\u00e7ik q\u0131z\u0131 \u0130nci v\u0259fat edib.<\/p>\n<p>Bu bar\u0259d\u0259 Lent.az-a \u015f\u0259hidin anas\u0131 N\u0259hay\u0259t H\u0259s\u0259nova m\u0259lumat verib. O bildirib ki, \u0130nci 1 ya\u015f 3 ayl\u0131q olanda d\u00fcnyas\u0131n\u0131 d\u0259yi\u015fib:<\/p>\n<div id=\"AdviadNativeVideo0\" class=\"AdviadNativeVideo\"><\/div>\n<p>&#8220;Do\u011fulanda problemli olmu\u015fdu. Ba\u015f\u0131nda k\u00f6rp\u00fcc\u00fck s\u00fcm\u00fcy\u00fc birl\u0259\u015fm\u0259mi\u015fdi, ancaq m\u00fcalic\u0259si t\u0259dric\u0259n gedirdi. Sonra iki o\u011flum \u015f\u0259hid oldu, 2 ay onlar\u0131 axtard\u0131m. Bununla da \u0130ncinin m\u00fcalic\u0259si dayand\u0131. Sonra t\u00fcrkiy\u0259d\u0259ki h\u0259kim\u0259 s\u0259n\u0259dl\u0259ri g\u00f6nd\u0259rdim. Dedi ki, art\u0131q gecdir. H\u0259m d\u0259 onun g\u00f6z\u00fc g\u00f6rm\u00fcrd\u00fc v\u0259 ba\u015fqa probleml\u0259ri d\u0259 var idi. H\u0259kiml\u0259r deyirdi ki, ya\u015fasa da 2 ya\u015fad\u0259k ya\u015fayacaq. \u0130ki o\u011flumdan sonra n\u0259v\u0259mi d\u0259 itirdim&#8221;.<\/p>\n<p>N.H\u0259s\u0259nova qeyd edib ki, iki o\u011flu eyni g\u00fcnd\u0259 &#8211; sentyabr\u0131n 21-d\u0259 c\u0259bh\u0259y\u0259 yollan\u0131blar:<\/p>\n<p>&#8220;\u0130ncinin atas\u0131 Musa sentyabr\u0131n 29-u \u015f\u0259hid olmu\u015fdu. Amma noyabr\u0131n 5-i onu g\u0259tirdil\u0259r. B\u00f6y\u00fck o\u011flum Tural is\u0259 \u00f6t\u0259n ilin bu g\u00fcn\u00fc \u015f\u0259hid olmu\u015fdu. Dekabr\u0131n 9-da da onu g\u0259tirdil\u0259r. \u0130kisi d\u0259 neytralda qalm\u0131\u015fd\u0131. \u0130ki o\u011ful Tural\u0131n, iki q\u0131z Musan\u0131n idi. \u0130nci \u00f6l\u0259nd\u0259n sonra Musan\u0131n bir q\u0131z\u0131 qald\u0131. \u0130ndi bizim t\u0259s\u0259llimiz onlard\u0131r&#8221;.<\/p>\n<p><img class=\"imgbcode\" src=\"https:\/\/upload.az\/foto\/arxiv\/sehid2_81633092243.jpg\" alt=\"\u015e\u0259hid qarda\u015flar\u0131n ail\u0259sind\u0259 FAC\u0130\u018f: 1 ya\u015fl\u0131 q\u0131z\u0131 \u00f6ld\u00fc\" \/><img class=\"imgbcode\" src=\"https:\/\/upload.az\/foto\/arxiv\/sehid3_91633092243.jpg\" alt=\"\u015e\u0259hid qarda\u015flar\u0131n ail\u0259sind\u0259 FAC\u0130\u018f: 1 ya\u015fl\u0131 q\u0131z\u0131 \u00f6ld\u00fc\" \/><img class=\"imgbcode\" src=\"https:\/\/upload.az\/foto\/arxiv\/sehid4_61633092243.jpg\" alt=\"\u015e\u0259hid qarda\u015flar\u0131n ail\u0259sind\u0259 FAC\u0130\u018f: 1 ya\u015fl\u0131 q\u0131z\u0131 \u00f6ld\u00fc\" \/><\/p>\n","protected":false},"excerpt":{"rendered":"<p>V\u0259t\u0259n M\u00fcharib\u0259si \u015f\u0259hidi Musa H\u0259s\u0259novun ki\u00e7ik q\u0131z\u0131 \u0130nci v\u0259fat edib. Bu bar\u0259d\u0259 Lent.az-a \u015f\u0259hidin anas\u0131 N\u0259hay\u0259t H\u0259s\u0259nova m\u0259lumat verib. O bildirib ki, \u0130nci 1 ya\u015f 3 ayl\u0131q olanda d\u00fcnyas\u0131n\u0131 d\u0259yi\u015fib: &#8220;Do\u011fulanda problemli olmu\u015fdu. Ba\u015f\u0131nda k\u00f6rp\u00fcc\u00fck s\u00fcm\u00fcy\u00fc birl\u0259\u015fm\u0259mi\u015fdi, ancaq m\u00fcalic\u0259si t\u0259dric\u0259n gedirdi. Sonra iki o\u011flum \u015f\u0259hid oldu, 2 ay onlar\u0131 axtard\u0131m. Bununla da \u0130ncinin m\u00fcalic\u0259si dayand\u0131. Sonra t\u00fcrkiy\u0259d\u0259ki h\u0259kim\u0259 s\u0259n\u0259dl\u0259ri g\u00f6nd\u0259rdim. Dedi ki, art\u0131q gecdir. H\u0259m d\u0259 onun g\u00f6z\u00fc g\u00f6rm\u00fcrd\u00fc v\u0259 ba\u015fqa probleml\u0259ri d\u0259 var idi. H\u0259kiml\u0259r deyirdi ki, ya\u015fasa da 2 ya\u015fad\u0259k ya\u015fayacaq. \u0130ki o\u011flumdan sonra n\u0259v\u0259mi d\u0259 itirdim&#8221;. N.H\u0259s\u0259nova&hellip;<\/p>\n","protected":false},"author":2,"featured_media":384982,"comment_status":"closed","ping_status":"closed","sticky":false,"template":"","format":"standard","meta":{"om_disable_all_campaigns":false,"_monsterinsights_skip_tracking":false,"_monsterinsights_sitenote_active":false,"_monsterinsights_sitenote_note":"","_monsterinsights_sitenote_category":0},"categories":[26],"tags":[],"aioseo_notices":[],"gutentor_comment":0,"rttpg_featured_image_url":{"full":["https:\/\/arantv.az\/wp-content\/uploads\/2021\/10\/sehid1_51633092243.jpg",650,433,false],"landscape":["https:\/\/arantv.az\/wp-content\/uploads\/2021\/10\/sehid1_51633092243.jpg",650,433,false],"portraits":["https:\/\/arantv.az\/wp-content\/uploads\/2021\/10\/sehid1_51633092243.jpg",650,433,false],"thumbnail":["https:\/\/arantv.az\/wp-content\/uploads\/2021\/10\/sehid1_51633092243-500x280.jpg",500,280,true],"medium":["https:\/\/arantv.az\/wp-content\/uploads\/2021\/10\/sehid1_51633092243-548x365.jpg",548,365,true],"large":["https:\/\/arantv.az\/wp-content\/uploads\/2021\/10\/sehid1_51633092243.jpg",640,426,false],"1536x1536":["https:\/\/arantv.az\/wp-content\/uploads\/2021\/10\/sehid1_51633092243.jpg",650,433,false],"2048x2048":["https:\/\/arantv.az\/wp-content\/uploads\/2021\/10\/sehid1_51633092243.jpg",650,433,false],"post-thumbnail":["https:\/\/arantv.az\/wp-content\/uploads\/2021\/10\/sehid1_51633092243-240x172.jpg",240,172,true],"advps-thumb-one":["https:\/\/arantv.az\/wp-content\/uploads\/2021\/10\/sehid1_51633092243.jpg",650,433,false]},"rttpg_author":{"display_name":"V\u00fcsal Rafiqo\u011flu","author_link":"https:\/\/arantv.az\/?author=2"},"rttpg_comment":0,"rttpg_category":"<a href=\"https:\/\/arantv.az\/?cat=26\" rel=\"category\">Sosial<\/a>","rttpg_excerpt":"V\u0259t\u0259n M\u00fcharib\u0259si \u015f\u0259hidi Musa H\u0259s\u0259novun ki\u00e7ik q\u0131z\u0131 \u0130nci v\u0259fat edib. Bu bar\u0259d\u0259 Lent.az-a \u015f\u0259hidin anas\u0131 N\u0259hay\u0259t H\u0259s\u0259nova m\u0259lumat verib. O bildirib ki, \u0130nci 1 ya\u015f 3 ayl\u0131q olanda d\u00fcnyas\u0131n\u0131 d\u0259yi\u015fib: &#8220;Do\u011fulanda problemli olmu\u015fdu. Ba\u015f\u0131nda k\u00f6rp\u00fcc\u00fck s\u00fcm\u00fcy\u00fc birl\u0259\u015fm\u0259mi\u015fdi, ancaq m\u00fcalic\u0259si t\u0259dric\u0259n gedirdi. Sonra iki o\u011flum \u015f\u0259hid oldu, 2 ay onlar\u0131 axtard\u0131m. Bununla da \u0130ncinin m\u00fcalic\u0259si dayand\u0131.&hellip;","_links":{"self":[{"href":"https:\/\/arantv.az\/index.php?rest_route=\/wp\/v2\/posts\/384981"}],"collection":[{"href":"https:\/\/arantv.az\/index.php?rest_route=\/wp\/v2\/posts"}],"about":[{"href":"https:\/\/arantv.az\/index.php?rest_route=\/wp\/v2\/types\/post"}],"author":[{"embeddable":true,"href":"https:\/\/arantv.az\/index.php?rest_route=\/wp\/v2\/users\/2"}],"replies":[{"embeddable":true,"href":"https:\/\/arantv.az\/index.php?rest_route=%2Fwp%2Fv2%2Fcomments&post=384981"}],"version-history":[{"count":0,"href":"https:\/\/arantv.az\/index.php?rest_route=\/wp\/v2\/posts\/384981\/revisions"}],"wp:featuredmedia":[{"embeddable":true,"href":"https:\/\/arantv.az\/index.php?rest_route=\/wp\/v2\/media\/384982"}],"wp:attachment":[{"href":"https:\/\/arantv.az\/index.php?rest_route=%2Fwp%2Fv2%2Fmedia&parent=384981"}],"wp:term":[{"taxonomy":"category","embeddable":true,"href":"https:\/\/arantv.az\/index.php?rest_route=%2Fwp%2Fv2%2Fcategories&post=384981"},{"taxonomy":"post_tag","embeddable":true,"href":"https:\/\/arantv.az\/index.php?rest_route=%2Fwp%2Fv2%2Ftags&post=384981"}],"curies":[{"name":"wp","href":"https:\/\/api.w.org\/{rel}","templated":true}]}}