{"id":384984,"date":"2021-10-01T16:06:40","date_gmt":"2021-10-01T13:06:40","guid":{"rendered":"http:\/\/arantv.az\/?p=384984"},"modified":"2021-10-01T16:06:40","modified_gmt":"2021-10-01T13:06:40","slug":"bu-xanim-az%c9%99rbaycan-n%c9%99sriyyatina-yeni-bas-direktor-t%c9%99yin-olunub","status":"publish","type":"post","link":"https:\/\/arantv.az\/?p=384984","title":{"rendered":"Bu xan\u0131m &#8220;Az\u0259rbaycan&#8221; n\u0259\u015friyyat\u0131na yeni ba\u015f direktor t\u0259yin olunub"},"content":{"rendered":"<p>&#8220;Az\u0259rbaycan&#8221; n\u0259\u015friyyat\u0131na yeni ba\u015f direktor t\u0259yin olunub.<\/p>\n<p><strong>ARANTV.AZ<\/strong> \u00a0&#8220;Report&#8221;a istinad\u0259n\u00a0<a title=\"xeberler son xeberler 2021\" href=\"https:\/\/big.az\/\" target=\"_blank\" rel=\"noopener\">x\u0259b\u0259r<\/a>\u00a0verir ki, bununla ba\u011fl\u0131 m\u00fcvafiq s\u0259r\u0259ncam imzalan\u0131b.<\/p>\n<div id=\"AdviadNativeVideo0\" class=\"AdviadNativeVideo\"><\/div>\n<p>S\u0259r\u0259ncama \u0259sas\u0259n, Leyla G\u00fcl\u0259liyeva &#8220;Az\u0259rbaycan&#8221; n\u0259\u015friyyat\u0131n\u0131n ba\u015f direktoru t\u0259yin edilib.<\/p>\n<p>L.G\u00fcl\u0259liyeva t\u0259yinatla ba\u011fl\u0131 x\u0259b\u0259ri &#8220;Report&#8221;a t\u0259sdiql\u0259yib.<\/p>\n<p>Qeyd ed\u0259k ki, L.G\u00fcl\u0259liyeva N\u0259qliyyat, Rabit\u0259 v\u0259 Y\u00fcks\u0259k Texnologiyalar Nazirliyinin l\u0259\u011fv edilmi\u015f &#8220;Az\u0259rmarka&#8221; MMC-nin direktoru v\u0259zif\u0259sind\u0259 \u00e7al\u0131\u015f\u0131b.<\/p>\n<p>Xat\u0131rladaq ki, \u00f6t\u0259n g\u00fcn &#8220;Az\u0259rbaycan&#8221; n\u0259\u015friyyat\u0131n\u0131n ba\u015f direktoru A\u011fab\u0259y \u018fsg\u0259rov v\u0259zif\u0259sind\u0259n azad edilib.<\/p>\n","protected":false},"excerpt":{"rendered":"<p>&#8220;Az\u0259rbaycan&#8221; n\u0259\u015friyyat\u0131na yeni ba\u015f direktor t\u0259yin olunub. ARANTV.AZ \u00a0&#8220;Report&#8221;a istinad\u0259n\u00a0x\u0259b\u0259r\u00a0verir ki, bununla ba\u011fl\u0131 m\u00fcvafiq s\u0259r\u0259ncam imzalan\u0131b. S\u0259r\u0259ncama \u0259sas\u0259n, Leyla G\u00fcl\u0259liyeva &#8220;Az\u0259rbaycan&#8221; n\u0259\u015friyyat\u0131n\u0131n ba\u015f direktoru t\u0259yin edilib. L.G\u00fcl\u0259liyeva t\u0259yinatla ba\u011fl\u0131 x\u0259b\u0259ri &#8220;Report&#8221;a t\u0259sdiql\u0259yib. Qeyd ed\u0259k ki, L.G\u00fcl\u0259liyeva N\u0259qliyyat, Rabit\u0259 v\u0259 Y\u00fcks\u0259k Texnologiyalar Nazirliyinin l\u0259\u011fv edilmi\u015f &#8220;Az\u0259rmarka&#8221; MMC-nin direktoru v\u0259zif\u0259sind\u0259 \u00e7al\u0131\u015f\u0131b. Xat\u0131rladaq ki, \u00f6t\u0259n g\u00fcn &#8220;Az\u0259rbaycan&#8221; n\u0259\u015friyyat\u0131n\u0131n ba\u015f direktoru A\u011fab\u0259y \u018fsg\u0259rov v\u0259zif\u0259sind\u0259n azad edilib.<\/p>\n","protected":false},"author":2,"featured_media":384985,"comment_status":"closed","ping_status":"closed","sticky":false,"template":"","format":"standard","meta":{"om_disable_all_campaigns":false,"_monsterinsights_skip_tracking":false,"_monsterinsights_sitenote_active":false,"_monsterinsights_sitenote_note":"","_monsterinsights_sitenote_category":0},"categories":[19],"tags":[],"aioseo_notices":[],"gutentor_comment":0,"rttpg_featured_image_url":{"full":["https:\/\/arantv.az\/wp-content\/uploads\/2021\/10\/xanim_81633091724.jpg",650,405,false],"landscape":["https:\/\/arantv.az\/wp-content\/uploads\/2021\/10\/xanim_81633091724.jpg",650,405,false],"portraits":["https:\/\/arantv.az\/wp-content\/uploads\/2021\/10\/xanim_81633091724.jpg",650,405,false],"thumbnail":["https:\/\/arantv.az\/wp-content\/uploads\/2021\/10\/xanim_81633091724-500x280.jpg",500,280,true],"medium":["https:\/\/arantv.az\/wp-content\/uploads\/2021\/10\/xanim_81633091724-586x365.jpg",586,365,true],"large":["https:\/\/arantv.az\/wp-content\/uploads\/2021\/10\/xanim_81633091724.jpg",640,399,false],"1536x1536":["https:\/\/arantv.az\/wp-content\/uploads\/2021\/10\/xanim_81633091724.jpg",650,405,false],"2048x2048":["https:\/\/arantv.az\/wp-content\/uploads\/2021\/10\/xanim_81633091724.jpg",650,405,false],"post-thumbnail":["https:\/\/arantv.az\/wp-content\/uploads\/2021\/10\/xanim_81633091724-240x172.jpg",240,172,true],"advps-thumb-one":["https:\/\/arantv.az\/wp-content\/uploads\/2021\/10\/xanim_81633091724.jpg",650,405,false]},"rttpg_author":{"display_name":"V\u00fcsal Rafiqo\u011flu","author_link":"https:\/\/arantv.az\/?author=2"},"rttpg_comment":0,"rttpg_category":"<a href=\"https:\/\/arantv.az\/?cat=19\" rel=\"category\">G\u00fcnd\u0259m<\/a>","rttpg_excerpt":"&#8220;Az\u0259rbaycan&#8221; n\u0259\u015friyyat\u0131na yeni ba\u015f direktor t\u0259yin olunub. ARANTV.AZ \u00a0&#8220;Report&#8221;a istinad\u0259n\u00a0x\u0259b\u0259r\u00a0verir ki, bununla ba\u011fl\u0131 m\u00fcvafiq s\u0259r\u0259ncam imzalan\u0131b. S\u0259r\u0259ncama \u0259sas\u0259n, Leyla G\u00fcl\u0259liyeva &#8220;Az\u0259rbaycan&#8221; n\u0259\u015friyyat\u0131n\u0131n ba\u015f direktoru t\u0259yin edilib. L.G\u00fcl\u0259liyeva t\u0259yinatla ba\u011fl\u0131 x\u0259b\u0259ri &#8220;Report&#8221;a t\u0259sdiql\u0259yib. Qeyd ed\u0259k ki, L.G\u00fcl\u0259liyeva N\u0259qliyyat, Rabit\u0259 v\u0259 Y\u00fcks\u0259k Texnologiyalar Nazirliyinin l\u0259\u011fv edilmi\u015f &#8220;Az\u0259rmarka&#8221; MMC-nin direktoru v\u0259zif\u0259sind\u0259 \u00e7al\u0131\u015f\u0131b. Xat\u0131rladaq ki, \u00f6t\u0259n g\u00fcn &#8220;Az\u0259rbaycan&#8221; n\u0259\u015friyyat\u0131n\u0131n&hellip;","_links":{"self":[{"href":"https:\/\/arantv.az\/index.php?rest_route=\/wp\/v2\/posts\/384984"}],"collection":[{"href":"https:\/\/arantv.az\/index.php?rest_route=\/wp\/v2\/posts"}],"about":[{"href":"https:\/\/arantv.az\/index.php?rest_route=\/wp\/v2\/types\/post"}],"author":[{"embeddable":true,"href":"https:\/\/arantv.az\/index.php?rest_route=\/wp\/v2\/users\/2"}],"replies":[{"embeddable":true,"href":"https:\/\/arantv.az\/index.php?rest_route=%2Fwp%2Fv2%2Fcomments&post=384984"}],"version-history":[{"count":0,"href":"https:\/\/arantv.az\/index.php?rest_route=\/wp\/v2\/posts\/384984\/revisions"}],"wp:featuredmedia":[{"embeddable":true,"href":"https:\/\/arantv.az\/index.php?rest_route=\/wp\/v2\/media\/384985"}],"wp:attachment":[{"href":"https:\/\/arantv.az\/index.php?rest_route=%2Fwp%2Fv2%2Fmedia&parent=384984"}],"wp:term":[{"taxonomy":"category","embeddable":true,"href":"https:\/\/arantv.az\/index.php?rest_route=%2Fwp%2Fv2%2Fcategories&post=384984"},{"taxonomy":"post_tag","embeddable":true,"href":"https:\/\/arantv.az\/index.php?rest_route=%2Fwp%2Fv2%2Ftags&post=384984"}],"curies":[{"name":"wp","href":"https:\/\/api.w.org\/{rel}","templated":true}]}}