{"id":384989,"date":"2021-10-01T16:16:20","date_gmt":"2021-10-01T13:16:20","guid":{"rendered":"http:\/\/arantv.az\/?p=384989"},"modified":"2021-10-01T16:16:20","modified_gmt":"2021-10-01T13:16:20","slug":"bakida-direktor-bir-gund%c9%99-67-mu%c9%99llimi-isd%c9%99n-qovdu-qalmaqal","status":"publish","type":"post","link":"https:\/\/arantv.az\/?p=384989","title":{"rendered":"Bak\u0131da direktor bir g\u00fcnd\u0259 67 m\u00fc\u0259llimi i\u015fd\u0259n qovdu &#8211; QALMAQAL"},"content":{"rendered":"<p>Az\u0259rbaycan D\u00f6vl\u0259t M\u0259d\u0259niyy\u0259t v\u0259 \u0130nc\u0259s\u0259n\u0259t Universitetinin n\u0259zdind\u0259 Humanitar Kollecinin 67 m\u00fc\u0259llimi i\u015fd\u0259n \u00e7\u0131xar\u0131l\u0131b.<\/p>\n<p>\u00c7\u0131xar\u0131lan m\u00fc\u0259lliml\u0259rd\u0259n 46-s\u0131 ali t\u0259hsilli m\u00fc\u0259llim, 21 orta ixtisas t\u0259hsilli \u015f\u0259xsl\u0259r, 5-i is\u0259 \u015f\u00f6b\u0259 m\u00fcdirl\u0259ridir.<\/p>\n<div id=\"AdviadNativeVideo0\" class=\"AdviadNativeVideo\"><\/div>\n<p>M\u00fc\u0259lliml\u0259rin i\u015fd\u0259n \u00e7\u0131xar\u0131lmas\u0131 il\u0259 ba\u011fl\u0131 \u0259mri Kollecin direktoru N\u0259rmin Qaralova verib. O bird\u0259n-bir\u0259 bu q\u0259d\u0259r m\u00fc\u0259llimi T\u0259hsil naziri Emin \u018fmrullayevin tap\u015f\u0131r\u0131\u011f\u0131 il\u0259 i\u015fd\u0259n \u00e7\u0131xard\u0131\u011f\u0131n\u0131 bildirib. T\u0259hsil Nazirliyin\u0259 \u00fcz tutan m\u00fc\u0259lliml\u0259r\u0259 is\u0259 bel\u0259 bir q\u0259rardan nazirin\u00a0<a title=\"xeberler son xeberler 2021\" href=\"https:\/\/big.az\/\" target=\"_blank\" rel=\"noopener\">x\u0259b\u0259rinin<\/a>\u00a0olmad\u0131\u011f\u0131 bildirilib.<\/p>\n<p>\u0130\u015fl\u0259rini itir\u0259n m\u00fc\u0259lliml\u0259r bu q\u0259rar\u0131n he\u00e7 bir qanuna s\u00f6yk\u0259nm\u0259diyini, h\u00fcquqlar\u0131n\u0131n pozuldu\u011funu bildiribl\u0259r. Onlar ba\u015f ver\u0259n hadis\u0259 il\u0259 ba\u011fl\u0131 Birinci vitse-prezident Mehriban \u018fliyevaya v\u0259 Ombudsmana r\u0259smi m\u00fcraci\u0259t edibl\u0259r.<\/p>\n<p>Qeyd ed\u0259k ki, Kollecin direktoru N\u0259rmin Qaralova sabiq Ba\u015f Prokuroru Zakir Qaralovun qohumu kimi tan\u0131n\u0131r.<\/p>\n<p>Xat\u0131rladaq ki, N. Qaralova bir m\u00fcdd\u0259t \u0259vv\u0259l t\u0259l\u0259b\u0259ni t\u0259hqir etm\u0259si il\u0259 m\u0259tbuat\u0131n g\u00fcnd\u0259min\u0259 g\u0259lmi\u015fdi. \/\/Bakupost.az<\/p>\n","protected":false},"excerpt":{"rendered":"<p>Az\u0259rbaycan D\u00f6vl\u0259t M\u0259d\u0259niyy\u0259t v\u0259 \u0130nc\u0259s\u0259n\u0259t Universitetinin n\u0259zdind\u0259 Humanitar Kollecinin 67 m\u00fc\u0259llimi i\u015fd\u0259n \u00e7\u0131xar\u0131l\u0131b. \u00c7\u0131xar\u0131lan m\u00fc\u0259lliml\u0259rd\u0259n 46-s\u0131 ali t\u0259hsilli m\u00fc\u0259llim, 21 orta ixtisas t\u0259hsilli \u015f\u0259xsl\u0259r, 5-i is\u0259 \u015f\u00f6b\u0259 m\u00fcdirl\u0259ridir. M\u00fc\u0259lliml\u0259rin i\u015fd\u0259n \u00e7\u0131xar\u0131lmas\u0131 il\u0259 ba\u011fl\u0131 \u0259mri Kollecin direktoru N\u0259rmin Qaralova verib. O bird\u0259n-bir\u0259 bu q\u0259d\u0259r m\u00fc\u0259llimi T\u0259hsil naziri Emin \u018fmrullayevin tap\u015f\u0131r\u0131\u011f\u0131 il\u0259 i\u015fd\u0259n \u00e7\u0131xard\u0131\u011f\u0131n\u0131 bildirib. T\u0259hsil Nazirliyin\u0259 \u00fcz tutan m\u00fc\u0259lliml\u0259r\u0259 is\u0259 bel\u0259 bir q\u0259rardan nazirin\u00a0x\u0259b\u0259rinin\u00a0olmad\u0131\u011f\u0131 bildirilib. \u0130\u015fl\u0259rini itir\u0259n m\u00fc\u0259lliml\u0259r bu q\u0259rar\u0131n he\u00e7 bir qanuna s\u00f6yk\u0259nm\u0259diyini, h\u00fcquqlar\u0131n\u0131n pozuldu\u011funu bildiribl\u0259r. Onlar ba\u015f ver\u0259n hadis\u0259 il\u0259 ba\u011fl\u0131 Birinci vitse-prezident Mehriban \u018fliyevaya v\u0259 Ombudsmana r\u0259smi m\u00fcraci\u0259t&hellip;<\/p>\n","protected":false},"author":2,"featured_media":384990,"comment_status":"closed","ping_status":"closed","sticky":false,"template":"","format":"standard","meta":{"om_disable_all_campaigns":false,"_monsterinsights_skip_tracking":false,"_monsterinsights_sitenote_active":false,"_monsterinsights_sitenote_note":"","_monsterinsights_sitenote_category":0},"categories":[26],"tags":[],"aioseo_notices":[],"gutentor_comment":0,"rttpg_featured_image_url":{"full":["https:\/\/arantv.az\/wp-content\/uploads\/2021\/10\/baki_21633093099.jpg",649,365,false],"landscape":["https:\/\/arantv.az\/wp-content\/uploads\/2021\/10\/baki_21633093099.jpg",649,365,false],"portraits":["https:\/\/arantv.az\/wp-content\/uploads\/2021\/10\/baki_21633093099.jpg",649,365,false],"thumbnail":["https:\/\/arantv.az\/wp-content\/uploads\/2021\/10\/baki_21633093099-500x280.jpg",500,280,true],"medium":["https:\/\/arantv.az\/wp-content\/uploads\/2021\/10\/baki_21633093099.jpg",649,365,false],"large":["https:\/\/arantv.az\/wp-content\/uploads\/2021\/10\/baki_21633093099.jpg",640,360,false],"1536x1536":["https:\/\/arantv.az\/wp-content\/uploads\/2021\/10\/baki_21633093099.jpg",649,365,false],"2048x2048":["https:\/\/arantv.az\/wp-content\/uploads\/2021\/10\/baki_21633093099.jpg",649,365,false],"post-thumbnail":["https:\/\/arantv.az\/wp-content\/uploads\/2021\/10\/baki_21633093099-240x172.jpg",240,172,true],"advps-thumb-one":["https:\/\/arantv.az\/wp-content\/uploads\/2021\/10\/baki_21633093099.jpg",649,365,false]},"rttpg_author":{"display_name":"V\u00fcsal Rafiqo\u011flu","author_link":"https:\/\/arantv.az\/?author=2"},"rttpg_comment":0,"rttpg_category":"<a href=\"https:\/\/arantv.az\/?cat=26\" rel=\"category\">Sosial<\/a>","rttpg_excerpt":"Az\u0259rbaycan D\u00f6vl\u0259t M\u0259d\u0259niyy\u0259t v\u0259 \u0130nc\u0259s\u0259n\u0259t Universitetinin n\u0259zdind\u0259 Humanitar Kollecinin 67 m\u00fc\u0259llimi i\u015fd\u0259n \u00e7\u0131xar\u0131l\u0131b. \u00c7\u0131xar\u0131lan m\u00fc\u0259lliml\u0259rd\u0259n 46-s\u0131 ali t\u0259hsilli m\u00fc\u0259llim, 21 orta ixtisas t\u0259hsilli \u015f\u0259xsl\u0259r, 5-i is\u0259 \u015f\u00f6b\u0259 m\u00fcdirl\u0259ridir. M\u00fc\u0259lliml\u0259rin i\u015fd\u0259n \u00e7\u0131xar\u0131lmas\u0131 il\u0259 ba\u011fl\u0131 \u0259mri Kollecin direktoru N\u0259rmin Qaralova verib. O bird\u0259n-bir\u0259 bu q\u0259d\u0259r m\u00fc\u0259llimi T\u0259hsil naziri Emin \u018fmrullayevin tap\u015f\u0131r\u0131\u011f\u0131 il\u0259 i\u015fd\u0259n \u00e7\u0131xard\u0131\u011f\u0131n\u0131 bildirib. T\u0259hsil Nazirliyin\u0259&hellip;","_links":{"self":[{"href":"https:\/\/arantv.az\/index.php?rest_route=\/wp\/v2\/posts\/384989"}],"collection":[{"href":"https:\/\/arantv.az\/index.php?rest_route=\/wp\/v2\/posts"}],"about":[{"href":"https:\/\/arantv.az\/index.php?rest_route=\/wp\/v2\/types\/post"}],"author":[{"embeddable":true,"href":"https:\/\/arantv.az\/index.php?rest_route=\/wp\/v2\/users\/2"}],"replies":[{"embeddable":true,"href":"https:\/\/arantv.az\/index.php?rest_route=%2Fwp%2Fv2%2Fcomments&post=384989"}],"version-history":[{"count":0,"href":"https:\/\/arantv.az\/index.php?rest_route=\/wp\/v2\/posts\/384989\/revisions"}],"wp:featuredmedia":[{"embeddable":true,"href":"https:\/\/arantv.az\/index.php?rest_route=\/wp\/v2\/media\/384990"}],"wp:attachment":[{"href":"https:\/\/arantv.az\/index.php?rest_route=%2Fwp%2Fv2%2Fmedia&parent=384989"}],"wp:term":[{"taxonomy":"category","embeddable":true,"href":"https:\/\/arantv.az\/index.php?rest_route=%2Fwp%2Fv2%2Fcategories&post=384989"},{"taxonomy":"post_tag","embeddable":true,"href":"https:\/\/arantv.az\/index.php?rest_route=%2Fwp%2Fv2%2Ftags&post=384989"}],"curies":[{"name":"wp","href":"https:\/\/api.w.org\/{rel}","templated":true}]}}