{"id":384999,"date":"2021-10-01T19:24:30","date_gmt":"2021-10-01T16:24:30","guid":{"rendered":"http:\/\/arantv.az\/?p=384999"},"modified":"2021-10-01T19:24:30","modified_gmt":"2021-10-01T16:24:30","slug":"mixail-saakasvili-gurcustanin-huquq-muhafiz%c9%99-orqanlari-t%c9%99r%c9%99find%c9%99n-saxlanilib","status":"publish","type":"post","link":"https:\/\/arantv.az\/?p=384999","title":{"rendered":"Mixail Saaka\u015fvili G\u00fcrc\u00fcstan\u0131n h\u00fcquq-m\u00fchafiz\u0259 orqanlar\u0131 t\u0259r\u0259find\u0259n saxlan\u0131l\u0131b"},"content":{"rendered":"<p>Batumi \u015f\u0259h\u0259rind\u0259 oldu\u011fu iddia edil\u0259n G\u00fcrc\u00fcstan\u0131n ke\u00e7mi\u015f prezidenti Mixail Saaka\u015fvili saxlan\u0131l\u0131b.<\/p>\n<p>Bu bar\u0259d\u0259 G\u00fcrc\u00fcstan\u0131n Ba\u015f naziri \u0130rakli Qariba\u015fvili x\u00fcsusi birifinqd\u0259 m\u0259lumat verib.<\/p>\n<div id=\"AdviadNativeVideo0\" class=\"AdviadNativeVideo\"><\/div>\n<p>Ba\u015f nazir bildirib ki, G\u00fcrc\u00fcstan\u0131n h\u00fcquq-m\u00fchafiz\u0259 orqanlar\u0131 sabiq prezidentin h\u0259r\u0259k\u0259ti bar\u0259d\u0259 \u00f6nc\u0259d\u0259n m\u0259lumatl\u0131 olub v\u0259 bu proses tam n\u0259zar\u0259td\u0259 saxlan\u0131l\u0131b.<\/p>\n<p>\u0130. Qariba\u015fvili G\u00fcrc\u00fcstan\u0131n daxili i\u015fl\u0259r nazirinin v\u0259 G\u00fcrc\u00fcstan\u0131n d\u00f6vl\u0259t t\u0259hl\u00fck\u0259sizliyi xidm\u0259tinin r\u0259hb\u0259rl\u0259rin\u0259 minn\u0259tdarl\u0131\u011f\u0131n\u0131 ifad\u0259 edib.<\/p>\n<p>M\u0259nb\u0259:\u00a0\u201cEkhokavkaza\u201d<\/p>\n","protected":false},"excerpt":{"rendered":"<p>Batumi \u015f\u0259h\u0259rind\u0259 oldu\u011fu iddia edil\u0259n G\u00fcrc\u00fcstan\u0131n ke\u00e7mi\u015f prezidenti Mixail Saaka\u015fvili saxlan\u0131l\u0131b. Bu bar\u0259d\u0259 G\u00fcrc\u00fcstan\u0131n Ba\u015f naziri \u0130rakli Qariba\u015fvili x\u00fcsusi birifinqd\u0259 m\u0259lumat verib. Ba\u015f nazir bildirib ki, G\u00fcrc\u00fcstan\u0131n h\u00fcquq-m\u00fchafiz\u0259 orqanlar\u0131 sabiq prezidentin h\u0259r\u0259k\u0259ti bar\u0259d\u0259 \u00f6nc\u0259d\u0259n m\u0259lumatl\u0131 olub v\u0259 bu proses tam n\u0259zar\u0259td\u0259 saxlan\u0131l\u0131b. \u0130. Qariba\u015fvili G\u00fcrc\u00fcstan\u0131n daxili i\u015fl\u0259r nazirinin v\u0259 G\u00fcrc\u00fcstan\u0131n d\u00f6vl\u0259t t\u0259hl\u00fck\u0259sizliyi xidm\u0259tinin r\u0259hb\u0259rl\u0259rin\u0259 minn\u0259tdarl\u0131\u011f\u0131n\u0131 ifad\u0259 edib. M\u0259nb\u0259:\u00a0\u201cEkhokavkaza\u201d<\/p>\n","protected":false},"author":2,"featured_media":385000,"comment_status":"closed","ping_status":"closed","sticky":false,"template":"","format":"standard","meta":{"om_disable_all_campaigns":false,"_monsterinsights_skip_tracking":false,"_monsterinsights_sitenote_active":false,"_monsterinsights_sitenote_note":"","_monsterinsights_sitenote_category":0},"categories":[7],"tags":[],"aioseo_notices":[],"gutentor_comment":0,"rttpg_featured_image_url":{"full":["https:\/\/arantv.az\/wp-content\/uploads\/2021\/10\/FotoJet-35.jpg",620,413,false],"landscape":["https:\/\/arantv.az\/wp-content\/uploads\/2021\/10\/FotoJet-35.jpg",620,413,false],"portraits":["https:\/\/arantv.az\/wp-content\/uploads\/2021\/10\/FotoJet-35.jpg",620,413,false],"thumbnail":["https:\/\/arantv.az\/wp-content\/uploads\/2021\/10\/FotoJet-35-500x280.jpg",500,280,true],"medium":["https:\/\/arantv.az\/wp-content\/uploads\/2021\/10\/FotoJet-35-548x365.jpg",548,365,true],"large":["https:\/\/arantv.az\/wp-content\/uploads\/2021\/10\/FotoJet-35.jpg",620,413,false],"1536x1536":["https:\/\/arantv.az\/wp-content\/uploads\/2021\/10\/FotoJet-35.jpg",620,413,false],"2048x2048":["https:\/\/arantv.az\/wp-content\/uploads\/2021\/10\/FotoJet-35.jpg",620,413,false],"post-thumbnail":["https:\/\/arantv.az\/wp-content\/uploads\/2021\/10\/FotoJet-35-240x172.jpg",240,172,true],"advps-thumb-one":["https:\/\/arantv.az\/wp-content\/uploads\/2021\/10\/FotoJet-35.jpg",620,413,false]},"rttpg_author":{"display_name":"V\u00fcsal Rafiqo\u011flu","author_link":"https:\/\/arantv.az\/?author=2"},"rttpg_comment":0,"rttpg_category":"<a href=\"https:\/\/arantv.az\/?cat=7\" rel=\"category\">D\u00fcnya<\/a>","rttpg_excerpt":"Batumi \u015f\u0259h\u0259rind\u0259 oldu\u011fu iddia edil\u0259n G\u00fcrc\u00fcstan\u0131n ke\u00e7mi\u015f prezidenti Mixail Saaka\u015fvili saxlan\u0131l\u0131b. Bu bar\u0259d\u0259 G\u00fcrc\u00fcstan\u0131n Ba\u015f naziri \u0130rakli Qariba\u015fvili x\u00fcsusi birifinqd\u0259 m\u0259lumat verib. Ba\u015f nazir bildirib ki, G\u00fcrc\u00fcstan\u0131n h\u00fcquq-m\u00fchafiz\u0259 orqanlar\u0131 sabiq prezidentin h\u0259r\u0259k\u0259ti bar\u0259d\u0259 \u00f6nc\u0259d\u0259n m\u0259lumatl\u0131 olub v\u0259 bu proses tam n\u0259zar\u0259td\u0259 saxlan\u0131l\u0131b. \u0130. Qariba\u015fvili G\u00fcrc\u00fcstan\u0131n daxili i\u015fl\u0259r nazirinin v\u0259 G\u00fcrc\u00fcstan\u0131n d\u00f6vl\u0259t t\u0259hl\u00fck\u0259sizliyi xidm\u0259tinin r\u0259hb\u0259rl\u0259rin\u0259 minn\u0259tdarl\u0131\u011f\u0131n\u0131&hellip;","_links":{"self":[{"href":"https:\/\/arantv.az\/index.php?rest_route=\/wp\/v2\/posts\/384999"}],"collection":[{"href":"https:\/\/arantv.az\/index.php?rest_route=\/wp\/v2\/posts"}],"about":[{"href":"https:\/\/arantv.az\/index.php?rest_route=\/wp\/v2\/types\/post"}],"author":[{"embeddable":true,"href":"https:\/\/arantv.az\/index.php?rest_route=\/wp\/v2\/users\/2"}],"replies":[{"embeddable":true,"href":"https:\/\/arantv.az\/index.php?rest_route=%2Fwp%2Fv2%2Fcomments&post=384999"}],"version-history":[{"count":0,"href":"https:\/\/arantv.az\/index.php?rest_route=\/wp\/v2\/posts\/384999\/revisions"}],"wp:featuredmedia":[{"embeddable":true,"href":"https:\/\/arantv.az\/index.php?rest_route=\/wp\/v2\/media\/385000"}],"wp:attachment":[{"href":"https:\/\/arantv.az\/index.php?rest_route=%2Fwp%2Fv2%2Fmedia&parent=384999"}],"wp:term":[{"taxonomy":"category","embeddable":true,"href":"https:\/\/arantv.az\/index.php?rest_route=%2Fwp%2Fv2%2Fcategories&post=384999"},{"taxonomy":"post_tag","embeddable":true,"href":"https:\/\/arantv.az\/index.php?rest_route=%2Fwp%2Fv2%2Ftags&post=384999"}],"curies":[{"name":"wp","href":"https:\/\/api.w.org\/{rel}","templated":true}]}}